{"id":6071,"date":"2014-12-31T14:19:33","date_gmt":"2014-12-31T13:19:33","guid":{"rendered":"http:\/\/vozcomoarma.noblogs.org\/?p=6071"},"modified":"2014-12-31T14:19:48","modified_gmt":"2014-12-31T13:19:48","slug":"grecia-nikos-maziotis-trasladado-a-la-prision-de-domokos","status":"publish","type":"post","link":"https:\/\/vozcomoarma.noblogs.org\/?p=6071","title":{"rendered":"Grecia &#8211; Nikos Maziotis trasladado a la prisi\u00f3n de Domokos"},"content":{"rendered":"<div class=\"post-bodycopy clearfix\">\n<p style=\"text-align: justify\">Una noticia publicada en <a href=\"http:\/\/es.contrainfo.espiv.net\/2014\/12\/30\/grecia-trasladan-al-compa-nikos-maziotis-a-las-prisiones-de-maxima-seguridad-de-domokos\/\">Contra Info<\/a> informa de que el compa Nikos Maziotis, preso miembro de la guerrilla urbana Lucha Revolucionaria, fue trasladado ayer, 30 de diciembre, a la c\u00e1rcel de Domokos, desde la prisi\u00f3n de Diavata donde se encontraba encerrado. As\u00ed, Nikos Maziotis se convierte en el primer compa preso que es enviado a las infames c\u00e1rceles de tipo C (reci\u00e9n estrenadas por el Estado griego y mucho m\u00e1s restrictivas) y estar\u00eda solo en su m\u00f3dulo.<\/p>\n<p style=\"text-align: justify\">Sin embargo, seg\u00fan la Asamblea Solidaria con lxs Presxs Pol\u00edticxs y lxs Luchadorxs Encarceladxs y Perseguidxs, la moral del compa sigue alta.<\/p>\n<p style=\"text-align: justify\">\u00a1Fuerza al guerrillero urbano Nikos Maziotis!<br \/>\n\u00a1Abajo los muros de las prisiones!<\/p>\n<\/div>\n","protected":false},"excerpt":{"rendered":"<p>Una noticia publicada en Contra Info informa de que el compa Nikos Maziotis, preso miembro de la guerrilla urbana Lucha Revolucionaria, fue trasladado ayer, 30 de diciembre, a la c\u00e1rcel de Domokos, desde la prisi\u00f3n de Diavata donde se encontraba &hellip; <a href=\"https:\/\/vozcomoarma.noblogs.org\/?p=6071\">Sigue leyendo <span class=\"meta-nav\">&rarr;<\/span><\/a><\/p>\n","protected":false},"author":7045,"featured_media":0,"comment_status":"closed","ping_status":"open","sticky":false,"template":"","format":"standard","meta":{"footnotes":""},"categories":[184,61,9,7],"tags":[17,15,19,71],"class_list":["post-6071","post","type-post","status-publish","format-standard","hentry","category-nikos-maziotis","category-noticias","category-noticias-y-comunicados","category-presxs","tag-carcel","tag-grecia","tag-represion","tag-tortura"],"_links":{"self":[{"href":"https:\/\/vozcomoarma.noblogs.org\/index.php?rest_route=\/wp\/v2\/posts\/6071","targetHints":{"allow":["GET"]}}],"collection":[{"href":"https:\/\/vozcomoarma.noblogs.org\/index.php?rest_route=\/wp\/v2\/posts"}],"about":[{"href":"https:\/\/vozcomoarma.noblogs.org\/index.php?rest_route=\/wp\/v2\/types\/post"}],"author":[{"embeddable":true,"href":"https:\/\/vozcomoarma.noblogs.org\/index.php?rest_route=\/wp\/v2\/users\/7045"}],"replies":[{"embeddable":true,"href":"https:\/\/vozcomoarma.noblogs.org\/index.php?rest_route=%2Fwp%2Fv2%2Fcomments&post=6071"}],"version-history":[{"count":1,"href":"https:\/\/vozcomoarma.noblogs.org\/index.php?rest_route=\/wp\/v2\/posts\/6071\/revisions"}],"predecessor-version":[{"id":6072,"href":"https:\/\/vozcomoarma.noblogs.org\/index.php?rest_route=\/wp\/v2\/posts\/6071\/revisions\/6072"}],"wp:attachment":[{"href":"https:\/\/vozcomoarma.noblogs.org\/index.php?rest_route=%2Fwp%2Fv2%2Fmedia&parent=6071"}],"wp:term":[{"taxonomy":"category","embeddable":true,"href":"https:\/\/vozcomoarma.noblogs.org\/index.php?rest_route=%2Fwp%2Fv2%2Fcategories&post=6071"},{"taxonomy":"post_tag","embeddable":true,"href":"https:\/\/vozcomoarma.noblogs.org\/index.php?rest_route=%2Fwp%2Fv2%2Ftags&post=6071"}],"curies":[{"name":"wp","href":"https:\/\/api.w.org\/{rel}","templated":true}]}}