{"id":6073,"date":"2014-12-31T14:29:10","date_gmt":"2014-12-31T13:29:10","guid":{"rendered":"http:\/\/vozcomoarma.noblogs.org\/?p=6073"},"modified":"2014-12-31T14:29:33","modified_gmt":"2014-12-31T13:29:33","slug":"fanzine-editado-en-formato-fanzine-el-texto-quien-dijo-que-el-holocausto-habia-terminado","status":"publish","type":"post","link":"https:\/\/vozcomoarma.noblogs.org\/?p=6073","title":{"rendered":"[Fanzine] Editado en formato fanzine el texto \u00ab\u00bfQui\u00e9n dijo que el holocausto hab\u00eda terminado?\u00bb"},"content":{"rendered":"<p style=\"text-align: justify\">La Distribuidora Anarquista Polaris acaba de editar en formato fanzine el texto publicado en este blog bajo el t\u00edtulo \u00ab\u00bfQui\u00e9n dijo que el holocausto hab\u00eda terminado?\u00bb, y que reflexiona sobre las conexiones entre los m\u00e9todos empleados por la maquinaria genocida nazi y los utilizados por las industrias de explotaci\u00f3n animal, buscando nexos que ayuden a ver todas las opresiones como una sola, la Dominaci\u00f3n, que sea en forma de racismo, especismo, sexismo u otra cualquiera, es igual de repulsiva y merece el mismo desprecio.<\/p>\n<p style=\"text-align: justify\">Dejo a continuaci\u00f3n la introducci\u00f3n del fanzine y los enlaces al mismo.<\/p>\n<p style=\"text-align: justify\">Para ver el blog de la distri, <a href=\"https:\/\/distripolaris.noblogs.org\/\">aqu\u00ed<\/a> (versi\u00f3n en galego) o <a href=\"https:\/\/distripolarises.noblogs.org\/\">aqu\u00ed<\/a> (versi\u00f3n en castellano).<\/p>\n<p style=\"text-align: justify\">&#8212;&#8212;&#8212;&#8212;&#8212;&#8212;&#8212;&#8212;&#8211;<\/p>\n<p style=\"text-align: justify\"><em>El empe\u00f1o de la industria de la explotaci\u00f3n animal por ocultar la realidad y procurarse un maquillaje \u201c\u00e9tico\u201d mediante campa\u00f1as publicitarias cargadas de falacias y mentiras no es casual. Responde a una necesidad evidente: La de mantener a la opini\u00f3n p\u00fablica alejada de lo que ocurre realmente tras los muros de las granjas, los criaderos, los laboratorios, los mataderos etc. para as\u00ed evitar que lxs consumidorxs se planteen las consecuencias que sus h\u00e1bitos de consumo tienen para millones de animales cada d\u00eda, y compren m\u00e1s y m\u00e1s alienadxs por completo de los procesos necesarios para fabricar esos productos.<\/em><\/p>\n<p style=\"text-align: justify\"><em>Con este texto no s\u00f3lo pretendemos poner al descubierto la conexi\u00f3n existente entre los m\u00e9todos empleados por la industria de la explotaci\u00f3n animal y los utilizados por la maquinaria nazi para el exterminio de lxs que consideraban sus \u201cenemigxs pol\u00edticxs\u201d, sino tambi\u00e9n llevar a lxs lectorxs a pensar en si el Racismo y el Especismo (t\u00e9rmino que hace referencia a la discriminaci\u00f3n arbitraria de los intereses y necesidades de un grupo de individuxs por pertenecer a otra especie) son realmente tan diferentes, o si por el contrario parten de unas mismas bases.<\/em><\/p>\n<p style=\"text-align: justify\"><em>Nuestro objetivo con \u00e9sto no es faltar al respeto a las v\u00edctimas del holocausto nazi ni restar gravedad a sus padecimientos. Por el contrario, si tomamos tan vergonzoso episodio de la historia contempor\u00e1nea como referencia, es precisamente porque somos conscientes de la barbaridad que supusieron, y nuestra meta no es negar esa verdad, sino intentar que, desde ella, se cuestione tambi\u00e9n otro holocausto que tiene lugar diariamente y que se asume como necesario sin siquiera plantearse el por qu\u00e9.<\/em><\/p>\n<p style=\"text-align: justify\"><em>Para descargar y\/o leer online el fanzine:<\/em><\/p>\n<p><em>&#8211; <a href=\"https:\/\/distripolarises.noblogs.org\/files\/2014\/12\/Portadas.pdf\">Portada<\/a><\/em><br \/>\n<em>&#8211; <a href=\"https:\/\/distripolarises.noblogs.org\/files\/2014\/12\/Corpo.pdf\">Cuerpo<\/a><\/em><\/p>\n<p><a href=\"https:\/\/vozcomoarma.noblogs.org\/files\/2014\/12\/Dibujo.jpg\"><img loading=\"lazy\" decoding=\"async\" class=\"aligncenter size-full wp-image-6074\" src=\"https:\/\/vozcomoarma.noblogs.org\/files\/2014\/12\/Dibujo.jpg\" alt=\"Dibujo\" width=\"424\" height=\"595\" srcset=\"https:\/\/vozcomoarma.noblogs.org\/files\/2014\/12\/Dibujo.jpg 424w, https:\/\/vozcomoarma.noblogs.org\/files\/2014\/12\/Dibujo-213x300.jpg 213w\" sizes=\"auto, (max-width: 424px) 100vw, 424px\" \/><\/a><\/p>\n","protected":false},"excerpt":{"rendered":"<p>La Distribuidora Anarquista Polaris acaba de editar en formato fanzine el texto publicado en este blog bajo el t\u00edtulo \u00ab\u00bfQui\u00e9n dijo que el holocausto hab\u00eda terminado?\u00bb, y que reflexiona sobre las conexiones entre los m\u00e9todos empleados por la maquinaria genocida &hellip; <a href=\"https:\/\/vozcomoarma.noblogs.org\/?p=6073\">Sigue leyendo <span class=\"meta-nav\">&rarr;<\/span><\/a><\/p>\n","protected":false},"author":7045,"featured_media":0,"comment_status":"closed","ping_status":"open","sticky":false,"template":"","format":"standard","meta":{"footnotes":""},"categories":[60,61,9,4,20],"tags":[39,34,24,19,71],"class_list":["post-6073","post","type-post","status-publish","format-standard","hentry","category-fanzines-y-revistas","category-noticias","category-noticias-y-comunicados","category-publicaciones","category-textos","tag-anti-especismo","tag-racismo","tag-reflexion","tag-represion","tag-tortura"],"_links":{"self":[{"href":"https:\/\/vozcomoarma.noblogs.org\/index.php?rest_route=\/wp\/v2\/posts\/6073","targetHints":{"allow":["GET"]}}],"collection":[{"href":"https:\/\/vozcomoarma.noblogs.org\/index.php?rest_route=\/wp\/v2\/posts"}],"about":[{"href":"https:\/\/vozcomoarma.noblogs.org\/index.php?rest_route=\/wp\/v2\/types\/post"}],"author":[{"embeddable":true,"href":"https:\/\/vozcomoarma.noblogs.org\/index.php?rest_route=\/wp\/v2\/users\/7045"}],"replies":[{"embeddable":true,"href":"https:\/\/vozcomoarma.noblogs.org\/index.php?rest_route=%2Fwp%2Fv2%2Fcomments&post=6073"}],"version-history":[{"count":1,"href":"https:\/\/vozcomoarma.noblogs.org\/index.php?rest_route=\/wp\/v2\/posts\/6073\/revisions"}],"predecessor-version":[{"id":6075,"href":"https:\/\/vozcomoarma.noblogs.org\/index.php?rest_route=\/wp\/v2\/posts\/6073\/revisions\/6075"}],"wp:attachment":[{"href":"https:\/\/vozcomoarma.noblogs.org\/index.php?rest_route=%2Fwp%2Fv2%2Fmedia&parent=6073"}],"wp:term":[{"taxonomy":"category","embeddable":true,"href":"https:\/\/vozcomoarma.noblogs.org\/index.php?rest_route=%2Fwp%2Fv2%2Fcategories&post=6073"},{"taxonomy":"post_tag","embeddable":true,"href":"https:\/\/vozcomoarma.noblogs.org\/index.php?rest_route=%2Fwp%2Fv2%2Ftags&post=6073"}],"curies":[{"name":"wp","href":"https:\/\/api.w.org\/{rel}","templated":true}]}}