{"id":6222,"date":"2015-01-19T20:52:02","date_gmt":"2015-01-19T19:52:02","guid":{"rendered":"http:\/\/vozcomoarma.noblogs.org\/?p=6222"},"modified":"2015-01-19T20:52:43","modified_gmt":"2015-01-19T19:52:43","slug":"6222","status":"publish","type":"post","link":"https:\/\/vozcomoarma.noblogs.org\/?p=6222","title":{"rendered":"Grecia &#8211; Incendiado coche de empresa de seguridad en Tesal\u00f3nica"},"content":{"rendered":"<p style=\"text-align: justify\">El jueves, 8 al 9 de enero del 2015, incendiamos un veh\u00edculo de la empresa privada de seguridad K2 Security en el barrio de Triandria de Tesal\u00f3nica.<\/p>\n<p style=\"text-align: justify\">Recojo de <a href=\"http:\/\/es.contrainfo.espiv.net\/2015\/01\/16\/grecia-incendiado-vehiculo-de-empresa-de-seguridad-en-tesalonica\/\">Contra Info<\/a> el siguiente comunicado, que reivindica el incendio de un coche de una empresa de seguridad privada, en solidaridad con lxs compa\u00f1erxs presxs en las c\u00e1rceles de tipo C (m\u00e1xima seguridad) y en contra de los traslados:<\/p>\n<p style=\"text-align: justify\">&#8212;&#8212;&#8212;&#8212;&#8212;&#8212;&#8212;&#8212;<\/p>\n<p style=\"text-align: justify\"><em>El mes pasado ha comenzado el funcionamiento de las prisiones de tipo C. Con las condiciones de detenci\u00f3n especiales el Estado busca doblegar a lxs presxs pol\u00edticxs y aquellxs presxs que luchan o lxs que se consideran peligrosxs para el funcionamiento normal de las c\u00e1rceles. Adem\u00e1s, esta es una tentativa de ejemplificar e intimidar a lxs que luchan desde fuera de los muros, con el objetivo de debilitar o, incluso, erradicar cualquier lucha social que amenace el funcionamiento normal del r\u00e9gimen.<\/em><\/p>\n<p style=\"text-align: justify\"><em>Por supuesto, el aumento del tiempo de detenci\u00f3n y el aislamiento en las celdas especiales de la democracia no es algo separado de las condiciones agudizadas de represi\u00f3n en los espacios laborales, la extensi\u00f3n de la destrucci\u00f3n de la naturaleza en favor de los beneficios, y la evoluci\u00f3n y avance continuo de la represi\u00f3n en las relaciones sociales. La construcci\u00f3n de una prisi\u00f3n dentro de la prisi\u00f3n forma parte del ataque intensificado que el Estado y el Capital han desatado contra lxs de abajo.<\/em><\/p>\n<p style=\"text-align: justify\"><em>Un ataque que no se frenar\u00e1 si no levantamos barricadas, si no dejamos de poner nuestras esperanzas en las urnas y los salvadores, si no tomamos las riendas de nuestras vidas y nuestras luchas.<\/em><\/p>\n<p style=\"text-align: justify\"><em>Difundamos los fuegos por toda Grecia, como muestra de lucha com\u00fan con lxs revolucionarixs presxs\u2026<\/em><\/p>\n<p style=\"text-align: justify\"><a href=\"https:\/\/vozcomoarma.noblogs.org\/files\/2015\/01\/fotos2.png\"><img loading=\"lazy\" decoding=\"async\" class=\"aligncenter size-full wp-image-6223\" src=\"https:\/\/vozcomoarma.noblogs.org\/files\/2015\/01\/fotos2.png\" alt=\"Mickey Mouse fuego \" width=\"600\" height=\"364\" srcset=\"https:\/\/vozcomoarma.noblogs.org\/files\/2015\/01\/fotos2.png 600w, https:\/\/vozcomoarma.noblogs.org\/files\/2015\/01\/fotos2-300x182.png 300w\" sizes=\"auto, (max-width: 600px) 100vw, 600px\" \/><\/a><\/p>\n","protected":false},"excerpt":{"rendered":"<p>El jueves, 8 al 9 de enero del 2015, incendiamos un veh\u00edculo de la empresa privada de seguridad K2 Security en el barrio de Triandria de Tesal\u00f3nica. Recojo de Contra Info el siguiente comunicado, que reivindica el incendio de un &hellip; <a href=\"https:\/\/vozcomoarma.noblogs.org\/?p=6222\">Sigue leyendo <span class=\"meta-nav\">&rarr;<\/span><\/a><\/p>\n","protected":false},"author":7045,"featured_media":0,"comment_status":"closed","ping_status":"open","sticky":false,"template":"","format":"standard","meta":{"footnotes":""},"categories":[58,61,9,7],"tags":[17,15,16,26,24,19,10,11,71],"class_list":["post-6222","post","type-post","status-publish","format-standard","hentry","category-acciones","category-noticias","category-noticias-y-comunicados","category-presxs","tag-carcel","tag-grecia","tag-guerra-social","tag-insurreccionalismo","tag-reflexion","tag-represion","tag-sabotaje","tag-solidaridad","tag-tortura"],"_links":{"self":[{"href":"https:\/\/vozcomoarma.noblogs.org\/index.php?rest_route=\/wp\/v2\/posts\/6222","targetHints":{"allow":["GET"]}}],"collection":[{"href":"https:\/\/vozcomoarma.noblogs.org\/index.php?rest_route=\/wp\/v2\/posts"}],"about":[{"href":"https:\/\/vozcomoarma.noblogs.org\/index.php?rest_route=\/wp\/v2\/types\/post"}],"author":[{"embeddable":true,"href":"https:\/\/vozcomoarma.noblogs.org\/index.php?rest_route=\/wp\/v2\/users\/7045"}],"replies":[{"embeddable":true,"href":"https:\/\/vozcomoarma.noblogs.org\/index.php?rest_route=%2Fwp%2Fv2%2Fcomments&post=6222"}],"version-history":[{"count":2,"href":"https:\/\/vozcomoarma.noblogs.org\/index.php?rest_route=\/wp\/v2\/posts\/6222\/revisions"}],"predecessor-version":[{"id":6225,"href":"https:\/\/vozcomoarma.noblogs.org\/index.php?rest_route=\/wp\/v2\/posts\/6222\/revisions\/6225"}],"wp:attachment":[{"href":"https:\/\/vozcomoarma.noblogs.org\/index.php?rest_route=%2Fwp%2Fv2%2Fmedia&parent=6222"}],"wp:term":[{"taxonomy":"category","embeddable":true,"href":"https:\/\/vozcomoarma.noblogs.org\/index.php?rest_route=%2Fwp%2Fv2%2Fcategories&post=6222"},{"taxonomy":"post_tag","embeddable":true,"href":"https:\/\/vozcomoarma.noblogs.org\/index.php?rest_route=%2Fwp%2Fv2%2Ftags&post=6222"}],"curies":[{"name":"wp","href":"https:\/\/api.w.org\/{rel}","templated":true}]}}