{"id":6381,"date":"2015-01-31T13:46:17","date_gmt":"2015-01-31T12:46:17","guid":{"rendered":"http:\/\/vozcomoarma.noblogs.org\/?p=6381"},"modified":"2015-01-31T13:46:56","modified_gmt":"2015-01-31T12:46:56","slug":"los-mossos-desquadra-son-nuevamente-filmados-apaleando-a-un-vecino-en-barcelona","status":"publish","type":"post","link":"https:\/\/vozcomoarma.noblogs.org\/?p=6381","title":{"rendered":"Los Mossos d&#8217;Esquadra son nuevamente filmados apaleando a un vecino en Barcelona"},"content":{"rendered":"<p style=\"text-align: justify\">En un momento clave, en el que el Caso 4-F vuelve a estar en primera l\u00ednea de actualidad devolviendo a la opini\u00f3n p\u00fablica la cuesti\u00f3n de las torturas policiales en el Estado espa\u00f1ol, y ahora que otro caso se destapaba recientemente involucrando otra vez a agentes de la Guardia Urbana, los Mossos d&#8217; Esquadra, por lo visto, han querido lucirse tambi\u00e9n, con un nuevo ejemplo de su \u00abdiplomacia\u00bb, esa con la que juran \u00abservir y proteger\u00bb a aquellas personas a las que pegan, maltratan, increpan, amenazan y, en ocasiones, matan o encierran durante a\u00f1os, porque cometen el \u00abtremendo error\u00bb de rechistar ante sus abusos.<\/p>\n<p style=\"text-align: justify\">Recojo del blog de lxs compas de<a href=\"https:\/\/abordaxe.wordpress.com\/2015\/01\/31\/barcelona-mais-terrorismo-policial-quatro-mossos-desquadra-malham-num-jovem-que-lhes-reclamou-os-seus-numeros-de-placa\/\"> Abordaxe!<\/a>\u00a0el siguiente v\u00eddeo, captado por un vecino del parque de Pou de la Figuera, en Barcelona, donde se ve c\u00f3mo cuatro agentes de los Mossos d&#8217; Esquadra, de la unidad \u00a0de Seguridad Ciudadana de la comisar\u00eda de Ciutat Vella, pegan una brutal paliza a un hombre porque les exige el n\u00famero de placa. Menos mal que velan por la \u00abSeguridad Ciudadana\u00bb&#8230; \u00bfOs imagin\u00e1is c\u00f3mo actuar\u00edan si su objetivo llega a ser la Inseguridad Ciudadana? \u00a1Vaya peligro!<\/p>\n<p style=\"text-align: justify\">Tras el v\u00eddeo, a\u00f1ado tambi\u00e9n un art\u00edculo tomado del semanario alternativo <a href=\"https:\/\/directa.cat\/quatre-mossos-desquadra-apallissen-un-noi-que-reclamava-numero-de-placa\">La Directa<\/a>, acerca de estos mismos hechos, y que arroja m\u00e1s luz sobre lo ocurrido (art\u00edculo tomado por m\u00ed de <a href=\"https:\/\/abordaxe.wordpress.com\/2015\/01\/31\/barcelona-mais-terrorismo-policial-quatro-mossos-desquadra-malham-num-jovem-que-lhes-reclamou-os-seus-numeros-de-placa\/\">Abordaxe!<\/a> y traducido desde el galego). Antes de dar paso al material, quisiera no obstante acabar destacando varios detalles, a ra\u00edz de algunas de las hilarantes declaraciones surgidas desde distintos organismos y ap\u00e9ndices estatales.<\/p>\n<p style=\"text-align: justify\">En primer lugar, que tras la emisi\u00f3n del v\u00eddeo que ver\u00e9is a continuaci\u00f3n, el as\u00ed llamado \u00abvaledor del pueblo\u00bb dijo que abrir\u00e1 una actuaci\u00f3n de oficio para determinar el PRESUNTO uso desproporcionado de la fuerza por los agentes. Tiene tela que den presunci\u00f3n de inocencia al abuso policial en este caso cuando el v\u00eddeo pone m\u00e1s que de relieve la evidencia de los hechos.<\/p>\n<p style=\"text-align: justify\">En segundo lugar, que Albert Batlle, director general de la polic\u00eda catalana, destacase un presunto robo a manos del joven torturado, como excusa pat\u00e9tica para intentar justificar lo injustificable, al no poder continuar omitiendo o negando los hechos tras hacerse p\u00fablico el v\u00eddeo. \u00bfPara qu\u00e9 revisar los actos delictivos de tus propios mercenarios cuando puedes desviar la atenci\u00f3n e insinuar, sin prueba ni indicio alguno de ello, que el Ipad que el joven tendr\u00eda con \u00e9l era robado?<\/p>\n<p style=\"text-align: justify\">En tercer lugar, el hecho de que Albert destacase ante la prensa, alternativa y burguesa, la nacionalidad dominicana del joven agredido, sumando un factor racista y xen\u00f3fobo al asunto. \u00bfImporta acaso que el chaval sea dominicano, japon\u00e9s\u00a0o de las jodidas Islas Seychelles?<\/p>\n<p style=\"text-align: justify\">Como siempre, la prensa corporativa dice que se ha abierto un sumario interno aqu\u00ed, y una actuaci\u00f3n de no s\u00e9 cu\u00e1ntos all\u00e1, y, al final, todo queda en palabras. Los torturadores siguen campando a sus anchas por la calle, armados y con total libertad para pegar, manipular y salir impunes de ello.<\/p>\n<p style=\"text-align: justify\">\u00a1Vosotros sois los terroristas!<br \/>\n\u00a1La polic\u00eda tortura y asesina!<\/p>\n<p style=\"text-align: center\">[vsw id=\u00bbjx7Srd-aEaY\u00bb source=\u00bbyoutube\u00bb width=\u00bb425&#8243; height=\u00bb344&#8243; autoplay=0]<\/p>\n<p style=\"text-align: justify\"><em><strong>Reincidencia en la violencia policial en el distrito de Ciutat Vella de Barcelona<\/strong><\/em><\/p>\n<p style=\"text-align: justify\"><em>Los hechos ocurrieron este mi\u00e9rcoles 28 a las 22:45 de la noche en el parque de Pou de la Figuera, cuando un joven de 20 a\u00f1os era identificado por una pareja de agentes de una patrulla motorizada de Mossos d&#8217;Esquadra adscritos a la unidad de Seguridad Ciudadana. \u00abYo pas\u00e9 por su lado, hac\u00eda diez minutos que el joven estaba retenido, los agentes le pidieron su DNI para identificarlo\u00bb, as\u00ed comienza el relato de un residente en la zona, testigo oral y visual de los hechos, que afirma que estos episodios de identificaci\u00f3n aleatoria son muy comunes y \u00abgeneran malestar entre lxs vecinxs\u00bb. Al poco de finalizar la \u00abfiliaci\u00f3n\u00bb, el joven se dirigi\u00f3 a los agentes para reclamar que le ense\u00f1asen sus n\u00fameros de placa. Los polic\u00edas se niegan y, cuando el joven ya se marchaba, lleg\u00f3 otra pareja de agentes en un coche patrulla, y comenz\u00f3 la agresi\u00f3n.<\/em><\/p>\n<p style=\"text-align: justify\"><em>En aquel momento, de manera muy brusca -tal y como muestran las im\u00e1genes del v\u00eddeo- los cuatro agentes se abalanzan sobre la v\u00edctima agarr\u00e1ndolo por la cabeza y retorci\u00e9ndole el pescuezo, mientras le propinan pu\u00f1etazos y patadas. Diversxs vecinxs de la zona comienzan a gritar \u00ab\u00a1Asesinos, asesinos!\u00bb, \u00ab\u00a1Est\u00e1is siendo grabados, os est\u00e1 grabando todo el barrio!\u00bb, \u00ab\u00a1Hijos de puta!\u00bb, mientras se escuchan los gritos y gemidos del joven. Durante los dos minutos de la grabaci\u00f3n, se ve c\u00f3mo desde los balcones algunxs vecinxs contin\u00faan gritando contra los polic\u00edas y, desde la calle, una chica intenta acercarse a los agentes para recriminarles la desproporcionada acci\u00f3n, pero su compa\u00f1ero la coge del brazo para disuadirla. En la escena aparece una tercera pareja de agentes, y es entonces cuando lo introducen esposado en el coche patrulla.<\/em><\/p>\n<p style=\"text-align: justify\"><em>Todo ello pasa a pocos metros de donde hace nueve a\u00f1os se viviera el grave episodio relatado en el documental Ciutat Morta. De hecho, los agentes actuantes pertenecen a la unidad de seguridad ciudadana de la comisar\u00eda de Ciutat Vella, un subgrupo de la polic\u00eda que se hizo tristemente conocido por la paliza mortal de hasta 11 mossos a Juan Andr\u00e9s Ben\u00edtez<strong> (<a href=\"https:\/\/vozcomoarma.noblogs.org\/?p=6383\">aqu\u00ed<\/a> v\u00eddeo de la paliza y m\u00e1s informaci\u00f3n en este blog)<\/strong>. En la tarde del jueves, 20 horas despu\u00e9s de los hechos, dos vecinxs del parque de Pou de la Figuera consultadxs por La Directa aseguraron que el joven vive en el barrio, tiene 20 a\u00f1os y que no hab\u00edan sabido nada de \u00e9l ni de su estado de salud desde el d\u00eda anterior, \u00absuponemos que aun est\u00e1 detenido\u00bb.<\/em><\/p>\n<p style=\"text-align: justify\"><em>Despu\u00e9s de la emisi\u00f3n de las im\u00e1genes, fuentes oficiales del departamento de interior confirmaban que la divisi\u00f3n de asuntos internos abri\u00f3 una \u00abinformaci\u00f3n reservada\u00bb para comprobar si la actuaci\u00f3n de los agentes fue correcta y, en funci\u00f3n de su an\u00e1lisis, adoptar las \u00abdecisiones oportunas\u00bb. Adem\u00e1s, el valedor del pueblo catal\u00e1n \u00abSindic de Greuges\u00bb abri\u00f3 una actuaci\u00f3n de oficio para investigar el\u00a0\u00abpresunto uso desproporcionado de la fuerza\u00bb.<\/em><\/p>\n<p style=\"text-align: justify\"><em>Seg\u00fan interior, el joven era \u00absospechoso\u00bb de haber \u00abrobado un Ipad\u00bb<\/em><\/p>\n<p style=\"text-align: justify\"><em>Albert Batlle, director general de la polic\u00eda catalana, compareci\u00f3 delante de la prensa y asegur\u00f3 que la detenci\u00f3n del joven fue por el presunto delito de atentado a la autoridad, por resistirse a que le requisaran un Ipad. Seg\u00fan Batlle, \u00abera sospechoso de haber robado el Ipad\u00bb pero <strong>reconoci\u00f3\u00a0que no se le imput\u00f3 este delito<\/strong>. Ante las preguntas de lxs periodistas, Batlle no aclar\u00f3 si el Ipad era del joven, si lo iba a vender o si lo hab\u00eda robado, y dio por posibles las tres versiones. El director general, adem\u00e1s, quiso puntualizar que el joven es de nacionalidad dominicana y tiene 22 a\u00f1os.<\/em><\/p>\n<p style=\"text-align: justify\">\n","protected":false},"excerpt":{"rendered":"<p>En un momento clave, en el que el Caso 4-F vuelve a estar en primera l\u00ednea de actualidad devolviendo a la opini\u00f3n p\u00fablica la cuesti\u00f3n de las torturas policiales en el Estado espa\u00f1ol, y ahora que otro caso se destapaba &hellip; <a href=\"https:\/\/vozcomoarma.noblogs.org\/?p=6381\">Sigue leyendo <span class=\"meta-nav\">&rarr;<\/span><\/a><\/p>\n","protected":false},"author":7045,"featured_media":0,"comment_status":"closed","ping_status":"open","sticky":false,"template":"","format":"standard","meta":{"footnotes":""},"categories":[61,9],"tags":[35,107,48,34,24,19,71],"class_list":["post-6381","post","type-post","status-publish","format-standard","hentry","category-noticias","category-noticias-y-comunicados","tag-asesinato-de-estado","tag-barcelona","tag-cataluna","tag-racismo","tag-reflexion","tag-represion","tag-tortura"],"_links":{"self":[{"href":"https:\/\/vozcomoarma.noblogs.org\/index.php?rest_route=\/wp\/v2\/posts\/6381","targetHints":{"allow":["GET"]}}],"collection":[{"href":"https:\/\/vozcomoarma.noblogs.org\/index.php?rest_route=\/wp\/v2\/posts"}],"about":[{"href":"https:\/\/vozcomoarma.noblogs.org\/index.php?rest_route=\/wp\/v2\/types\/post"}],"author":[{"embeddable":true,"href":"https:\/\/vozcomoarma.noblogs.org\/index.php?rest_route=\/wp\/v2\/users\/7045"}],"replies":[{"embeddable":true,"href":"https:\/\/vozcomoarma.noblogs.org\/index.php?rest_route=%2Fwp%2Fv2%2Fcomments&post=6381"}],"version-history":[{"count":2,"href":"https:\/\/vozcomoarma.noblogs.org\/index.php?rest_route=\/wp\/v2\/posts\/6381\/revisions"}],"predecessor-version":[{"id":6389,"href":"https:\/\/vozcomoarma.noblogs.org\/index.php?rest_route=\/wp\/v2\/posts\/6381\/revisions\/6389"}],"wp:attachment":[{"href":"https:\/\/vozcomoarma.noblogs.org\/index.php?rest_route=%2Fwp%2Fv2%2Fmedia&parent=6381"}],"wp:term":[{"taxonomy":"category","embeddable":true,"href":"https:\/\/vozcomoarma.noblogs.org\/index.php?rest_route=%2Fwp%2Fv2%2Fcategories&post=6381"},{"taxonomy":"post_tag","embeddable":true,"href":"https:\/\/vozcomoarma.noblogs.org\/index.php?rest_route=%2Fwp%2Fv2%2Ftags&post=6381"}],"curies":[{"name":"wp","href":"https:\/\/api.w.org\/{rel}","templated":true}]}}