{"id":6480,"date":"2015-02-10T16:30:43","date_gmt":"2015-02-10T15:30:43","guid":{"rendered":"http:\/\/vozcomoarma.noblogs.org\/?p=6480"},"modified":"2015-02-10T16:31:13","modified_gmt":"2015-02-10T15:31:13","slug":"fanzine","status":"publish","type":"post","link":"https:\/\/vozcomoarma.noblogs.org\/?p=6480","title":{"rendered":"Chile &#8211; [Fanzine] Compilado de textos y escritos del compa\u00f1ero Diego R\u00edos"},"content":{"rendered":"<p style=\"text-align: justify\">Recibo en el correo electr\u00f3nico un mensaje de un\/a compa que env\u00eda adjunto\u00a0el archivo\u00a0de un compilado que ha editado con textos y aportaciones escritas del compa\u00f1ero Diego R\u00edos, quien fue capturado recientemente, tras 5 a\u00f1os de clandestinidad, que asumi\u00f3 dignamente en 2009 al enterarse de que su madre le hab\u00eda vendido a los maderos, cuando \u00e9sta se encontr\u00f3 supuestamente en casa del compa un bolso con p\u00f3lvora y material para fabricar explosivos.<\/p>\n<p style=\"text-align: justify\">Durante 2009, tras declararse pr\u00f3fugo, el compa public\u00f3 3 textos desde paradero desconocido, con sus reflexiones sobre el conflicto y las consecuencias para aquellxs que se atreven a asumirlo en su totalidad. Tras ese periodo, el compa deja de pronunciarse p\u00fablicamente. A partir de ah\u00ed, y hasta ahora, s\u00f3lo la mierda vomitada por la prensa burguesa y otrxs lacayxs arrojaba algo de \u00abluz\u00bb sobre el compa\u00f1ero.<\/p>\n<p style=\"text-align: justify\">El pasado 7 de febrero, un operativo policial desplegado en La Ligua (provincia de Petrorca, Valpara\u00edso, Chile) captur\u00f3 al compa, acabando con su fuga.<\/p>\n<p style=\"text-align: justify\">A continuaci\u00f3n, siguen los enlaces para descargar el panfleto que han editado recogiendo sus escritos:<\/p>\n<p style=\"text-align: justify\">&#8212;&#8212;&#8212;&#8212;&#8212;&#8212;&#8212;&#8212;&#8211;<\/p>\n<p style=\"text-align: justify\"><em>Esto no es m\u00e1s que un m\u00ednimo gesto espont\u00e1neo de solidaridad con el compa\u00f1ero Diego R\u00edos tras enterarme de que hab\u00eda sido detenido por los despreciables lacayos del poder, con la intenci\u00f3n de difundir las experiencias de quienes no acomodan sus cuestionamientos y acciones dentro de los par\u00e1metros establecidos por las leyes de los poderosos y en forma de gui\u00f1o c\u00f3mplice para aquellxs que dan, o est\u00e1n dando ese primer paso de arrojo en esta guerra social..<\/em><\/p>\n<p style=\"text-align: justify\"><em>Unx individux cualquiera<\/em><br \/>\n<em>desde un territorio cualquiera<\/em><br \/>\n<em>controlado por un Estado cualquiera.<\/em><\/p>\n<p style=\"text-align: justify\"><em>8\/02\/2015 seg\u00fan el calendario que determina nuestros tiempos\u2026<\/em><\/p>\n<p style=\"text-align: justify\"><em>Para descargar\/ver online click <a href=\"https:\/\/vozcomoarma.noblogs.org\/files\/2015\/02\/Compilado-de-comunicados-del-compa\u00f1ero-Diego-R\u00edos.pdf\">aqu\u00ed<\/a>.<\/em><\/p>\n<p><img loading=\"lazy\" decoding=\"async\" class=\"aligncenter\" src=\"http:\/\/es.contrainfo.espiv.net\/files\/2015\/02\/forza1.jpg\" alt=\"\" width=\"380\" height=\"540\" \/><\/p>\n","protected":false},"excerpt":{"rendered":"<p>Recibo en el correo electr\u00f3nico un mensaje de un\/a compa que env\u00eda adjunto\u00a0el archivo\u00a0de un compilado que ha editado con textos y aportaciones escritas del compa\u00f1ero Diego R\u00edos, quien fue capturado recientemente, tras 5 a\u00f1os de clandestinidad, que asumi\u00f3 dignamente &hellip; <a href=\"https:\/\/vozcomoarma.noblogs.org\/?p=6480\">Sigue leyendo <span class=\"meta-nav\">&rarr;<\/span><\/a><\/p>\n","protected":false},"author":7045,"featured_media":0,"comment_status":"closed","ping_status":"open","sticky":false,"template":"","format":"standard","meta":{"footnotes":""},"categories":[58,199,60,61,9,7,4],"tags":[78,16,26,24,19,11],"class_list":["post-6480","post","type-post","status-publish","format-standard","hentry","category-acciones","category-diego-rios","category-fanzines-y-revistas","category-noticias","category-noticias-y-comunicados","category-presxs","category-publicaciones","tag-chile","tag-guerra-social","tag-insurreccionalismo","tag-reflexion","tag-represion","tag-solidaridad"],"_links":{"self":[{"href":"https:\/\/vozcomoarma.noblogs.org\/index.php?rest_route=\/wp\/v2\/posts\/6480","targetHints":{"allow":["GET"]}}],"collection":[{"href":"https:\/\/vozcomoarma.noblogs.org\/index.php?rest_route=\/wp\/v2\/posts"}],"about":[{"href":"https:\/\/vozcomoarma.noblogs.org\/index.php?rest_route=\/wp\/v2\/types\/post"}],"author":[{"embeddable":true,"href":"https:\/\/vozcomoarma.noblogs.org\/index.php?rest_route=\/wp\/v2\/users\/7045"}],"replies":[{"embeddable":true,"href":"https:\/\/vozcomoarma.noblogs.org\/index.php?rest_route=%2Fwp%2Fv2%2Fcomments&post=6480"}],"version-history":[{"count":2,"href":"https:\/\/vozcomoarma.noblogs.org\/index.php?rest_route=\/wp\/v2\/posts\/6480\/revisions"}],"predecessor-version":[{"id":6486,"href":"https:\/\/vozcomoarma.noblogs.org\/index.php?rest_route=\/wp\/v2\/posts\/6480\/revisions\/6486"}],"wp:attachment":[{"href":"https:\/\/vozcomoarma.noblogs.org\/index.php?rest_route=%2Fwp%2Fv2%2Fmedia&parent=6480"}],"wp:term":[{"taxonomy":"category","embeddable":true,"href":"https:\/\/vozcomoarma.noblogs.org\/index.php?rest_route=%2Fwp%2Fv2%2Fcategories&post=6480"},{"taxonomy":"post_tag","embeddable":true,"href":"https:\/\/vozcomoarma.noblogs.org\/index.php?rest_route=%2Fwp%2Fv2%2Ftags&post=6480"}],"curies":[{"name":"wp","href":"https:\/\/api.w.org\/{rel}","templated":true}]}}