{"id":6502,"date":"2015-02-12T17:47:41","date_gmt":"2015-02-12T16:47:41","guid":{"rendered":"http:\/\/vozcomoarma.noblogs.org\/?p=6502"},"modified":"2015-02-12T17:47:41","modified_gmt":"2015-02-12T16:47:41","slug":"un-aviso-a-los-periodistas-del-rollo-quien-pone-en-peligro-la-seguridad-y-libertad-de-nuestras-companeras-debe-responsabilizarse-de-ello","status":"publish","type":"post","link":"https:\/\/vozcomoarma.noblogs.org\/?p=6502","title":{"rendered":"Un aviso a los periodistas \u00abdel rollo\u00bb &#8211; Quien pone en peligro la seguridad y libertad de nuestras compa\u00f1eras, debe responsabilizarse de ello"},"content":{"rendered":"<p style=\"text-align: justify\">A pesar de que este tema, en mi opini\u00f3n, ya ha dado lugar a numerosos debates, jornadas y actividades, y a que hay documentaci\u00f3n abundante en distintos formatos acerca de la cultura de la seguridad, todav\u00eda hay quienes, amparadxs en su \u00abbuena intenci\u00f3n\u00bb, contin\u00faan inmortaliz\u00e1ndonos en situaciones m\u00e1s o menos comprometidas, que van desde asambleas p\u00fablicas, concentraciones legales o charlas y eventos en centros okupados o ateneos, hasta momentos m\u00e1s tensos y comprometedores como manifestaciones no convocadas oficialmente (y por tanto ilegales) y en las que, a veces, se dan\u00a0enfrentamientos con la polic\u00eda o acciones diversas, en las que nadie ajenx a dicha acci\u00f3n tiene por qu\u00e9 saber qui\u00e9n estuvo o dej\u00f3 de estar o qui\u00e9n hizo tal o cual cosa. Para colmo, cuando esas im\u00e1genes son publicadas en sus respectivos perfiles de redes sociales, divulgadas en v\u00eddeos en Youtube visibles para\u00a0todo el mundo o insertadas en innumerables noticias de blogs y p\u00e1ginas web, almacenadas en soportes de datos personales o puestas en bandeja a la prensa burguesa, muchxs de estxs \u00abperiodistas compa\u00f1erxs\u00bb contin\u00faan cometiendo graves imprudencias al\u00a0no tapar o pixelar\/difuminar\/desenfocar\/lo que sea las caras, o tomar planos cercanos de personas que no van encapuchadas.<\/p>\n<p style=\"text-align: justify\">Ante \u00e9sto, no somos pocas las que, en contextos de este tipo, nos hemos sentido agobiadas, acosadas o incluso nos hemos enfadado con ellxs para dejarles claro que no queremos que nos graben ni nos hagan fotos en esas situaciones, que la tiran\u00eda de la imagen nos da asco, y que no queremos tener que llegar a medidas m\u00e1s dr\u00e1sticas para que estas personas, en muchos casos cercanas a los movimientos en los que participamos asumiendo los riesgos que implica en cada caso, dejen de perjudicarnos con su trabajo.<\/p>\n<p style=\"text-align: justify\">En esta l\u00ednea va un texto de diferentes colectivos e individualidades anarquistas de Madrid que, si bien va dirigido a un colectivo en concreto (DISO Press), es perfectamente extrapolable a muchos otros grupos y personas que no tienen en cuenta lo mucho que facilitan la execrable labor policial. Tras extraerlo de <a href=\"http:\/\/barcelona.indymedia.org\/newswire\/display\/494185\/index.php\">Indymedia Barcelona<\/a> (a donde llegu\u00e9 a trav\u00e9s de lxs compas de <a href=\"https:\/\/abordaxe.wordpress.com\/2015\/02\/12\/aviso-a-xornalistas-colegas-quen-pon-en-perigo-a-seguridade-e-liberdade-das-nosas-companeiras-debe-responsabilizarse-diso\/\">Abordaxe!<\/a> que lo publicaron en galego en su blog) lo dejo a continuaci\u00f3n:<\/p>\n<p style=\"text-align: justify\">&#8212;&#8212;&#8212;&#8212;&#8212;&#8212;&#8212;&#8212;&#8212;&#8212;<\/p>\n<p style=\"text-align: justify\" align=\"JUSTIFY\"><em>Desde los colectivos que firmamos este texto, queremos exponer nuestra opini\u00f3n y dar a conocer ciertas pr\u00e1cticas que llevan desarroll\u00e1ndose desde hace mucho tiempo dentro de los entornos de contestaci\u00f3n pol\u00edtica y que creemos que pueden poner en peligro nuestra seguridad y facilitar el trabajo de la polic\u00eda.<\/em><\/p>\n<p style=\"text-align: justify\" align=\"JUSTIFY\"><em>Nos referimos a la manera que tienen de cubrir, fotografiar o filmar manifestaciones y acciones ciertos colectivos y personas, remuneradas o no. No hablamos de reporteros de grandes medios ni agencias de noticias \u00abconvencionales\u00bb, que damos por hecho que cubrir\u00e1n el acto de la manera que les hayan dictado sus jefes, limit\u00e1ndose a eso. Tampoco a todas las que acuden con su m\u00f3vil o c\u00e1mara y se olvidan incluso de s\u00ed mismas en la obsesi\u00f3n por grabarlo todo, cosa que bien merecer\u00eda la reflexi\u00f3n conjunta. Nos referimos a aquellos que, agrupados en peque\u00f1as agencias de prensa o a modo freelance, acuden a las convocatorias para fotografiar o filmar, sea de manera desinteresada, reivindicando su granito de arena en la difusi\u00f3n de las luchas y la denuncia social, o por intentar venderlas posteriormente y que, amparadas en el colegueo por ser personas conocidas en el entorno militante y en el \u201csomos parte de esto, estamos a vuestro lado y damos voz a los movimientos sociales\u201d, nos exponen con sus fotos sin que parezca caber cr\u00edtica alguna.<\/em><\/p>\n<p style=\"text-align: justify\" align=\"JUSTIFY\"><em>Proyectos como DISO Press (Agencia de Prensa y Difusi\u00f3n social nacida en 2013 y ubicada en el barrio de Lavapi\u00e9s) son ejemplo de esto. Sabemos que no son los \u00fanicos. Hemos tenido que escuchar c\u00f3mo un periodista del entorno de los movimientos sociales hablaba en una gran cadena de televisi\u00f3n acerca de qui\u00e9nes eran los causantes de los disturbios del 22-M, argumentando que si \u00e9l lo sab\u00eda, la polic\u00eda tambi\u00e9n y los pod\u00edan detener. En otra ocasi\u00f3n, chantajear a grupos para que dejasen grabar sus asambleas bajo la amenaza de que, si no acced\u00edan, les grabar\u00eda igual, esta vez detr\u00e1s de la polic\u00eda. Diferentes streaming en directo reproducen caras y conversaciones sin saber con qu\u00e9 riesgos puede acabar la manifestaci\u00f3n, y que esas im\u00e1genes pueden ser utilizadas para incriminar a compa\u00f1eras.<\/em><\/p>\n<p style=\"text-align: justify\" align=\"JUSTIFY\"><em>Pero, esta vez, queremos hacer especial menci\u00f3n a DISO Press, pues en repetidas ocasiones han colgado en su p\u00e1gina web reportajes fotogr\u00e1ficos en los que se ha expuesto a compa\u00f1eras y se ha arriesgado su libertad, sac\u00e1ndolas sin ocultar su rostro y situ\u00e1ndolas de un modo irreparable all\u00ed donde a nadie le interesaba saber que hab\u00edan estado.<\/em><\/p>\n<p style=\"text-align: justify\" align=\"JUSTIFY\"><em>Queremos aclarar que no estamos hablando de grandes convocatorias p\u00fablicas, aunque entendemos que nadie tiene que decidir por ti si tu cara pasa a formar parte de un reportaje, o si tu acci\u00f3n es lo suficientemente espectacular como para que tu cuerpo y tu ropa salga acompa\u00f1ando a la misma en internet.<\/em><\/p>\n<p style=\"text-align: justify\" align=\"JUSTIFY\"><em>Creemos que quien convoca una manifestaci\u00f3n o realiza un acto puede haber valorado previamente si quiere que quede inmortalizado y utilizar sus propios medios, con los que siente seguridad, y no depender de personas externas. Tambi\u00e9n creemos que hay muchas formas de cubrir un acto. Pensamos que los rostros de los asistentes en determinadas ocasiones son lo de menos: fotos de las pancartas, el comunicado, o fotos desde lejos bastar\u00edan para que ese acto quedara reflejado. No hace falta tirar de primeros planos con expresiones de rabia, impotencia o incluso miedo. Eso es morbo puro y duro y no sabemos qu\u00e9 aporta a la lucha. Tampoco es necesario utilizar el p\u00edxel para cubrir los rostros de las personas fotografiadas si se considera un efecto antiest\u00e9tico: basta con echarle imaginaci\u00f3n y jugar con los elementos del encuadre o el desenfoque, o sencillamente pararse dos minutos a pensar en las posibles y terribles consecuencias que puede tener una foto llena de m\u00e9rito y genialidad, y si realmente merece la pena publicarla.<\/em><\/p>\n<p style=\"text-align: justify\" align=\"JUSTIFY\"><em>Como dec\u00edamos, creemos que es muy f\u00e1cil saber previamente o darse cuenta del car\u00e1cter de una manifestaci\u00f3n. No son lo mismo convocatorias de car\u00e1cter multitudinario, en las que todo parezca indicar que el ambiente ser\u00e1 tranquilo, que una convocatoria no comunicada, donde el ambiente es tenso, donde no se ve con seguridad si la polic\u00eda puede empezar a cargar en cualquier momento, y en la que los asistentes est\u00e1n tapados y no quieren que la prensa grabe sus caras; o en la que despu\u00e9s se hayan producido \u201caltercados\u201d que puedan inducir a imputaci\u00f3n de delitos, y que puedan ser relacionados con gente que particip\u00f3 en el acto y estaba previamente fotografiada.<\/em><\/p>\n<p style=\"text-align: justify\" align=\"JUSTIFY\"><em>Estas son las maneras de DISO Press, y los hechos en los que nos vamos a centrar, aunque tenemos conocimiento de m\u00e1s acciones en las que diferentes personas no han quedado a gusto con el trato que han recibido por esta agencia. Nos basamos en tres casos en los que se ha puesto en peligro a personas y en los que estaba claro que, o no se quer\u00eda que se sacaran fotos de asistentes, o los actos posteriores deb\u00edan haber inducido a la reflexi\u00f3n de que estas fotos no deben ver la luz porque pueden perjudicar a gente.<\/em><\/p>\n<p style=\"text-align: justify\" align=\"JUSTIFY\"><em>No estamos diciendo en ning\u00fan caso que las im\u00e1genes que utiliz\u00f3 la polic\u00eda para detener compa\u00f1eros sean las que colg\u00f3 DISO Press, ya que no podemos saberlo; pero s\u00ed que en su web y en la red se subieron fotos de esos actos realizadas por esta agencia, hasta que se les llam\u00f3 y se les pidi\u00f3 que las retiraran, no siempre accediendo en el momento a hacerlo, ni aceptando con buenas formas.<\/em><\/p>\n<p style=\"text-align: justify\" align=\"JUSTIFY\"><em>No s\u00f3lo la polic\u00eda puede nutrirse de estas fotos. Una vez colgadas en internet, cualquiera, con buena o mala intenci\u00f3n, puede descargarlas para ponerlas en una cr\u00f3nica o por tenerlas sin m\u00e1s. Una vez colgadas en internet pierdes el control de ellas, y tampoco a nadie le hace gracia que su cara aguarde el momento de ser publicada en un disco duro.<\/em><\/p>\n<p style=\"text-align: justify\" align=\"JUSTIFY\"><em>Respecto a los ejemplos de los que habl\u00e1bamos antes, podemos mencionar casos como el reportaje de la manifestaci\u00f3n antifascista que tuvo lugar el 20 de noviembre de 2013 en la Universidad Complutense. Pese a no estar comunicada y que nadie les hubiera llamado, DISO Press se sinti\u00f3 invitado y decidi\u00f3 colgar las fotos de la misma. Hay que se\u00f1alar que durante esta manifestaci\u00f3n se produjeron algunos hechos por los que compa\u00f1eros fueron denunciados (independientemente de que estuvieran o no all\u00ed y que evidentemente no han de documentarse en internet). Ocho d\u00edas m\u00e1s tarde fueron detenidas 19 personas, a las que se sumaron 11 m\u00e1s que fueron detenidas en una concentraci\u00f3n solidaria que se realiz\u00f3 esa misma tarde.<\/em><\/p>\n<p style=\"text-align: justify\" align=\"JUSTIFY\"><em>Pero DISO Press public\u00f3 sus fotos, aunque horas m\u00e1s tarde las retirara. Trabajo hecho. Hemos de decir que cuando la polic\u00eda atendi\u00f3 a los estudiantes de Derecho que denunciaron unas supuestas agresiones, \u00e9sta ya hab\u00eda hecho una selecci\u00f3n de los posibles autores de los hechos, antes incluso de hablar con los testigos presenciales.<\/em><\/p>\n<p style=\"text-align: justify\" align=\"JUSTIFY\"><em>Otro ejemplo de su acertada labor period\u00edstica podr\u00eda ser la cobertura del desahucio que tuvo lugar en Lavapi\u00e9s el d\u00eda 31 de enero de 2014 y todo lo que sucedi\u00f3 despu\u00e9s, tras la aparici\u00f3n de la polic\u00eda. En esta ocasi\u00f3n, DISO Press public\u00f3 unas fotos en las que se pod\u00eda reconocer a las personas que all\u00ed estaban, facilitando de nuevo la labor de la polic\u00eda en la incriminaci\u00f3n de determinados hechos y exponi\u00e9ndolas a los ojos de la prensa y televisi\u00f3n, que pronto se hicieron eco de unos sucesos que creemos que, de no haber sido cubiertos por estas fotoperiodistas, no habr\u00edan tenido tanta trascendencia o repercusi\u00f3n represiva. Todas estas fotos no se retiraron de su web hasta d\u00edas m\u00e1s tarde, y es evidente que la polic\u00eda no necesita tanto tiempo para archivarlas o utilizarlas. Tres compa\u00f1eras fueron detenidas en sus casas d\u00edas m\u00e1s tarde.<\/em><\/p>\n<p style=\"text-align: justify\" align=\"JUSTIFY\"><em>Por \u00faltimo, mencionar la cobertura de la concentraci\u00f3n del d\u00eda 27 de diciembre de 2014 por el encarcelamiento de siete anarquistas inscrito en la llamada Operaci\u00f3n Pandora (con una investigaci\u00f3n a\u00fan abierta y siendo acusados de \u201corganizaci\u00f3n terrorista\u201d, entre otros cargos). Dicho reportaje conten\u00eda fotos con primeros planos de las personas concentradas (siendo \u00e9stas muy pocas), exponiendo sus rostros, sin que les hiciera titubear el hecho de que para conseguir estos primeros planos tuvieran que esperar a que aqu\u00e9l o aqu\u00e9lla que iba tapada para no ser reconocida tuviera que separarse del grupo y destaparse por orden de la polic\u00eda para ser identificada, utilizando ese instante para efectuar la fotograf\u00eda por parte de un miembro de DISO Press.<\/em><\/p>\n<p style=\"text-align: justify\" align=\"JUSTIFY\"><em>Todos sabemos lo que implica acudir a determinadas manifestaciones, concentraciones o acciones, actos en ocasiones cargados de tensi\u00f3n o emotividad. Sabemos que nos pueden detener, que podemos acabar filiadas y en ficheros de la Brigada de Informaci\u00f3n. Todo esto puede ser un trance doloroso, una detenci\u00f3n puede ser traum\u00e1tica, procesos que en ocasiones se alargan en el tiempo y que puede afectarte a ti, pero tambi\u00e9n a familiares y amigos. Pero lo asumimos y acudimos. Lo que no asumimos es que esto se acabe produciendo porque un fotoperiodista, supuestamente af\u00edn, nos exponga e imponga su profesi\u00f3n a nuestra libertad. Ni asumimos que en una manifestaci\u00f3n o acci\u00f3n, en la que tenemos que estar a mil cosas: anticiparnos a qu\u00e9 intenciones tiene la polic\u00eda, a si puede cargar, si podemos ser detenidas, si estamos todas las compa\u00f1eras cerca y nadie se ha perdido, etc., que adem\u00e1s tengamos que estar vigilando la labor de estas fotoperiodistas y hacia d\u00f3nde apuntan sus objetivos.<\/em><\/p>\n<p style=\"text-align: justify\" align=\"JUSTIFY\"><em>Este escrito no pretende ser un toque de atenci\u00f3n. El da\u00f1o ya est\u00e1 hecho y las consecuencias est\u00e1n ah\u00ed. Esperemos que no sean m\u00e1s en el futuro.<\/em><\/p>\n<p style=\"text-align: justify\" align=\"JUSTIFY\"><em>No creemos tener que ser nosotros, aquellos a quienes han puesto en peligro sus fotos, quienes encima tengamos que pedirles que no nos saquen; pero aun as\u00ed, en el caso de DISO Press, s\u00ed se han llegado a pedir explicaciones y lo que nos hemos encontrado por parte de alguno de sus miembros son respuestas que nos podr\u00eda dar cualquier periodista profesional o incluso la polic\u00eda: frases como \u201cos podemos grabar porque est\u00e1is en la v\u00eda p\u00fablica\u2026\u201d y, en otros casos, chuler\u00eda, prepotencia y ninguna gana de reconocer ning\u00fan tipo de error ni preocupaci\u00f3n por los afectados. Ni siquiera la humilde reflexi\u00f3n por su parte de si salir en los medios puede traernos, adem\u00e1s de graves consecuencias legales o penales, preocupaci\u00f3n a nuestras familias o amigos y problemas en nuestros trabajos, etc\u2026<\/em><\/p>\n<p style=\"text-align: justify\" align=\"JUSTIFY\"><em>De esa manera, e imaginando que no somos los \u00fanicos a los que esto nos preocupa, enfada y decepciona, creemos que es momento de reflexionar de forma conjunta y sobre todo de posicionarse. Posicionarnos las que acudimos con nuestras compa\u00f1eras a las convocatorias, y las asambleas o colectivos que las organizan.<\/em><\/p>\n<p style=\"text-align: justify\" align=\"JUSTIFY\"><em>Para nosotras, DISO Press o cualquier fotoperiodista que trabaja del mismo modo que lo hace una agencia como EFE o cualquier cadena de televisi\u00f3n, debe ser tratado de la misma manera: sin contemplaciones ni amiguismo. No son bienvenidas ni ser\u00e1n bien recibidas. Su sitio est\u00e1 con los periodistas del otro lado del cord\u00f3n policial, no entre nosotras. Si busc\u00e1is carnaza curr\u00e1oslo, no os lo vamos a poner f\u00e1cil.<\/em><\/p>\n<p style=\"text-align: justify\" align=\"JUSTIFY\"><em>Somos conscientes de que es necesario un debate colectivo sobre el papel de las fotoperiodistas y su relaci\u00f3n con los movimientos sociales, los l\u00edmites y las condiciones que deber\u00edan respetar para seguir siendo consideradas como \u201ccercanas\u201d. Algunas aportaciones se han hecho ya en ese sentido y otras est\u00e1n por venir. Con este texto buscamos denunciar las pr\u00e1cticas de un colectivo en concreto y fomentar un posicionamiento al respecto que valore los intereses y necesidades de quienes participan en las luchas, m\u00e1s que los de quienes se dedican a hacer fotos o v\u00eddeos.<\/em><\/p>\n<p style=\"text-align: justify\" align=\"JUSTIFY\"><em>Pedimos un posicionamiento tambi\u00e9n del centro social del que forma parte DISO Press y de los colectivos con los que participan.<\/em><\/p>\n<p style=\"text-align: justify\" align=\"JUSTIFY\"><em>Nuestra seguridad y libertad est\u00e1n en juego. No se lo pongamos f\u00e1cil a la polic\u00eda, no permitamos que se lo pongan f\u00e1cil otros.<\/em><\/p>\n<p style=\"text-align: justify\" align=\"JUSTIFY\"><em>Por todas las personas afectadas por la represi\u00f3n. La lucha es el \u00fanico camino.<\/em><\/p>\n<p><em>Colectivos que firman este comunicado:<\/em><\/p>\n<p style=\"text-align: justify\" align=\"JUSTIFY\"><em>Agenda libertaria Madrid, anarquistas de Vallekas, Asamblea antiespecista de Madrid, Ateneo libertario de Hortaleza, CNT-SOV Madrid, Centro Social La brecha, Chakalada records, Editorial Klinamen, Encuentro del libro anarquista de Madrid, en los l\u00edmites de Madrid, Federaci\u00f3n de Estudiantes Libertarios-UAM, Grupo Anarquista Pulso, Juventudes Libertarias de Madrid, La hoguera transfeminista, La letra armada, Local anarquista Magdalena, OchoDosCuatro Ediciones, Primera Vocal, publicaci\u00f3n anarquista Todo por hacer, Radio Cabezas de tormenta, Straight-Edge Madrid.<\/em><\/p>\n<p align=\"JUSTIFY\"><img loading=\"lazy\" decoding=\"async\" class=\"aligncenter\" src=\"http:\/\/hdwallpapersfactory.com\/wallpaper\/stencil_stop_control_message_desktop_3508x2480_hd-wallpaper-622144.jpg\" alt=\"\" width=\"421\" height=\"298\" \/><\/p>\n","protected":false},"excerpt":{"rendered":"<p>A pesar de que este tema, en mi opini\u00f3n, ya ha dado lugar a numerosos debates, jornadas y actividades, y a que hay documentaci\u00f3n abundante en distintos formatos acerca de la cultura de la seguridad, todav\u00eda hay quienes, amparadxs en &hellip; <a href=\"https:\/\/vozcomoarma.noblogs.org\/?p=6502\">Sigue leyendo <span class=\"meta-nav\">&rarr;<\/span><\/a><\/p>\n","protected":false},"author":7045,"featured_media":0,"comment_status":"closed","ping_status":"open","sticky":false,"template":"","format":"standard","meta":{"footnotes":""},"categories":[61,9,20],"tags":[16,67,42,24,19],"class_list":["post-6502","post","type-post","status-publish","format-standard","hentry","category-noticias","category-noticias-y-comunicados","category-textos","tag-guerra-social","tag-madrid","tag-movimientos-sociales","tag-reflexion","tag-represion"],"_links":{"self":[{"href":"https:\/\/vozcomoarma.noblogs.org\/index.php?rest_route=\/wp\/v2\/posts\/6502","targetHints":{"allow":["GET"]}}],"collection":[{"href":"https:\/\/vozcomoarma.noblogs.org\/index.php?rest_route=\/wp\/v2\/posts"}],"about":[{"href":"https:\/\/vozcomoarma.noblogs.org\/index.php?rest_route=\/wp\/v2\/types\/post"}],"author":[{"embeddable":true,"href":"https:\/\/vozcomoarma.noblogs.org\/index.php?rest_route=\/wp\/v2\/users\/7045"}],"replies":[{"embeddable":true,"href":"https:\/\/vozcomoarma.noblogs.org\/index.php?rest_route=%2Fwp%2Fv2%2Fcomments&post=6502"}],"version-history":[{"count":1,"href":"https:\/\/vozcomoarma.noblogs.org\/index.php?rest_route=\/wp\/v2\/posts\/6502\/revisions"}],"predecessor-version":[{"id":6503,"href":"https:\/\/vozcomoarma.noblogs.org\/index.php?rest_route=\/wp\/v2\/posts\/6502\/revisions\/6503"}],"wp:attachment":[{"href":"https:\/\/vozcomoarma.noblogs.org\/index.php?rest_route=%2Fwp%2Fv2%2Fmedia&parent=6502"}],"wp:term":[{"taxonomy":"category","embeddable":true,"href":"https:\/\/vozcomoarma.noblogs.org\/index.php?rest_route=%2Fwp%2Fv2%2Fcategories&post=6502"},{"taxonomy":"post_tag","embeddable":true,"href":"https:\/\/vozcomoarma.noblogs.org\/index.php?rest_route=%2Fwp%2Fv2%2Ftags&post=6502"}],"curies":[{"name":"wp","href":"https:\/\/api.w.org\/{rel}","templated":true}]}}