{"id":6552,"date":"2015-02-17T19:39:00","date_gmt":"2015-02-17T18:39:00","guid":{"rendered":"http:\/\/vozcomoarma.noblogs.org\/?p=6552"},"modified":"2016-02-21T06:03:25","modified_gmt":"2016-02-21T05:03:25","slug":"sabotajes-en-galiza-en-solidaridad-con-las-personas-presas","status":"publish","type":"post","link":"https:\/\/vozcomoarma.noblogs.org\/?p=6552","title":{"rendered":"Sabotajes en Galiza en solidaridad con las personas presas"},"content":{"rendered":"<p style=\"text-align: justify\">Recojo de <a href=\"https:\/\/abordaxe.wordpress.com\/2015\/02\/17\/galiza-reivindicacion-de-sabotaxes-solidarios-para-con-as-persoas-presas\/\">Abordaxe!<\/a> y traduzco del galego el siguiente comunicado, que firmado como \u00abAsociaci\u00f3n Libre e Informal de Salvajes\u00bb, reivindica varios sabotajes a las ruedas de veh\u00edculos tanto de alta gama como propiedad de empresas y servicios de transporte que colaboran con este sistema.<\/p>\n<p style=\"text-align: justify\">&#8212;&#8212;&#8212;&#8212;&#8212;&#8212;&#8211;<\/p>\n<p style=\"text-align: justify\"><em>Apoyamos con solidaridad las luchas de los presos en huelga de hambre: Jos\u00e9 Ant\u00fanez Becerra, Javier Guerrero y Xabier Corporales, as\u00ed como a Roberto C. Fern\u00e1ndez Pardi\u00f1as, preso libertario en lucha y a todxs lxs que est\u00e1n enjauladxs y privadxs de libertad.<\/em><\/p>\n<p style=\"text-align: justify\"><em>Y por eso, desde mediados de enero, comenzamos a sabotear las ruedas a veh\u00edculos de alta gama y de servicios de transporte colaboradores del sistema por el norte de Galiza.<\/em><\/p>\n<p style=\"text-align: justify\"><em>Este es un tipo de acci\u00f3n de sabotaje, las que animamos a propagar y realizar. As\u00ed como infinitos ataques en contra de toda representaci\u00f3n del Poder y su dominaci\u00f3n.<\/em><\/p>\n<p style=\"text-align: justify\"><em>Queremos romper con todo lo establecido, queremos vivir nuestra vida en libertad, y por eso estamos en contra de toda autoridad que niegue nuestro libre desarrollo.<\/em><\/p>\n<p style=\"text-align: justify\"><em>Estamos en contra de las jerarqu\u00edas y de este sistema de dominaci\u00f3n que nos somete a un pensamiento uniforme basado en una actitud predeterminada y en renegar del pensar por unx mismx, para su beneficio. Crecimos enga\u00f1adxs entendiendo que las ideas y los actos van separados en la vida, y a obedecer para no sufrir y a todo lo que nos conden\u00f3 esta civilizaci\u00f3n tecno-industrial, a vivir como miserables.<\/em><\/p>\n<p style=\"text-align: justify\"><em>Creemos que la lucha debe trascender de las simples palabras a los actos. Por eso entendemos la vida como la necesidad de actuar seg\u00fan nuestras ideas \u00e1cratas, llenas de venganza, sin esperar al momento de la revoluci\u00f3n social. Nosotrxs ya la comenzamos.<\/em><\/p>\n<p style=\"text-align: justify\"><em>\u00a1Por la extensi\u00f3n de la rabia!<br \/>\n<\/em><em>\u00a1Muerte al Estado y viva la anarqu\u00eda!<\/em><\/p>\n<p style=\"text-align: justify\"><strong><em>Asociaci\u00f3n Libre e Informal de Salvajes<\/em><\/strong><\/p>\n<p style=\"text-align: justify\"><img loading=\"lazy\" decoding=\"async\" class=\"aligncenter\" src=\"http:\/\/es.contrainfo.espiv.net\/files\/2013\/12\/ju.jpg\" alt=\"\" width=\"453\" height=\"322\" \/><\/p>\n","protected":false},"excerpt":{"rendered":"<p>Recojo de Abordaxe! y traduzco del galego el siguiente comunicado, que firmado como \u00abAsociaci\u00f3n Libre e Informal de Salvajes\u00bb, reivindica varios sabotajes a las ruedas de veh\u00edculos tanto de alta gama como propiedad de empresas y servicios de transporte que &hellip; <a href=\"https:\/\/vozcomoarma.noblogs.org\/?p=6552\">Sigue leyendo <span class=\"meta-nav\">&rarr;<\/span><\/a><\/p>\n","protected":false},"author":7045,"featured_media":0,"comment_status":"closed","ping_status":"open","sticky":false,"template":"","format":"standard","meta":{"footnotes":""},"categories":[58,197,155,61,9,7],"tags":[47,17,30,18,16,26,24,19,10,11,71],"class_list":["post-6552","post","type-post","status-publish","format-standard","hentry","category-acciones","category-javier-g-carvajal","category-jose-antunez-becerra","category-noticias","category-noticias-y-comunicados","category-presxs","tag-anti-desarrollismo","tag-carcel","tag-critica-anti-industrial","tag-galicia","tag-guerra-social","tag-insurreccionalismo","tag-reflexion","tag-represion","tag-sabotaje","tag-solidaridad","tag-tortura"],"_links":{"self":[{"href":"https:\/\/vozcomoarma.noblogs.org\/index.php?rest_route=\/wp\/v2\/posts\/6552","targetHints":{"allow":["GET"]}}],"collection":[{"href":"https:\/\/vozcomoarma.noblogs.org\/index.php?rest_route=\/wp\/v2\/posts"}],"about":[{"href":"https:\/\/vozcomoarma.noblogs.org\/index.php?rest_route=\/wp\/v2\/types\/post"}],"author":[{"embeddable":true,"href":"https:\/\/vozcomoarma.noblogs.org\/index.php?rest_route=\/wp\/v2\/users\/7045"}],"replies":[{"embeddable":true,"href":"https:\/\/vozcomoarma.noblogs.org\/index.php?rest_route=%2Fwp%2Fv2%2Fcomments&post=6552"}],"version-history":[{"count":5,"href":"https:\/\/vozcomoarma.noblogs.org\/index.php?rest_route=\/wp\/v2\/posts\/6552\/revisions"}],"predecessor-version":[{"id":10656,"href":"https:\/\/vozcomoarma.noblogs.org\/index.php?rest_route=\/wp\/v2\/posts\/6552\/revisions\/10656"}],"wp:attachment":[{"href":"https:\/\/vozcomoarma.noblogs.org\/index.php?rest_route=%2Fwp%2Fv2%2Fmedia&parent=6552"}],"wp:term":[{"taxonomy":"category","embeddable":true,"href":"https:\/\/vozcomoarma.noblogs.org\/index.php?rest_route=%2Fwp%2Fv2%2Fcategories&post=6552"},{"taxonomy":"post_tag","embeddable":true,"href":"https:\/\/vozcomoarma.noblogs.org\/index.php?rest_route=%2Fwp%2Fv2%2Ftags&post=6552"}],"curies":[{"name":"wp","href":"https:\/\/api.w.org\/{rel}","templated":true}]}}