{"id":6595,"date":"2015-03-03T19:03:31","date_gmt":"2015-03-03T18:03:31","guid":{"rendered":"http:\/\/vozcomoarma.noblogs.org\/?p=6595"},"modified":"2015-03-09T16:07:24","modified_gmt":"2015-03-09T15:07:24","slug":"grecia-huelgas-de-hambre-en-las-prisiones","status":"publish","type":"post","link":"https:\/\/vozcomoarma.noblogs.org\/?p=6595","title":{"rendered":"Grecia &#8211; Sobre las nuevas huelgas de hambre en las prisiones griegas contra la democracia y su Estado de excepci\u00f3n"},"content":{"rendered":"<p style=\"text-align: justify\">De <a href=\"http:\/\/es.contrainfo.espiv.net\/\">Contra Info<\/a> recojo distintas noticias informando de diferentes huelgas de hambre comenzadas por compas y prisionerxs comunes en las c\u00e1rceles de la democracia griega. A continuaci\u00f3n, los respectivos comunicados junto a una contextualizaci\u00f3n breve:<\/p>\n<p style=\"text-align: justify\">El pasado 2 de marzo, Kostas Gournas (miembro de la organizaci\u00f3n armada anarquista Lucha Revolucionaria) y Dimitris Koufontinas (miembro de la organizaci\u00f3n armada marxista-leninista 17 de noviembre) iniciaron una huelga de hambre, como m\u00e9todo de lucha\u00a0contra las prisiones de tipo C (m\u00e1xima seguridad) y las dem\u00e1s herramientas del poder para construir un Estado de excepci\u00f3n encubierto y aniquilar a la disidencia.<\/p>\n<p style=\"text-align: justify\">Sigue el comunicado de Kostas y Dimitris:<\/p>\n<p>&#8212;&#8212;&#8212;&#8212;&#8212;&#8211;<\/p>\n<p style=\"text-align: justify\"><em>Nosotros, Kostas Gournas y Dimitris Koufontinas, presos pol\u00edticos en las prisiones de tipo C de Domokos, iniciamos desde hoy, <a href=\"http:\/\/www.eksegersi.gr\/%CE%95%CF%80%CE%B9%CE%BA%CE%B1%CE%B9%CF%81%CF%8C%CF%84%CE%B7%CF%84%CE%B1\/23429.%CE%A3%CE%B5-%CE%B1%CF%80%CE%B5%CF%81%CE%B3%CE%AF%CE%B1-%CF%80%CE%B5%CE%AF%CE%BD%CE%B1%CF%82-%CE%9A%CE%BF%CF%85%CF%86%CE%BF%CE%BD%CF%84%CE%AF%CE%BD%CE%B1%CF%82-%CE%BA%CE%B1%CE%B9-%CE%93%CE%BF%CF%85%CF%81%CE%BD%CE%AC%CF%82\" target=\"_blank\">2 de marzo del 2015<\/a>, una huelga de hambre.<\/em><\/p>\n<p style=\"text-align: justify\"><em>Luchamos por la abolici\u00f3n de los art\u00edculos 187 y 187-A del c\u00f3digo penal, por la abolici\u00f3n de toda la legislaci\u00f3n especial de medidas de emergencia con la que el Poder busca criminalizar y exterminar a sus enemigxs pol\u00edticxs.<\/em><\/p>\n<p style=\"text-align: justify\"><em>Luchamos por la abolici\u00f3n de los tribunales especiales \u2013 cortes <span class=\"bbc_color\">marciales<\/span> de emergencia, esta <span class=\"bbc_color\">f\u00e1brica<\/span> de aniquilamiento de nuevxs luchadorxs, con las composiciones especiales de jueces, las leyes especiales anticonstitucionales, el uso especial <span class=\"bbc_color\">anticient\u00edfico<\/span> y maligno de pruebas como el ADN, y la fabricaci\u00f3n de pruebas incriminatorias.<\/em><\/p>\n<p style=\"text-align: justify\"><em>Luchamos por la abolici\u00f3n de todas las leyes represivas contra lxs manifestantes y las movilizaciones populares.<\/em><\/p>\n<p style=\"text-align: justify\"><em>Exigimos la abolici\u00f3n inmediata de las prisiones de tipo C, que son el s\u00edmbolo del r\u00e9gimen de <span class=\"bbc_color\">excepci\u00f3n<\/span> para lxs presxs pol\u00edticxs y el <span class=\"bbc_color\">s\u00edmbolo <\/span>del\u00a0<span class=\"bbc_color\">amedrentamiento\u00a0<\/span>de la sociedad que resiste.<\/em><\/p>\n<p style=\"text-align: justify\"><em>Exigimos la excarcelaci\u00f3n inmediata de Savvas Xiros, <span class=\"bbc_color\">al que el Poder est\u00e1 aniquilando<\/span> de manera met\u00f3dica y vengativa desde hace 13 a\u00f1os, causando da\u00f1os irreparables en su salud: el grado de discapacidad de Savvas Xiros seg\u00fan los datos oficiales ha alcanzado el 98%.<\/em><\/p>\n<p style=\"text-align: justify\"><em>Puesto que la represi\u00f3n es el otro rostro de la austeridad, la lucha del movimiento popular contra la austeridad es inseparable de la lucha contra la represi\u00f3n, y especialmente contra el r\u00e9gimen permanente de medidas de <span class=\"bbc_color\">excepci\u00f3n<\/span>. Por esto pedimos el apoyo de toda la sociedad en lucha.<\/em><\/p>\n<p style=\"text-align: justify\"><em>Con esta lucha de lxs presxs pol\u00edticxs, las <span class=\"bbc_color\">movilizaciones<\/span> y la huelga de hambre, buscamos enviar un mensaje de resistencia al pueblo griego: nosotrxs y s\u00f3lo nosotrxs, asumiendo los costes de nuestras opciones, debemos tomar de manera\u00a0<span class=\"bbc_color\">unitaria<\/span> y decisiva las riendas de nuestro futuro. Este es nuestro deber a nuestra dignidad y a las generaciones que vienen.<\/em><\/p>\n<p style=\"text-align: justify\"><em>LA ESPERANZA VIENE S\u00d3LO A TRAV\u00c9S DE LA LUCHA<\/em><\/p>\n<p style=\"text-align: justify\"><em>Prisiones de tipo C de Domokos<\/em><br \/>\n<em>2 de marzo del 2015<\/em><\/p>\n<p style=\"text-align: justify\"><em>Kostas Gournas<\/em><br \/>\n<em>Dimitris Koufontinas<\/em><\/p>\n<p style=\"text-align: justify\"><em>&#8212;&#8212;&#8212;&#8212;&#8212;&#8211;<\/em><\/p>\n<p style=\"text-align: justify\">El mismo d\u00eda, mediante este otro comunicado, se sumaba a la iniciativa el compa Nikos Maziotis, tambi\u00e9n miembro de Lucha Revolucionaria:<\/p>\n<p style=\"text-align: justify\"><em>&#8212;&#8212;&#8212;&#8212;&#8212;&#8211;<\/em><\/p>\n<p style=\"text-align: justify\"><em>Los \u00faltimos 15 a\u00f1os, y especialmente tras ser declarada la guerra contra el \u201cterrorismo\u201d, el sistema capitalista a nivel internacional toma caracter\u00edsticas cada vez m\u00e1s totalitarias con el fin de imponer la dictadura de los mercados y los intereses de la <span class=\"bbc_color\">\u00e9lite <\/span>econ\u00f3mica supranacional que <span class=\"bbc_color\">emergi\u00f3<\/span> a trav\u00e9s del proceso de la globalizaci\u00f3n tras el fin del bipolarismo. <span class=\"bbc_color\">En este contexto, la represi\u00f3n y el blindaje del arsenal legislativo y penal de los Estados es de mayor importancia y se implementa con el fin de la reproducci\u00f3n del sistema, en un ambiente globalizado contra lxs enemigxs pol\u00edticos del nuevo estado de cosas, y especialmente contra la amenaza de la acci\u00f3n armada revolucionaria, sobre todo los \u00faltimos a\u00f1os, tras el estallido de la crisis financiera mundial.<\/span><\/em><\/p>\n<p style=\"text-align: justify\"><em>El Estado griego, que est\u00e1 atado al carro del Capital supranacional, ha adoptado las reformas neoliberales seg\u00fan las adoctrina la Uni\u00f3n Europea, adem\u00e1s de actualizar su arsenal legislativo y penal seg\u00fan las demandas de la \u201cguerra antiterrorista\u201d internacional. As\u00ed, <span class=\"bbc_color\">en<\/span> 2001, vot\u00f3 la primera ley \u201cantiterrorista\u201d (art\u00edculo 187 del c\u00f3digo penal sobre las organizaciones il\u00edcitas), <span class=\"bbc_color\">en<\/span> 2004 vot\u00f3 la segunda ley \u201cantiterrorista\u201d (art\u00edculo 187-A sobre las organizaciones terroristas),\u00a0<span class=\"bbc_color\">en<\/span> 2009, poco despu\u00e9s de la revuelta del 2008 vot\u00f3 la ley de la capucha [que criminaliza a lxs manifestantes con la cara cubierta], y <span class=\"bbc_color\">en<\/span> 2010 modific\u00f3 el art\u00edculo 187-A endureci\u00e9ndolo. <span class=\"bbc_color\">En<\/span> 2010, tras una orden de la fiscal\u00eda, impusieron la medida de la toma violenta de muestras de ADN, y finalmente el verano del 2014, como continuaci\u00f3n y consecuencia natural de su pol\u00edtica represiva, vot\u00f3 la ley por las prisiones de tipo C.<\/em><\/p>\n<p style=\"text-align: justify\"><em>Este avance gradual del ataque represivo por parte del Estado se iba intensificando durante todos estos a\u00f1os en paralelo con las reformas neoliberales de los gobiernos griegos, sin embargo, se agudiz\u00f3 a\u00fan m\u00e1s tras el estallido de la crisis financiera mundial, la revuelta de diciembre del 2008 y la puesta del pa\u00eds bajo el poder del Fondo Monetario Internacional, del Banco Central Europeo y de la Uni\u00f3n Europea con la asignatura del primer memorando del 2010.<\/em><\/p>\n<p style=\"text-align: justify\"><em>Dentro de estas condiciones, donde el r\u00e9gimen ha perdido el consenso social del cual <span class=\"bbc_color\">se<\/span> aprovechaba antes de la crisis, debido al feroz ataque que ha desatado desde hace 6 a\u00f1os, la represi\u00f3n y la legislaci\u00f3n \u201cantiterrorista\u201d son pilares y pre-requisitos fundamentales <span class=\"bbc_color\">para<\/span> la perpetuaci\u00f3n del sistema.<\/em><\/p>\n<p style=\"text-align: justify\"><em>La deslegitimaci\u00f3n del r\u00e9gimen a <del><\/del>ojos de la mayor\u00eda social por causa del robo social m\u00e1s grande que se ha desatado en su contra, con el hambre, la pobreza y la miseria que azotan al pueblo, con las miles de muertes por suicidios, por enfermedades, por la falta de bienes b\u00e1sicos, con los miles que quedaron sin hogar y aquellxs que se alimentan de la basura o <del><\/del>dependen de los comedores sociales, todo eso crea las condiciones apropiadas <span class=\"bbc_color\">para<\/span> la perspectiva de la revoluci\u00f3n y de la subversi\u00f3n de un r\u00e9gimen que es responsable <span class=\"bbc_color\">de<\/span> la crisis y de todos los males que le siguieron.<\/em><\/p>\n<p style=\"text-align: justify\"><em>La toma del Poder y de la administraci\u00f3n de la crisis capitalista por parte de Syriza tras las elecciones del 25 de enero del 2015 no cambia de verdad las cosas. A pesar de las promesas pre-electorales por la abolici\u00f3n de los memorandos y el canje de la deuda, la pol\u00edtica que <span class=\"bbc_color\">se<\/span> ha comprometido <span class=\"bbc_color\">a<\/span> seguir el gobierno de Syriza no difiere de la que aplicaron los gobiernos anteriores y esto se prueba por el pedido de extensi\u00f3n del presente memorando-programa de rescate, <span class=\"bbc_color\">con indiferencia de <\/span>si con sus trucos propagand\u00edsticos no lo llaman\u00a0<del><\/del>memorando o si se refieren al Fondo Monetario Internacional, el Banco Central Europeo y la Uni\u00f3n Europea como instituciones y no como Troika. En realidad, el gobierno de Syriza ha aceptado tanto los memorandos, como <del><\/del>la deuda, y tras la extensi\u00f3n del presente memorando-programa de rescate firmar\u00e1 <span class=\"bbc_color\">uno<\/span> nuevo, con todo <span class=\"bbc_color\">lo<\/span> que esto conlleva.<\/em><\/p>\n<p style=\"text-align: justify\"><em>Como miembro de Lucha Revolucionaria y como preso pol\u00edtico en las prisiones de tipo C creo que s\u00f3lo el camino de la subversi\u00f3n y de la revoluci\u00f3n social, popular y armada puede dar la salida de la crisis, derrocar los memorandos y los contratos de pr\u00e9stamo y borrar la deuda. Como miembro de Lucha Revolucionaria y preso pol\u00edtico en las prisiones de tipo C, en el marco de la movilizaci\u00f3n de lucha de los presos pol\u00edticos contra las legislaciones especiales \u201cantiterroristas\u201d y contra los tribunales y las prisiones especiales, a partir del 2 de marzo participo en la huelga de hambre, reivindicando:<\/em><\/p>\n<p style=\"text-align: justify\"><em>1) La abolici\u00f3n de la primera ley \u201cantiterrorista\u201d del 2001, art\u00edculo 187 (sobre las organizaciones il\u00edcitas).<\/em><\/p>\n<p style=\"text-align: justify\"><em>2) La abolici\u00f3n de la segunda ley \u201cantiterrorista\u201d del 2004, art\u00edculo 187\u0391 (sobre las organizaciones terroristas).<\/em><\/p>\n<p style=\"text-align: justify\"><em>3) La abolici\u00f3n de la \u201cley de la capucha\u201d.<\/em><\/p>\n<p style=\"text-align: justify\"><em>4) La abolici\u00f3n de la ley por las prisiones de tipo C.<\/em><\/p>\n<p style=\"text-align: justify\"><em>5) La excarcelaci\u00f3n de Savvas Xiros, condenado por su participaci\u00f3n en la organizaci\u00f3n 17 Noviembre, por razones de salud.<\/em><\/p>\n<p style=\"text-align: justify\"><em>Nikos Maziotis, miembro de Lucha Revolucionaria<\/em><br \/>\n<em>Prisiones de tipo C de Domokos<\/em><\/p>\n<p style=\"text-align: justify\"><em>&#8212;&#8212;&#8212;&#8212;&#8212;&#8211;<\/em><\/p>\n<p style=\"text-align: justify\">Tras la declaraci\u00f3n del compa Nikos, otra nota m\u00e1s era publicada, anunciando que m\u00e1s presos anarquistas se sumaban a la huelga de hambre, junto a otros prisioneros sociales y en lucha:<\/p>\n<p style=\"text-align: justify\"><em>&#8212;&#8212;&#8212;&#8212;&#8212;&#8211;<\/em><\/p>\n<p style=\"text-align: justify\"><em>Hace poco nos enteramos de que m\u00e1s compas presxs se declaran en huelga de hambre en el mismo contexto que se libra la movilizaci\u00f3n de Nikos Maziotis, Kostas Gournas y Dimitris Koufontinas. Se trata de los anarquistas Antonis Stamboulos (prisiones de Larisa), Tasos Theofilou (prisiones de Domokos), Fivos Charisis, Argyris Dalios y Giorgos Karagiannidis (estos tres desde las prisiones de Koridallos), quienes son los primeros de la Red de Luchadores Presos (DAK) en unirse en la huelga de hambre (los dem\u00e1s participantes de DAK entrar\u00e1n m\u00e1s tarde). El preso social Mohamed-Said Elchibah (prisiones de tipo C de Domokos) tambi\u00e9n entra en huelga de hambre desde el d\u00eda de hoy, 2 de marzo del 2015.<\/em><\/p>\n<p style=\"text-align: justify\"><em>Por otra parte, en huelga de hambre desde el m\u00f3dulo E1 de las prisiones de tipo C de Domokos est\u00e1 tambi\u00e9n el preso social Giorgos Sofianidis (desde el 27\/2\/2015), exigiendo que se le vuelva a trasladar a las prisiones de Koridallos (donde estaba hasta la v\u00edspera de a\u00f1o nuevo) para poder continuar sus estudios en el Instituto Tecnol\u00f3gico del Pireo y el Instituto de Ense\u00f1anza Profesional (que est\u00e1 dentro del complejo penitenciario de Koridallos).<\/em><\/p>\n<p style=\"text-align: justify\"><em>&#8212;&#8212;&#8212;&#8212;&#8212;&#8211;<\/em><\/p>\n<p style=\"text-align: justify\">La nota preced\u00eda al comunicado de los compa\u00f1eros de la Red de Luchadores Presos, que tras ser traducido, tambi\u00e9n se public\u00f3 en castellano, y que dejo a continuaci\u00f3n:<\/p>\n<p style=\"text-align: justify\">&#8212;&#8212;&#8212;&#8212;&#8212;&#8212;<\/p>\n<p style=\"text-align: justify\"><em>Comenzaremos con una constataci\u00f3n que nunca debemos olvidar. Todo se logra con luchas. Si hoy en las c\u00e1rceles podemos tener libros, televisi\u00f3n, llamadas telef\u00f3nicas libres, permisos de salida, suspensiones de penas, si los carceleros no nos apalean, todo esto se lo debemos a los motines sangrientos y las huelgas de hambre de lxs presxs que nos precedieron.<\/em><\/p>\n<p style=\"text-align: justify\"><em>Hoy nos toca a nosotrxs luchar y ganar. Lleg\u00f3 el momento de disminuir las penas abusivas que se reparten gratuitamente, lleg\u00f3 el momento de que se otorguen obligatoriamente los permisos y las suspensiones de penas seg\u00fan los l\u00edmites oficiales, que se disminuya la condena perpetua a 12 a\u00f1os de prisi\u00f3n efectiva y 4 a\u00f1os de d\u00edas de trabajo, que se otorgue la suspensi\u00f3n de la pena al cumplirse los 2\/5 de la condena, que se disminuya el tiempo de la prisi\u00f3n preventiva a 12 meses, que haya la posibilidad de usar internet, que las visitas pasen a ser libres, que se garantice el encuentro sexual de lxs presxs.<\/em><\/p>\n<p style=\"text-align: justify\"><em>Que no se vuelvan a construir prisiones de aislamiento sensorial, como las de Malandrino, Trikala, Grevena, Domokos, Chania, Nigrita, Drama, donde los presos no tienen relaci\u00f3n alguna con el entorno exterior y hasta el cielo lo ven a trav\u00e9s de una valla met\u00e1lica. La arquitectura de las que ya existen debe transformarse para que dejen de dar importancia meramente a la prevenci\u00f3n de motines y fugas, poniendo en segundo plano las condiciones de vida.<\/em><\/p>\n<p style=\"text-align: justify\"><em>Los campos de concentraci\u00f3n para migrantes tienen que cerrarse. Todos estos son asuntos que lxs presxs en conjunto debemos reivindicar y ganar. Aprovechando la lucha que comenzamos destacamos estos asuntos y pedimos que lxs internxs de todas las prisiones los tomen en consideraci\u00f3n para las nuevas batallas venideras.<\/em><\/p>\n<p style=\"text-align: justify\"><em>La prisi\u00f3n, y la represi\u00f3n en general, es uno de los pilares fundamentales del sistema capitalista. En el modelo de administraci\u00f3n capitalista que predomina hoy en d\u00eda, la represi\u00f3n se centraliza cada vez m\u00e1s como opci\u00f3n del Estado, y se expresa de manera concentrada en la doctrina de la Ley y el Orden. El abandono del modelo anterior, es decir, del keynesiano Estado del bienestar ha conducido a la pauperizaci\u00f3n a m\u00e1s personas, tanto dentro de las metr\u00f3polis occidentales, como en la periferia capitalista. Desde el momento en que una gran parte de la poblaci\u00f3n no puede asimilarse en el proceso productivo y de consumo, su gesti\u00f3n solo puede realizarse a trav\u00e9s de la represi\u00f3n.<\/em><\/p>\n<p style=\"text-align: justify\"><em>La eficaz administraci\u00f3n represiva ha impuesto la creaci\u00f3n de reg\u00edmenes especiales de excepci\u00f3n, marcando actos ilegales en un cuadro conceptual especial. Actos que no son tratados seg\u00fan el peso penal espec\u00edfico que tienen, sino seg\u00fan su peligrosidad para el normal funcionamiento del r\u00e9gimen.<\/em><\/p>\n<p style=\"text-align: justify\"><em>En este Estado de excepci\u00f3n se enmarca el combate del enemigo interno (con la aplicaci\u00f3n de la ley \u201cantiterrorista\u201d para lxs acusadxs por lucha armada y de la \u201cley de la capucha\u201d para lxs arrestadxs tras los enfrentamientos en manifestaciones), el combate del llamado \u201ccrimen organizado\u201d o, mejor dicho, del funcionamiento capitalista \u201cnegro\u201d, el combate de lxs migrantes a lxs que ahora se les detiene sin que hayan cometido ning\u00fan delito, sino simplemente porque existen. De lxs hooligans acusadxs en base a leyes deportivas especiales, de las mujeres seropositivas que fueron estigmatizadas como plaga para la sociedad, y la lista sigue. Todo lo que pueda causar turbulencias en el funcionamiento eficaz del sistema se trata con alg\u00fan arreglamiento especial.<\/em><\/p>\n<p style=\"text-align: justify\"><em>En cuanto a la realidad griega, este proceso comenz\u00f3 en t\u00e9rminos legislativos a principios del 2000 y, desde entonces, est\u00e1 en constante actualizaci\u00f3n. En 2001, el Estado griego, de la mano con la entonces llamada \u201cguerra contra el terrorismo\u201d que, a nivel internacional, agudiz\u00f3 tambi\u00e9n la guerra contra el enemigo interno, vot\u00f3 el art\u00edculo 187 sobre las organizaciones il\u00edcitas. En 2004, vot\u00f3 el art\u00edculo 187-A sobre las organizaciones terroristas.<\/em><\/p>\n<p style=\"text-align: justify\"><em>En el mismo per\u00edodo se pusieron en funcionamiento las primeras prisiones de alta seguridad de Malandrino, donde fueron trasladadxs lxs presxs m\u00e1s insumisxs, que experimentaban un tratamiento penitenciario especial, con aislamiento sensorial, encierro en m\u00f3dulos de pocas personas y dificultades en el tema de las salidas y las suspensiones de penas.<\/em><\/p>\n<p style=\"text-align: justify\"><em>En 2002 los presos del caso de 17 Noviembre fueron encerrados en las celdas subterr\u00e1neas de las prisiones femeninas de Koridallos, tambi\u00e9n en condiciones de aislamiento f\u00edsico y sensorial. El funcionamiento de las prisiones de Malandrino y de las celdas subterr\u00e1neas de Koridallos para presxs penales y pol\u00edticxs respectivamente fue la primera implementaci\u00f3n de este tipo de condiciones de detenci\u00f3n especiales en Grecia tras la transici\u00f3n a la democracia.<\/em><\/p>\n<p style=\"text-align: justify\"><em>Con los art\u00edculos 187 y 187-A se ampl\u00edan los contextos legales, para que quepan m\u00e1s acciones y aumente el nivel del castigo. La manera en que funcionan estas legislaciones implica jueces y fiscales especiales, salas de tribunales especiales, inexistencia de jurado, mayores penas por cada delito y, \u00faltimamente, la acusaci\u00f3n por la intenci\u00f3n de cometer un delito similar. Se trata obviamente de una legislaci\u00f3n vengativa que busca el aniquilamiento de lxs presxs.<\/em><\/p>\n<p style=\"text-align: justify\"><em>Aqu\u00ed hay que mencionar un caso especial, el del guerrillero con diversas lesiones de gravedad, Savvas Xiros, que lleva 13 a\u00f1os enfrent\u00e1ndose a una muerte lenta dentro de la prisi\u00f3n.<\/em><\/p>\n<p style=\"text-align: justify\"><em>La \u00faltima aplicaci\u00f3n del Estado de excepci\u00f3n es el funcionamiento de las prisiones de tipo C. A trav\u00e9s del agravamiento del contexto legal que las delimita, se prolonga much\u00edsimo la prisi\u00f3n efectiva para lxs encerradxs all\u00ed. Aparte del aislamiento f\u00edsico y sensorial que supone el encierro en las prisiones de tipo C.<\/em><\/p>\n<p style=\"text-align: justify\"><em>Una caracter\u00edstica particular del r\u00e9gimen de excepci\u00f3n es su implementaci\u00f3n como piloto y su continua expansi\u00f3n posterior. Un ejemplo es la aplicaci\u00f3n del art\u00edculo 187 que inicialmente se aplicaba a algunas decenas de presos y bajo el que ahora se encuentra acusado casi el 30% de la poblaci\u00f3n carcelaria.<\/em><\/p>\n<p style=\"text-align: justify\"><em>La puesta en marcha de las prisiones de tipo C es otro ejemplo, donde aparte de lxs catalogadxs inicialmente como presxs de tipo C (acusadxs bajo los art\u00edculos 187 y 187-A) a cualquier presx insumisx se le puede catalogar como peligrosx y trasladarlx all\u00ed.<\/em><\/p>\n<p style=\"text-align: justify\"><em>Aparte del campo legislativo, el r\u00e9gimen de excepci\u00f3n se cristaliza tambi\u00e9n a nivel de investigaci\u00f3n y pruebas. La aparici\u00f3n del an\u00e1lisis de ADN ha creado un nuevo tipo de acercamiento policial-judicial que presenta sus peritajes como verdades innegables.<\/em><\/p>\n<p style=\"text-align: justify\"><em>Por naturaleza, el material gen\u00e9tico es una prueba extremadamente arriesgada en relaci\u00f3n con los resultados que se pueden obtener al analizarlo. La facilidad de su transferencia de humanx a humanx u objetos y su mezcla deja tantas posibilidades abiertas como las conclusiones que se quieran extraer al utilizarlo como prueba incriminatoria.<\/em><\/p>\n<p style=\"text-align: justify\"><em>A pesar del hecho de que todo esto es del todo conocido tanto para lxs cient\u00edficxs que se empe\u00f1an con el asunto, como para los aparatos represivos que lo utilizan, la recolecci\u00f3n, el procesamiento y el registro del material gen\u00e9tico es la nueva s\u00faper-arma de represi\u00f3n legislativa, justo por la ambig\u00fcedad que supone.<\/em><\/p>\n<p style=\"text-align: justify\"><em>La insuficiencia del m\u00e9todo en uso se demuestra por la estruendosa ausencia de bi\u00f3logxs polic\u00edas en los tribunales para apoyar sus an\u00e1lisis, en contraste con la presencia de polic\u00edas que realizaron el arresto, los interrogatorios, los de explosivos y otras especialidades<\/em><\/p>\n<p style=\"text-align: justify\"><em>La importancia que la pr\u00e1ctica represiva da al an\u00e1lisis de ADN la demuestra el hecho de que lo utilizan cada vez m\u00e1s en las salas de los tribunales. Hay personas que fueron acusadas por delitos varios, con la \u00fanica indicaci\u00f3n de una mezcla de tipos gen\u00e9ticos encontrada cerca del espacio de las investigaciones. A pesar de que el m\u00e9todo internacional cient\u00edfico determina arriesgado el an\u00e1lisis de mezclas de ADN, ha habido bastantes condenas basadas simplemente en el encuentro de una mezcla de ADN.<\/em><\/p>\n<p style=\"text-align: justify\"><em>Por otro lado, la insistencia de la polic\u00eda en la extracci\u00f3n violenta de muestras de ADN que no s\u00f3lo se permite, sino que se impone convirtiendo todo el proceso en una tortura, es una muestra m\u00e1s de la importancia que tiene para el r\u00e9gimen la creaci\u00f3n de bases de biodatos.<\/em><\/p>\n<p style=\"text-align: justify\"><em>Por todas estas razones, creemos que ya es hora pol\u00edticamente de que se limite la forma de evaluar el material gen\u00e9tico.<\/em><\/p>\n<p style=\"text-align: justify\"><em>No cabe ninguna duda de que el Estado usa cualquier medio que le permitan las relaciones sociales de turno para el mantenimiento de la dominaci\u00f3n de clase. Por lo tanto, ser\u00eda tonto esperar que los que se ven da\u00f1ados por la lucha subversiva no tomen sus medidas. Lo que podemos exigir de la patronal y su Estado a trav\u00e9s del coste an\u00e1logo que les causaremos es que retrocedan aboliendo:<\/em><\/p>\n<p style=\"text-align: justify\"><em>\u2013 El art\u00edculo 187<\/em><\/p>\n<p style=\"text-align: justify\"><em>\u2013 El art\u00edculo 187-A<\/em><\/p>\n<p style=\"text-align: justify\"><em>\u2013 El agravante de acci\u00f3n realizada con las caracter\u00edsticas faciales cubiertas (\u201cley de la capucha\u201d)<\/em><\/p>\n<p style=\"text-align: justify\"><em>\u2013 El marco legal que define el funcionamiento de las prisiones tipo C.<\/em><\/p>\n<p style=\"text-align: justify\"><em>Y delimitando el procesamiento y uso del material gen\u00e9tico. Exigimos, concretamente:<\/em><\/p>\n<p style=\"text-align: justify\"><em>\u2013 La abolici\u00f3n de la orden de la fiscal\u00eda con la que se impone la toma violenta de muestras de ADN<\/em><\/p>\n<p style=\"text-align: justify\"><em>\u2013 Que lxs peritxs bi\u00f3logxs de confianza del\/de la acusadx tengan acceso y puedan analizar las muestras de ADN, si el\/la acusadx lo desea<\/em><\/p>\n<p style=\"text-align: justify\"><em>\u2013 La abolici\u00f3n del an\u00e1lisis de muestras que contienen mezcla de material gen\u00e9tico de m\u00e1s de dos personas.<\/em><\/p>\n<p style=\"text-align: justify\"><em>Tambi\u00e9n exigimos:<\/em><\/p>\n<p style=\"text-align: justify\"><em>\u2013 La liberaci\u00f3n inmediata de Savvas Xiros para que pueda recibir el tratamiento m\u00e9dico que necesita.<\/em><\/p>\n<p style=\"text-align: justify\"><em>No confiamos nada en las palabras de ning\u00fan gobierno y no olvidamos que todo se conquista a trav\u00e9s de la lucha. Por eso, el 2 de marzo de 2015, nos ponemos en huelga de hambre exigiendo el cumplimiento de nuestras demandas.<\/em><\/p>\n<p style=\"text-align: justify\"><em><a class=\"bbc_link\" href=\"https:\/\/asirmatista.noblogs.org\/post\/2015\/03\/02\/apergia-peinas-apo-2-3-prwtoi-pente-apo-d-a-k\/\" target=\"_blank\">Red de Luchadores Presos<\/a><\/em><\/p>\n<p style=\"text-align: justify\"><em>&#8212;&#8212;&#8212;&#8212;&#8212;&#8211;<\/em><\/p>\n<p style=\"text-align: justify\">As\u00ed mismo, en la c\u00e1rcel de Neapoli (Creta), dos presas asumieron as\u00ed mismo una abstenci\u00f3n de la comida de la prisi\u00f3n,\u00a0el d\u00eda 3 de marzo, para solidarizarse con los otros presos en huelga de hambre. Las compa\u00f1eras habr\u00edan presentado un texto a la administraci\u00f3n penitenciaria advirtiendo que es posible que intensifiquen su protesta pr\u00f3ximamente:<\/p>\n<p style=\"text-align: justify\"><em>&#8212;&#8212;&#8212;&#8212;&#8212;&#8211;<\/em><\/p>\n<p style=\"text-align: justify\"><em>Dos de las presas bajo miserables condiciones en el m\u00f3dulo para mujeres de las prisiones masculinas de Neapoli, Lasithi (isla de Creta) han comenzado desde hoy, 3 de marzo del 2015, una <a href=\"http:\/\/www.eksegersi.gr\/%CE%95%CF%80%CE%B9%CE%BA%CE%B1%CE%B9%CF%81%CF%8C%CF%84%CE%B7%CF%84%CE%B1\/23434.%CE%91%CF%80%CE%BF%CF%87%CE%AE-%CF%83%CF%85%CF%83%CF%83%CE%B9%CF%84%CE%AF%CE%BF%CF%85-%CE%B1%CF%80%CF%8C-%CE%B3%CF%85%CE%BD%CE%B1%CE%AF%CE%BA%CE%B5%CF%82-%CE%BA%CF%81%CE%B1%CF%84%CE%BF%CF%8D%CE%BC%CE%B5%CE%BD%CE%B5%CF%82-%CF%83%CF%84%CE%B7\" target=\"_blank\">abstenci\u00f3n de la comida de prisi\u00f3n<\/a>, como muestra de solidaridad con los presos pol\u00edticos en huelga de hambre. En el texto que dieron a la administraci\u00f3n de la prisi\u00f3n dicen que los pr\u00f3ximos d\u00edas es posible que intensifiquen su protesta.<\/em><\/p>\n<p style=\"text-align: justify\"><em>&#8212;&#8212;&#8212;&#8212;&#8212;&#8211;<\/em><\/p>\n<p style=\"text-align: justify\">Por ahora, esto es todo. La huelga de hambre de los compa\u00f1eros contin\u00faa y le toca mover ficha al Estado.<\/p>\n<p style=\"text-align: justify\">\u00a1Fuerza a los huelguistas de hambre en las prisiones griegas!<br \/>\n\u00a1Abajo los muros de todos los talegos!<\/p>\n<p style=\"text-align: justify\"><img loading=\"lazy\" decoding=\"async\" class=\" aligncenter\" src=\"http:\/\/es.contrainfo.espiv.net\/files\/2015\/03\/bar.jpg\" alt=\"\" width=\"521\" height=\"236\" \/><\/p>\n","protected":false},"excerpt":{"rendered":"<p>De Contra Info recojo distintas noticias informando de diferentes huelgas de hambre comenzadas por compas y prisionerxs comunes en las c\u00e1rceles de la democracia griega. A continuaci\u00f3n, los respectivos comunicados junto a una contextualizaci\u00f3n breve: El pasado 2 de marzo, &hellip; <a href=\"https:\/\/vozcomoarma.noblogs.org\/?p=6595\">Sigue leyendo <span class=\"meta-nav\">&rarr;<\/span><\/a><\/p>\n","protected":false},"author":7045,"featured_media":0,"comment_status":"closed","ping_status":"open","sticky":false,"template":"","format":"standard","meta":{"footnotes":""},"categories":[58,187,122,59,200,184,61,9,7,131],"tags":[15,16,24,19,11,71],"class_list":["post-6595","post","type-post","status-publish","format-standard","hentry","category-acciones","category-antonis-stamboulos","category-caso-de-velventos-kozani-grecia","category-convocatorias","category-kostas-gournas","category-nikos-maziotis","category-noticias","category-noticias-y-comunicados","category-presxs","category-tasos-theofilou","tag-grecia","tag-guerra-social","tag-reflexion","tag-represion","tag-solidaridad","tag-tortura"],"_links":{"self":[{"href":"https:\/\/vozcomoarma.noblogs.org\/index.php?rest_route=\/wp\/v2\/posts\/6595","targetHints":{"allow":["GET"]}}],"collection":[{"href":"https:\/\/vozcomoarma.noblogs.org\/index.php?rest_route=\/wp\/v2\/posts"}],"about":[{"href":"https:\/\/vozcomoarma.noblogs.org\/index.php?rest_route=\/wp\/v2\/types\/post"}],"author":[{"embeddable":true,"href":"https:\/\/vozcomoarma.noblogs.org\/index.php?rest_route=\/wp\/v2\/users\/7045"}],"replies":[{"embeddable":true,"href":"https:\/\/vozcomoarma.noblogs.org\/index.php?rest_route=%2Fwp%2Fv2%2Fcomments&post=6595"}],"version-history":[{"count":4,"href":"https:\/\/vozcomoarma.noblogs.org\/index.php?rest_route=\/wp\/v2\/posts\/6595\/revisions"}],"predecessor-version":[{"id":6686,"href":"https:\/\/vozcomoarma.noblogs.org\/index.php?rest_route=\/wp\/v2\/posts\/6595\/revisions\/6686"}],"wp:attachment":[{"href":"https:\/\/vozcomoarma.noblogs.org\/index.php?rest_route=%2Fwp%2Fv2%2Fmedia&parent=6595"}],"wp:term":[{"taxonomy":"category","embeddable":true,"href":"https:\/\/vozcomoarma.noblogs.org\/index.php?rest_route=%2Fwp%2Fv2%2Fcategories&post=6595"},{"taxonomy":"post_tag","embeddable":true,"href":"https:\/\/vozcomoarma.noblogs.org\/index.php?rest_route=%2Fwp%2Fv2%2Ftags&post=6595"}],"curies":[{"name":"wp","href":"https:\/\/api.w.org\/{rel}","templated":true}]}}