{"id":6660,"date":"2015-03-06T14:56:57","date_gmt":"2015-03-06T13:56:57","guid":{"rendered":"http:\/\/vozcomoarma.noblogs.org\/?p=6660"},"modified":"2015-03-06T14:59:31","modified_gmt":"2015-03-06T13:59:31","slug":"6660","status":"publish","type":"post","link":"https:\/\/vozcomoarma.noblogs.org\/?p=6660","title":{"rendered":"Escrito solidario con Javier Guerrero Carvajal, preso en lucha desde el 11 de diciembre de 2014 en huelga de hambre"},"content":{"rendered":"<p style=\"text-align: justify\" align=\"JUSTIFY\">A continuaci\u00f3n dejo el siguiente escrito\u00a0solidario con el preso en lucha Javier Guerrero Carvajal, firmado como <em>\u00abAlgunxs anarquistas solidarixs con Javier&#8230;\u00bb<\/em>, a casi 3 meses del inicio de su huelga de hambre, y donde se incluye informaci\u00f3n actualizada de su situaci\u00f3n y su caso.<\/p>\n<p style=\"text-align: justify\" align=\"JUSTIFY\">Para m\u00e1s informaci\u00f3n, aconsejo tambi\u00e9n escuchar el programa Tokata y Fuga del pasado 28 de febrero (click <a href=\"http:\/\/tokata.info\/tokata-y-fuga-28-ii-2015-huelgas-de-hambre-de-guerrero-78-dias-y-antunez-37-nuestra-unica-fuerza-la-solidarid\/\">aqu\u00ed<\/a> para acceder), donde adem\u00e1s de informar sobre el estado de Javier, se entrevista a algunxs compa\u00f1erxs que participaron en la acci\u00f3n de ayuno solidario rotativo llevada a cabo en las calles de Pontevedra recientemente.<\/p>\n<p style=\"text-align: justify\" align=\"JUSTIFY\">&#8212;&#8212;&#8212;&#8212;&#8212;&#8212;&#8211;<\/p>\n<p style=\"text-align: justify\" align=\"JUSTIFY\"><em>El compa\u00f1ero Javier Guerrero Carvajal lleva desde el pasado 11 de diciembre de 2014 en huelga de hambre exigiendo, adem\u00e1s de las demandas de la propia campa\u00f1a C\u00e1rcel = Tortura y de la lucha de lxs presxs contra los malos tratos y los abusos en las c\u00e1rceles del Estado espa\u00f1ol, que se revise su situaci\u00f3n para que le sean devueltos los permisos de salida que le fueron retenidos como castigo por una sanci\u00f3n claramente injusta, y que buscaba junto a muchas otras agresiones a Javier, tratar de someterle e impedirle continuar denunciando lo que ocurre tras los muros.<\/em><\/p>\n<p style=\"text-align: justify\" align=\"JUSTIFY\"><em>Desde enero, el compa\u00f1ero permanece hospitalizado en la Unidad Penitenciaria del Hospital Provincial de Pontevedra, tras un agravio serio de su salud ligado a dos breves huelgas de sed &#8211; de cuatro d\u00edas la primera y de dos d\u00edas la segunda &#8211; que sum\u00f3 a su huelga de hambre. All\u00ed, Javier ha rechazado los sueros y la comida, y a pesar de las amenazas diversas que ha recibido (atarle a la cama, ponerle suero contra su voluntad y otras) contin\u00faa su lucha. El personal del hospital act\u00faa como c\u00f3mplice de esta tortura, y siguiendo las \u00f3rdenes de la administraci\u00f3n penitenciaria de A Lama (prisi\u00f3n pontevedresa donde se encontraba internado en el momento de iniciar su huelga de hambre) siguen sin dejarle recibir visitas o llamadas telef\u00f3nicas de sus familiares y amigxs, limit\u00e1ndole las visitas de lxs abogadxs y neg\u00e1ndole el acceso a su expediente m\u00e9dico y a informaci\u00f3n acerca de su estado de salud. Todas estas medidas tienen como objetivo intentar disuadirle de continuar su protesta.<\/em><\/p>\n<p style=\"text-align: justify\" align=\"JUSTIFY\"><em>Javier ha tenido que ser operado ya dos veces por fallos renales. Ha estado en riesgo de trombosis y ha llegado al extremo de tener que acceder a ingerir peque\u00f1as dosis de alimentos para poder mantener la consciencia (en ning\u00fan momento con intenci\u00f3n de abandonar la huelga). Sufre constantes bajones de az\u00facar y tensi\u00f3n y se encuentra en un grave riesgo de muerte s\u00fabita. Somos muchxs lxs que hemos contactado con \u00e9l para pedirle que deje su huelga, al contemplar c\u00f3mo se deteriora su salud mientras vemos c\u00f3mo ni la lucha de Javier ni las acciones y movilizaciones que se han dado en apoyo en la ciudad de Pontevedra o m\u00e1s all\u00e1 est\u00e1n dando resultado (concentraciones, pancartas colocadas en la calle, pintadas, reparto de panfletos, pegada de carteles, difusi\u00f3n por la red, comunicados a los medios de comunicaci\u00f3n burgueses y declaraciones en programas de radio como el realizado por lxs compas de Bolet\u00edn Tokata &#8211; a quienes queremos agradecer sinceramente su apoyo y seguimiento del caso &#8211; un ayuno solidario llevado a cabo por varixs solidarixs en las calles de la ciudad, escritos al juez de vigilancia penitenciaria, sabotajes contra distintas entidades que se lucran con el negocio carcelario&#8230;). Aun as\u00ed, por una carta que Javier envi\u00f3 a unx compa\u00f1erx, sabemos que le han vuelto a amenazar con sondearle contra su voluntad, a lo que \u00e9l responde que no s\u00f3lo no dejar\u00e1 su huelga de hambre (la cual no puede abandonar porque su orgullo y moral no se lo permiten, tal y como \u00e9l explic\u00f3), sino que en caso de ocurrir esto, est\u00e1 dispuesto a ir hasta el final y a iniciar una huelga indefinida de sed, lo que sin duda puede costarle la vida, y que inyecta una mayor emergencia a que las iniciativas solidarias sigan aflorando y el caso y situaci\u00f3n de Javi salgan a la calle de todos las formas posibles, pues esa y no otra es la \u00fanica manera que tenemos de presionar a las instituciones para que Javi vea cumplidas sus exigencias.<\/em><\/p>\n<p style=\"text-align: justify\" align=\"JUSTIFY\"><em>No podemos permanecer impasibles ni calladxs ante este en\u00e9simo caso de torturas y exterminio sistem\u00e1tico y encubierto de una persona presa por los lacayos cobardes de un sistema que primero crea la miseria y luego margina y encierra a sus v\u00edctimas y, especialmente, a quienes osan intentar salir de ella m\u00e1s all\u00e1 de los cauces que el Estado y el Capital ofrecen para ello.<\/em><\/p>\n<p style=\"text-align: justify\" align=\"JUSTIFY\"><em>\u00a1EXIGIMOS LA REVISI\u00d3N INMEDIATA DEL CASO DE JAVIER GUERRERO CARVAJAL Y EL FIN DE LAS CONDICIONES DE PRESI\u00d3N Y TORTURA A LAS QUE SE ENCUENTRA SOMETIDO EN EL HOSPITAL PROVINCIAL DE PONTEVEDRA!<\/em><\/p>\n<p style=\"text-align: justify\" align=\"JUSTIFY\"><em>\u00a1ABAJO LA SOCIEDAD CARCELARIA, TODAS SUS ILUSIONES Y TODOS SUS MUROS!<\/em><\/p>\n<p style=\"text-align: justify\" align=\"JUSTIFY\"><em>Algunxs anarquistas solidarixs con Javier<\/em><\/p>\n<p style=\"text-align: justify\" align=\"JUSTIFY\">&#8212;&#8212;&#8212;&#8212;&#8212;&#8212;&#8211;<\/p>\n<p style=\"text-align: justify\" align=\"JUSTIFY\">Para escribir a Javier:<\/p>\n<p style=\"text-align: justify\" align=\"JUSTIFY\">Javier Guerrero Carvajal<br \/>\nUnidad Penitenciaria del Hospital Provincial de Pontevedra<br \/>\nC\/ Loureiro Crespo &#8211; 36001<br \/>\nPontevedra<\/p>\n<p>Si est\u00e1is en Pontevedra o alrededores, otra opci\u00f3n es acudir personalmente a entregar la carta en el hospital. Explicad para qui\u00e9n es y pedid que se la den.<\/p>\n<p>Algunxs le hemos mandado\u00a0cartas y sabemos que le llegan. De hecho, nos responde, lo que quiere decir que el flujo de su correspondencia, tanto de entrada como de salida, por ahora es normal. \u00a1Rompamos el silencio!<\/p>\n<p style=\"text-align: justify\" align=\"JUSTIFY\"><img loading=\"lazy\" decoding=\"async\" class=\" aligncenter\" src=\"https:\/\/abordaxe.files.wordpress.com\/2015\/03\/11651_450754075083737_5229913622494179619_n.jpg\" alt=\"\" width=\"581\" height=\"412\" \/><\/p>\n","protected":false},"excerpt":{"rendered":"<p>A continuaci\u00f3n dejo el siguiente escrito\u00a0solidario con el preso en lucha Javier Guerrero Carvajal, firmado como \u00abAlgunxs anarquistas solidarixs con Javier&#8230;\u00bb, a casi 3 meses del inicio de su huelga de hambre, y donde se incluye informaci\u00f3n actualizada de su &hellip; <a href=\"https:\/\/vozcomoarma.noblogs.org\/?p=6660\">Sigue leyendo <span class=\"meta-nav\">&rarr;<\/span><\/a><\/p>\n","protected":false},"author":7045,"featured_media":0,"comment_status":"closed","ping_status":"open","sticky":false,"template":"","format":"standard","meta":{"footnotes":""},"categories":[58,59,197,61,9,7],"tags":[17,18,16,42,24,19,11,71],"class_list":["post-6660","post","type-post","status-publish","format-standard","hentry","category-acciones","category-convocatorias","category-javier-g-carvajal","category-noticias","category-noticias-y-comunicados","category-presxs","tag-carcel","tag-galicia","tag-guerra-social","tag-movimientos-sociales","tag-reflexion","tag-represion","tag-solidaridad","tag-tortura"],"_links":{"self":[{"href":"https:\/\/vozcomoarma.noblogs.org\/index.php?rest_route=\/wp\/v2\/posts\/6660","targetHints":{"allow":["GET"]}}],"collection":[{"href":"https:\/\/vozcomoarma.noblogs.org\/index.php?rest_route=\/wp\/v2\/posts"}],"about":[{"href":"https:\/\/vozcomoarma.noblogs.org\/index.php?rest_route=\/wp\/v2\/types\/post"}],"author":[{"embeddable":true,"href":"https:\/\/vozcomoarma.noblogs.org\/index.php?rest_route=\/wp\/v2\/users\/7045"}],"replies":[{"embeddable":true,"href":"https:\/\/vozcomoarma.noblogs.org\/index.php?rest_route=%2Fwp%2Fv2%2Fcomments&post=6660"}],"version-history":[{"count":4,"href":"https:\/\/vozcomoarma.noblogs.org\/index.php?rest_route=\/wp\/v2\/posts\/6660\/revisions"}],"predecessor-version":[{"id":6664,"href":"https:\/\/vozcomoarma.noblogs.org\/index.php?rest_route=\/wp\/v2\/posts\/6660\/revisions\/6664"}],"wp:attachment":[{"href":"https:\/\/vozcomoarma.noblogs.org\/index.php?rest_route=%2Fwp%2Fv2%2Fmedia&parent=6660"}],"wp:term":[{"taxonomy":"category","embeddable":true,"href":"https:\/\/vozcomoarma.noblogs.org\/index.php?rest_route=%2Fwp%2Fv2%2Fcategories&post=6660"},{"taxonomy":"post_tag","embeddable":true,"href":"https:\/\/vozcomoarma.noblogs.org\/index.php?rest_route=%2Fwp%2Fv2%2Ftags&post=6660"}],"curies":[{"name":"wp","href":"https:\/\/api.w.org\/{rel}","templated":true}]}}