{"id":6721,"date":"2015-03-10T15:12:27","date_gmt":"2015-03-10T14:12:27","guid":{"rendered":"http:\/\/vozcomoarma.noblogs.org\/?p=6721"},"modified":"2015-03-10T15:12:27","modified_gmt":"2015-03-10T14:12:27","slug":"llega-el-espectaculo-sexo-dos-horrores-al-csoa-quinta-da-carminha-vigo-viernes-13-a-las-2000","status":"publish","type":"post","link":"https:\/\/vozcomoarma.noblogs.org\/?p=6721","title":{"rendered":"Llega el espect\u00e1culo \u00abSexo dos horrores\u00bb al CSOA Quinta da Carminha (Vigo) &#8211; Viernes 13 a las 20:00"},"content":{"rendered":"<p style=\"text-align: justify\">Recojo de Abordaxe! y traduzco esta convocatoria para acudir a presenciar esta obra que, tras el \u00e9xito que tuvo en Ourense (dentro de las Jornadas sobre cuerpos e identidades divergentes, celebradas en el CSO A Kasa Negra) llega ahora a a este centro social okupado en la ciudad ol\u00edvica de los barcos navega-rotondas, para continuar con su show:<\/p>\n<p style=\"text-align: justify\">&#8212;&#8212;&#8212;&#8212;&#8212;<\/p>\n<p style=\"text-align: justify\"><em>El sexo de los horrores es un espect\u00e1culo performativo, de cr\u00edtica del g\u00e9nero que procura trascender los estereotipos del heternormativismo, jugando, provocando, haciendo de la destrucci\u00f3n del g\u00e9nero una lucha en positivo, lejos de victimismos y de las ataduras de un sistema binarista.<\/em><\/p>\n<p style=\"text-align: justify\"><em>Adem\u00e1s, somos una \u00abcompa\u00f1\u00eda\u00bb inusual, l\u00fampenes organizadxs, una organizaci\u00f3n horizontal y din\u00e1mica que pretende hacer del teatro y la performance m\u00e1s que un medio de libre expresi\u00f3n, una forma de lucha contra nosotrxs mismxs y nuestra cotidianidad.<span id=\"more-5119\"><\/span><\/em><\/p>\n<p style=\"text-align: justify\"><em>\u00a1Esperemos que os \u00abhorrorice\u00bb y os trastorne tanto como a nosotrxs!<\/em><\/p>\n<p style=\"text-align: justify\"><em>\u00a1All\u00ed os esperamos!<\/em><strong><br \/>\n<\/strong><\/p>\n<p style=\"text-align: justify\">&#8212;&#8212;&#8212;&#8212;&#8212;<\/p>\n<p style=\"text-align: justify\">Para llegar a la okupa:<\/p>\n<p style=\"text-align: justify\">R\u00faa do Carme n\u00ba 1 (muy cerca de Plaza Am\u00e9rica, se accede por Gran V\u00eda).<\/p>\n<p style=\"text-align: justify\"><a href=\"https:\/\/vozcomoarma.noblogs.org\/files\/2015\/03\/11043062_10205020573866019_7317796600032216286_n.jpg\"><img loading=\"lazy\" decoding=\"async\" class=\"aligncenter size-full wp-image-6722\" src=\"https:\/\/vozcomoarma.noblogs.org\/files\/2015\/03\/11043062_10205020573866019_7317796600032216286_n.jpg\" alt=\"Sexo Horrores Vigo\" width=\"480\" height=\"680\" srcset=\"https:\/\/vozcomoarma.noblogs.org\/files\/2015\/03\/11043062_10205020573866019_7317796600032216286_n.jpg 480w, https:\/\/vozcomoarma.noblogs.org\/files\/2015\/03\/11043062_10205020573866019_7317796600032216286_n-212x300.jpg 212w\" sizes=\"auto, (max-width: 480px) 100vw, 480px\" \/><\/a><\/p>\n","protected":false},"excerpt":{"rendered":"<p>Recojo de Abordaxe! y traduzco esta convocatoria para acudir a presenciar esta obra que, tras el \u00e9xito que tuvo en Ourense (dentro de las Jornadas sobre cuerpos e identidades divergentes, celebradas en el CSO A Kasa Negra) llega ahora a &hellip; <a href=\"https:\/\/vozcomoarma.noblogs.org\/?p=6721\">Sigue leyendo <span class=\"meta-nav\">&rarr;<\/span><\/a><\/p>\n","protected":false},"author":7045,"featured_media":0,"comment_status":"closed","ping_status":"open","sticky":false,"template":"","format":"standard","meta":{"footnotes":""},"categories":[59,61,9],"tags":[49,18,16,42],"class_list":["post-6721","post","type-post","status-publish","format-standard","hentry","category-convocatorias","category-noticias","category-noticias-y-comunicados","tag-anti-sexismo","tag-galicia","tag-guerra-social","tag-movimientos-sociales"],"_links":{"self":[{"href":"https:\/\/vozcomoarma.noblogs.org\/index.php?rest_route=\/wp\/v2\/posts\/6721","targetHints":{"allow":["GET"]}}],"collection":[{"href":"https:\/\/vozcomoarma.noblogs.org\/index.php?rest_route=\/wp\/v2\/posts"}],"about":[{"href":"https:\/\/vozcomoarma.noblogs.org\/index.php?rest_route=\/wp\/v2\/types\/post"}],"author":[{"embeddable":true,"href":"https:\/\/vozcomoarma.noblogs.org\/index.php?rest_route=\/wp\/v2\/users\/7045"}],"replies":[{"embeddable":true,"href":"https:\/\/vozcomoarma.noblogs.org\/index.php?rest_route=%2Fwp%2Fv2%2Fcomments&post=6721"}],"version-history":[{"count":1,"href":"https:\/\/vozcomoarma.noblogs.org\/index.php?rest_route=\/wp\/v2\/posts\/6721\/revisions"}],"predecessor-version":[{"id":6723,"href":"https:\/\/vozcomoarma.noblogs.org\/index.php?rest_route=\/wp\/v2\/posts\/6721\/revisions\/6723"}],"wp:attachment":[{"href":"https:\/\/vozcomoarma.noblogs.org\/index.php?rest_route=%2Fwp%2Fv2%2Fmedia&parent=6721"}],"wp:term":[{"taxonomy":"category","embeddable":true,"href":"https:\/\/vozcomoarma.noblogs.org\/index.php?rest_route=%2Fwp%2Fv2%2Fcategories&post=6721"},{"taxonomy":"post_tag","embeddable":true,"href":"https:\/\/vozcomoarma.noblogs.org\/index.php?rest_route=%2Fwp%2Fv2%2Ftags&post=6721"}],"curies":[{"name":"wp","href":"https:\/\/api.w.org\/{rel}","templated":true}]}}