{"id":6724,"date":"2015-03-10T15:35:26","date_gmt":"2015-03-10T14:35:26","guid":{"rendered":"http:\/\/vozcomoarma.noblogs.org\/?p=6724"},"modified":"2015-03-10T15:43:57","modified_gmt":"2015-03-10T14:43:57","slug":"asesinxs-borja-martin-gomez-aparece-ahorcado-en-su-celda-del-cp-de-a-lama-pontevedra","status":"publish","type":"post","link":"https:\/\/vozcomoarma.noblogs.org\/?p=6724","title":{"rendered":"Suma y sigue&#8230; Nueva muerte en A Lama. Borja Mart\u00edn G\u00f3mez \u00abaparece ahorcado\u00bb en su celda"},"content":{"rendered":"<p style=\"text-align: justify\">Recojo esta noticia de lxs compa\u00f1erxs del Bolet\u00edn Tokata, compartiendo la misma rabia, impotencia y tristeza que ellxs.<\/p>\n<p style=\"text-align: justify\">&#8212;&#8212;&#8212;&#8212;&#8212;&#8212;&#8212;&#8211;<\/p>\n<p style=\"text-align: justify\"><em>Seg\u00fan un medio burgu\u00e9s de la provincia de Pontevedra, ha \u00abaparecido muerto\u00bb, ahorcado, en la celda del m\u00f3dulo de primer grado donde estaba encerrado, en la c\u00e1rcel de A Lama, el compa\u00f1ero Borja Mart\u00edn G\u00f3mez, \u00abVolvo\u00bb. Borja era un preso rebelde y reivindicativo que particip\u00f3, por ejemplo, muy activamente en la campa\u00f1a C\u00e1rcel=Tortura. Lo sol\u00edan trasladar muy a menudo por su supuesta \u201cconflictividad\u201d y cada vez que llegaba a una prisi\u00f3n nueva propon\u00eda a todo el mundo participar en los ayunos; animadxs por \u00e9l se sumaron muchos compa\u00f1eros. No nos fiamos ni poco ni mucho ni nada de la versi\u00f3n oficial, pues, conociendo a Borja, no nos parece que pudiera tener \u00e9l el \u00e1nimo de ahorcarse. En A Lama, prisi\u00f3n famosa por la violencia y mala fe de sus carceleros, muri\u00f3 tambi\u00e9n supuestamente ahorcado en abril pasado Eugenio Garc\u00eda Serrano, Gavioto, sin que sus familiares y amigos hayan podio disipar sus sospechas de que no lo fuera por su propia mano. Recordamos con rabia y cari\u00f1o a nuestro compa\u00f1ero Borja, corresponsal durante varios a\u00f1os de nuestro\u00a0 bolet\u00edn, y esperamos les llegue a quienes le quisieron que la gente del Tokata compartimos intensamente el dolor por su muerte. A continuaci\u00f3n, un poema suyo\u00a0 que nos envi\u00f3 en mayo de 2011.<\/em><\/p>\n<p id=\"post-3556\" style=\"text-align: justify\"><em><strong>A ti, Libertad\u2026<\/strong><\/em><\/p>\n<div class=\"entrytext\">\n<p style=\"text-align: justify\"><em>A ti, LIBERTAD, que permaneces en vigilia en el sendero de las ansias.<br \/>\nQue percibes la humedad de las lluvias interminables y el hielo de las nieves perpetuas.<br \/>\nQue sientes los p\u00e9talos de una flor negra: la de las tristezas densas.<br \/>\nNo sufras\u2026<br \/>\nNo est\u00e1s sola\u2026<br \/>\nNo temas.<br \/>\nPues la vida es un trozo de m\u00e1rmol y nosotros los cinceles que golpean la piedra creando la estatua inacabada de nuestros actos.<br \/>\nAtiende, LIBERTAD,<br \/>\nAti\u00e9ndeme ahora que te he encontrado:<br \/>\nBusca en tus nervios la tensa sinfon\u00eda de los a\u00f1os muertos y derrama en cada nota el silencio de tus miedos.<br \/>\nNo sufras\u2026<br \/>\nNo est\u00e1s sola\u2026<br \/>\nNo temas.<br \/>\nPues nosotros somos los sensibles cinceles<br \/>\nQue rebeldes golpean violentos la piedra.<\/em><\/p>\n<p style=\"text-align: justify\"><em><strong>Borja Mart\u00edn G\u00f3mez<\/strong><\/em><\/p>\n<p>&#8212;&#8212;&#8212;&#8212;&#8212;&#8212;&#8212;&#8211;<\/p>\n<\/div>\n<p style=\"text-align: justify\">A lxs que dorm\u00eds tranquilxs cada noche despu\u00e9s de cerrar las puertas de las celdas sabiendo que dentro dej\u00e1is a seres humanxs, a lxs que d\u00e1is palizas, a lxs que les encubr\u00eds, a lxs que aisl\u00e1is a las personas en espacios as\u00e9pticos donde les priv\u00e1is de toda sensaci\u00f3n o experiencia, a quienes rob\u00e1is la energ\u00eda de las personas, convirti\u00e9ndolas en sombras adictas a vuestras drogas legales y a vuestras rutinas y us\u00e1is luego esa energ\u00eda como moneda de cambio, a quienes hac\u00e9is de la pobreza un negocio oculto, cruel y asesino: Vais a pagar por esto, por esto y por todas las dem\u00e1s muertes y por todo el sufrimiento que d\u00eda a d\u00eda infring\u00eds impunemente en vuestros cementerios de sue\u00f1os, esos donde bajo el amparo de la ley de los ricos y la falacia pseudofil\u00e1ntropa de la reinserci\u00f3n sepult\u00e1is en vida a todxs aquellxs que no pueden o no quieren adaptarse a vuestro enfermo modelo social, que s\u00f3lo crea miseria y opresi\u00f3n all\u00e1 por donde pasa.<\/p>\n<p style=\"text-align: justify\">Porque no nos olvidamos de Borja, pero tampoco de \u00abGavioto\u00bb, ni de otrxs tantxs asesinadxs (no nos creemos que haya sido un suicidio porque la moral de Borja o la de Gavioto era inquebrantable, a ellos no pudist\u00e9is reducirles a un recuerdo, ni acabar con su energ\u00eda, y por eso os los hab\u00e9is cargado). Tampoco nos olvidamos de Javier Guerrero, ni de Ant\u00fanez Becerra, ni de otrxs muchxs compa\u00f1erxs que contin\u00faan sus luchas con valor desafi\u00e1ndolo todo por un respiro de libertad, y con m\u00e1s dignidad de la que vosotrxs, mercenarixs s\u00e1dicxs y cobardes, tendr\u00e9is jam\u00e1s.<\/p>\n<p style=\"text-align: justify\">Abajo los muros de los campos de exterminio de la democracia&#8230;<\/p>\n","protected":false},"excerpt":{"rendered":"<p>Recojo esta noticia de lxs compa\u00f1erxs del Bolet\u00edn Tokata, compartiendo la misma rabia, impotencia y tristeza que ellxs. &#8212;&#8212;&#8212;&#8212;&#8212;&#8212;&#8212;&#8211; Seg\u00fan un medio burgu\u00e9s de la provincia de Pontevedra, ha \u00abaparecido muerto\u00bb, ahorcado, en la celda del m\u00f3dulo de primer grado &hellip; <a href=\"https:\/\/vozcomoarma.noblogs.org\/?p=6724\">Sigue leyendo <span class=\"meta-nav\">&rarr;<\/span><\/a><\/p>\n","protected":false},"author":7045,"featured_media":0,"comment_status":"closed","ping_status":"open","sticky":false,"template":"","format":"standard","meta":{"footnotes":""},"categories":[61,9],"tags":[35,17,18,19,11,71],"class_list":["post-6724","post","type-post","status-publish","format-standard","hentry","category-noticias","category-noticias-y-comunicados","tag-asesinato-de-estado","tag-carcel","tag-galicia","tag-represion","tag-solidaridad","tag-tortura"],"_links":{"self":[{"href":"https:\/\/vozcomoarma.noblogs.org\/index.php?rest_route=\/wp\/v2\/posts\/6724","targetHints":{"allow":["GET"]}}],"collection":[{"href":"https:\/\/vozcomoarma.noblogs.org\/index.php?rest_route=\/wp\/v2\/posts"}],"about":[{"href":"https:\/\/vozcomoarma.noblogs.org\/index.php?rest_route=\/wp\/v2\/types\/post"}],"author":[{"embeddable":true,"href":"https:\/\/vozcomoarma.noblogs.org\/index.php?rest_route=\/wp\/v2\/users\/7045"}],"replies":[{"embeddable":true,"href":"https:\/\/vozcomoarma.noblogs.org\/index.php?rest_route=%2Fwp%2Fv2%2Fcomments&post=6724"}],"version-history":[{"count":4,"href":"https:\/\/vozcomoarma.noblogs.org\/index.php?rest_route=\/wp\/v2\/posts\/6724\/revisions"}],"predecessor-version":[{"id":6731,"href":"https:\/\/vozcomoarma.noblogs.org\/index.php?rest_route=\/wp\/v2\/posts\/6724\/revisions\/6731"}],"wp:attachment":[{"href":"https:\/\/vozcomoarma.noblogs.org\/index.php?rest_route=%2Fwp%2Fv2%2Fmedia&parent=6724"}],"wp:term":[{"taxonomy":"category","embeddable":true,"href":"https:\/\/vozcomoarma.noblogs.org\/index.php?rest_route=%2Fwp%2Fv2%2Fcategories&post=6724"},{"taxonomy":"post_tag","embeddable":true,"href":"https:\/\/vozcomoarma.noblogs.org\/index.php?rest_route=%2Fwp%2Fv2%2Ftags&post=6724"}],"curies":[{"name":"wp","href":"https:\/\/api.w.org\/{rel}","templated":true}]}}