{"id":6729,"date":"2015-03-10T15:54:00","date_gmt":"2015-03-10T14:54:00","guid":{"rendered":"http:\/\/vozcomoarma.noblogs.org\/?p=6729"},"modified":"2015-03-10T15:55:27","modified_gmt":"2015-03-10T14:55:27","slug":"portugal-eventos-sobre-las-torturas-en-las-prisiones-y-el-negocio-penitenciario-en-el-estado-espanol-con-compas-de-la-publicacion-punto-de-fuga","status":"publish","type":"post","link":"https:\/\/vozcomoarma.noblogs.org\/?p=6729","title":{"rendered":"Portugal &#8211; Eventos sobre las torturas en las prisiones y el negocio penitenciario en el Estado espa\u00f1ol, con compas de la publicaci\u00f3n Punto de Fuga"},"content":{"rendered":"<p style=\"text-align: justify\">Recojo de <a href=\"https:\/\/abordaxe.wordpress.com\/2015\/03\/09\/lisboa-setubal-13-e-14-de-marco-conversa-sobre-as-torturas-nas-prisoes-e-o-negocio-penitenciario-em-espanha-a-cargo-da-revista-antiprisonal-punto-de-fuga\/\">Abordaxe!<\/a> y traduzco la siguiente convocatoria para los d\u00edas 13 y 14 de este mes de marzo, en las ciudades portuguesas de Lisboa y Set\u00fabal, donde tendr\u00e1n lugar dos eventos sobre las torturas en las prisiones espa\u00f1olas y el negocio penitenciario en el Estado espa\u00f1ol. Las charlas correr\u00e1n a cargo de compas de la publicaci\u00f3n anarquista y anticarcelaria Punto de Fuga:<\/p>\n<p style=\"text-align: justify\">&#8212;&#8212;&#8212;&#8212;&#8212;&#8212;<\/p>\n<p style=\"text-align: justify\"><em>En las prisiones del Estado espa\u00f1ol, como en las comisar\u00edas y en otros lugares, o en situaciones bajo el control de las \u00abfuerzas de seguridad\u00bb, se producen sistem\u00e1ticamente situaciones de tortura, tanto psicol\u00f3gica como f\u00edsica, especialmente contra las personas que participan en movimientos sociales y contestatarios. Algo deplorable y vergonzoso, que ha sido denunciado por innumerables asociaciones de derechos humanos. El colectivo editorial de la revista <a href=\"http:\/\/puntodefuga.org\">\u201cPunto de Fuga\u201d<\/a> nos hablar\u00e1 de la situaci\u00f3n en las prisiones espa\u00f1olas.<\/em><\/p>\n<p style=\"text-align: justify\"><strong><em>&#8211; 13 de Marzo (viernes) en Lisboa:<\/em><\/strong><\/p>\n<p style=\"text-align: justify\"><em><strong>20:00 Comilona<\/strong><br \/>\n<strong>21:30 Charla-Debate<\/strong><br \/>\n<\/em><\/p>\n<p style=\"text-align: justify\"><em>En Biblioteca e Observat\u00f3rio dos Estragos da Sociedade Globalizada, <a href=\"https:\/\/abordaxe.wordpress.com\/2015\/03\/09\/lisboa-setubal-13-e-14-de-marco-conversa-sobre-as-torturas-nas-prisoes-e-o-negocio-penitenciario-em-espanha-a-cargo-da-revista-antiprisonal-punto-de-fuga\/boesg.blogspot.com\">BOESG<\/a> (Rua das Janelas Verdes 13 1\u00ba Esq., Santos )<\/em><\/p>\n<p style=\"text-align: justify\"><strong><em>\u2013 14 de Mar\u00e7o (s\u00e1bado) en Set\u00fabal<\/em><\/strong><\/p>\n<p style=\"text-align: justify\"><strong><em>17h Charla-Debate<br \/>\n20h Comilona<br \/>\n22h \u201cDanzaremos sobre las ru\u00ednas de todas las prisiones\u00bb &#8211; Concierto ac\u00fastico con Buterflai y Mario \u00abo Trovador\u00bb<\/em><\/strong><\/p>\n<p style=\"text-align: justify\"><em>Casa Okupada de Set\u00fabal Autogestionada, C.O.S.A. (Rua Latino Coelho n\u00ba2 \u2013 Bairro Salgado)<\/em><\/p>\n<p style=\"text-align: justify\"><a href=\"https:\/\/vozcomoarma.noblogs.org\/files\/2015\/03\/puntofuga-web.jpg\"><img loading=\"lazy\" decoding=\"async\" class=\"aligncenter size-full wp-image-6733\" src=\"https:\/\/vozcomoarma.noblogs.org\/files\/2015\/03\/puntofuga-web.jpg\" alt=\"Punto Fuga Lisboa\" width=\"778\" height=\"1100\" srcset=\"https:\/\/vozcomoarma.noblogs.org\/files\/2015\/03\/puntofuga-web.jpg 778w, https:\/\/vozcomoarma.noblogs.org\/files\/2015\/03\/puntofuga-web-212x300.jpg 212w, https:\/\/vozcomoarma.noblogs.org\/files\/2015\/03\/puntofuga-web-724x1024.jpg 724w\" sizes=\"auto, (max-width: 778px) 100vw, 778px\" \/><\/a><\/p>\n","protected":false},"excerpt":{"rendered":"<p>Recojo de Abordaxe! y traduzco la siguiente convocatoria para los d\u00edas 13 y 14 de este mes de marzo, en las ciudades portuguesas de Lisboa y Set\u00fabal, donde tendr\u00e1n lugar dos eventos sobre las torturas en las prisiones espa\u00f1olas y &hellip; <a href=\"https:\/\/vozcomoarma.noblogs.org\/?p=6729\">Sigue leyendo <span class=\"meta-nav\">&rarr;<\/span><\/a><\/p>\n","protected":false},"author":7045,"featured_media":0,"comment_status":"closed","ping_status":"open","sticky":false,"template":"","format":"standard","meta":{"footnotes":""},"categories":[59,61,9],"tags":[17,16,42,130,24,19,11,71],"class_list":["post-6729","post","type-post","status-publish","format-standard","hentry","category-convocatorias","category-noticias","category-noticias-y-comunicados","tag-carcel","tag-guerra-social","tag-movimientos-sociales","tag-portugal","tag-reflexion","tag-represion","tag-solidaridad","tag-tortura"],"_links":{"self":[{"href":"https:\/\/vozcomoarma.noblogs.org\/index.php?rest_route=\/wp\/v2\/posts\/6729","targetHints":{"allow":["GET"]}}],"collection":[{"href":"https:\/\/vozcomoarma.noblogs.org\/index.php?rest_route=\/wp\/v2\/posts"}],"about":[{"href":"https:\/\/vozcomoarma.noblogs.org\/index.php?rest_route=\/wp\/v2\/types\/post"}],"author":[{"embeddable":true,"href":"https:\/\/vozcomoarma.noblogs.org\/index.php?rest_route=\/wp\/v2\/users\/7045"}],"replies":[{"embeddable":true,"href":"https:\/\/vozcomoarma.noblogs.org\/index.php?rest_route=%2Fwp%2Fv2%2Fcomments&post=6729"}],"version-history":[{"count":3,"href":"https:\/\/vozcomoarma.noblogs.org\/index.php?rest_route=\/wp\/v2\/posts\/6729\/revisions"}],"predecessor-version":[{"id":6736,"href":"https:\/\/vozcomoarma.noblogs.org\/index.php?rest_route=\/wp\/v2\/posts\/6729\/revisions\/6736"}],"wp:attachment":[{"href":"https:\/\/vozcomoarma.noblogs.org\/index.php?rest_route=%2Fwp%2Fv2%2Fmedia&parent=6729"}],"wp:term":[{"taxonomy":"category","embeddable":true,"href":"https:\/\/vozcomoarma.noblogs.org\/index.php?rest_route=%2Fwp%2Fv2%2Fcategories&post=6729"},{"taxonomy":"post_tag","embeddable":true,"href":"https:\/\/vozcomoarma.noblogs.org\/index.php?rest_route=%2Fwp%2Fv2%2Ftags&post=6729"}],"curies":[{"name":"wp","href":"https:\/\/api.w.org\/{rel}","templated":true}]}}