{"id":6737,"date":"2015-03-10T16:40:28","date_gmt":"2015-03-10T15:40:28","guid":{"rendered":"http:\/\/vozcomoarma.noblogs.org\/?p=6737"},"modified":"2015-03-10T16:44:08","modified_gmt":"2015-03-10T15:44:08","slug":"6737","status":"publish","type":"post","link":"https:\/\/vozcomoarma.noblogs.org\/?p=6737","title":{"rendered":"Chile &#8211; Actualizaciones de la situaci\u00f3n de lxs presxs anarquistas, por el Colectivo Anticarcelario Vuelo de Justicia"},"content":{"rendered":"<p align=\"JUSTIFY\">Recibo en el correo electr\u00f3nico el siguiente comunicado, enviado por lxs compa\u00f1erxs del Colectivo Anticarcelario Vuelo de Justicia (Chile) y que viene a actualizar la informaci\u00f3n relativa a la situaci\u00f3n de lxs distintxs compa\u00f1erxs encerradxs por el Estado chileno, tanto anarquistas como guerrillerxs vinculadxs a otras corrientes pero que se encuentran en prisi\u00f3n por no ceder a los chantajes del poder y arrojarse sin miedo al conflicto real por sus propias vidas, asumiendo los peligros y riesgos que dicho arrojo implica.<\/p>\n<p align=\"JUSTIFY\">Un saludo a lxs compas del Colectivo Anticarcelario Vuelo de Justicia, a quienes agradezco el aporte, y a todxs lxs compa\u00f1erxs presxs por el Estado $hileno.<\/p>\n<p align=\"JUSTIFY\">&#8212;&#8212;&#8212;&#8212;&#8212;&#8212;&#8212;&#8212;&#8212;<\/p>\n<p style=\"text-align: justify\" align=\"JUSTIFY\"><em>Nota previa:<\/em><\/p>\n<p style=\"text-align: justify\" align=\"JUSTIFY\"><em>Hoy, luego de un largo tiempo en silencio, m\u00e1s no en inacci\u00f3n, volvemos a retomar la contrainformaci\u00f3n para dar a conocer p\u00fablicamente la situaci\u00f3n de lxs compa\u00f1erxs que se encuentran prisionerxs en las c\u00e1rceles del territorio dominado por el Estado $hileno. Creemos que la comunicaci\u00f3n entre afines es importante para construir lazos y redes que nos permitan propagar las ideas que mueven nuestros negros corazones, m\u00e1s tambi\u00e9n no podemos obviar que como Colectivo fueron necesarios momentos de reflexi\u00f3n, autocr\u00edtica y revisi\u00f3n del apa\u00f1e solidario que generamos desde este peque\u00f1o frente de lucha, lo que sin duda trajo de la mano cierta interferencia en esa comunicaci\u00f3n. Durante este tiempo hemos querido priorizar el intercambio de ideas con compas presxs, enfoc\u00e1ndonos en aportarles cotidianamente en la digna y rebelde resistencia que logra resquebrajar el agobiante encierro, permiti\u00e9ndoles evadirse aunque sea a ratos de las profundidades carcelarias. Aun as\u00ed, somos conscientes de la necesidad de no s\u00f3lo vivir la revuelta desde nuestras individualidades, sino que tambi\u00e9n propagarla, y el presente comunicado es un sencillo intento de aquello.<\/em><\/p>\n<p style=\"text-align: justify\" align=\"JUSTIFY\"><em>NO IMPORTA DE QU\u00c9 LADO DEL MURO TE ENCUENTRES, \u00a1LA GUERRA SOCIAL NO SE<\/em><\/p>\n<p style=\"text-align: justify\" align=\"JUSTIFY\"><em>DETIENE!<\/em><\/p>\n<p style=\"text-align: justify\" align=\"JUSTIFY\"><em>Porque cada d\u00eda que pasa, nuestrxs compa\u00f1erxs resisten entre los barrotes y muros carcelarios, en las mism\u00edsimas fauces del enemigo que pretende doblegarlxs&#8230;<\/em><\/p>\n<p style=\"text-align: justify\" align=\"JUSTIFY\"><em>Porque no somos indiferentes al encierro de nuestrxs hermanxs ni mucho menos olvidamos los golpes recibidos&#8230;<\/em><\/p>\n<p style=\"text-align: justify\" align=\"JUSTIFY\"><em>Porque cada hora, minuto y segundo cuentan si queremos hacernos parte de una ofensiva que combata al poder y la autoridad en todas sus formas&#8230;<\/em><\/p>\n<p style=\"text-align: justify\" align=\"JUSTIFY\"><em>El a\u00f1o 2014 estuvo marcado por las extensas condenas que las juezas Celia Catal\u00e1n Romero, Patricia Br\u00fcndl Riumall\u00f3 y Mar\u00eda Alejandra Cuadra Galarce repartieron a los compa\u00f1eros acusados en el denominado Caso Security, quienes con un historial revolucionario conocido por el poder, fueron sindicados como los culpables perfectos de una serie de expropiaciones bancarias y el asesinato en una de ellas de un lacayo policial, el cabo Luis Moyano en el a\u00f1o 2007. Si bien el juicio pol\u00edtico termin\u00f3 para Juan, Freddy y Marcelo, con 42, 15 y 14 a\u00f1os de prisi\u00f3n respectivamente, a\u00fan sigue vigente la causa para el compa\u00f1ero Carlos Guti\u00e9rrez Quiduleo, que permaneci\u00f3 6 a\u00f1os en clandestinidad y quien actualmente se encuentra en investigaci\u00f3n acusado en primer lugar por su participaci\u00f3n en distintos asaltos bancarios, siendo luego reformalizado tambi\u00e9n por porte ilegal de armas y la lesi\u00f3n de un carcelero en la secci\u00f3n de m\u00e1xima seguridad donde estuvo m\u00e1s de 6 meses en un r\u00e9gimen de encierro estricto, arriesgando en total cerca de 30 a\u00f1os de prisi\u00f3n. Actualmente el compa\u00f1ero se encuentra habitando el m\u00f3dulo H Sur (3er piso) de la C\u00e1rcel de Alta Seguridad, con visitas 1 vez a la semana y a la espera de que en los pr\u00f3ximos meses se reactive el juicio en su contra.<\/em><\/p>\n<p style=\"text-align: justify\" align=\"JUSTIFY\"><em>Por otro lado, el 18 de septiembre del a\u00f1o reci\u00e9n pasado, fuimos testigos de c\u00f3mo una compa\u00f1era y dos compa\u00f1eros eran detenidxs acusadxs de ataques terroristas al metro de Santiago (Ataque ocurrido en la estaci\u00f3n Los Dominicos y en el Subcentro de Escuela Militar, a pasos de la estaci\u00f3n de metro del mismo nombre), as\u00ed como tambi\u00e9n del ataque coordinado a dos comisar\u00edas de la capital (en la comuna de Santiago y El Bosque) junto con la tenencia de p\u00f3lvora. As\u00ed, los nombres de NATALY CASANOVA, JUAN FLORES y GUILLERMO DUR\u00c1N comenzaron a sonar en la medi\u00e1tica cobertura de la prensa burguesa, en el conjunto de la ciudadan\u00eda y tambi\u00e9n en el entorno antiautoritario. Culpables o inocentes, poco y nada nos importa, pues nos solidarizamos ante todo con qui\u00e9nes dejaron en claro a trav\u00e9s de gestos m\u00e1s o menos expl\u00edcitos que son enemigxs del poder, con quienes llevan la cabeza en alto al enfrentar el aparataje policial, judicial y carcelario que lxs pone en uno de los escenarios represivos m\u00e1s dif\u00edciles del \u00faltimo tiempo. Que lo sepan en San Miguel donde se encuentra recluida la compa\u00f1era Nataly y en el m\u00f3dulo de m\u00e1xima seguridad de Santiago 1 que ocupa Juan, que lo lea tambi\u00e9n Guillermo en el arresto domiciliario total: Uds. compa\u00f1erxs no est\u00e1n solxs, nos hermanamos con su voluntad de luchar contra un orden demencial que s\u00f3lo perpet\u00faa la miseria del ser humano, pues la forma en que llevan su vida y que fue ventilada sin asco por los medios de desinformaci\u00f3n nos habla de los valores que arraigan; nos hermanamos con la digna resistencia que est\u00e1n llevando a cabo al interior de la prisi\u00f3n, que lxs hace ser reconocidxs como presxs pol\u00edticxs por sus carcelerxs y las autoridades en general quienes afirman que no est\u00e1n pasando desapercibidxs; nos nace una sonrisa al saber que pueden comunicarse y verse al menos en una visita mensual para continuar el camino que decidieron llevar juntxs. Por estos d\u00edas, cuando reci\u00e9n van 5 meses de investigaci\u00f3n bajo ley antiterrorista -de los 10 que fueron ordenados en un primer momento- nos enteramos de que ya fue levantado el secreto de la causa y que las pomposas pruebas que dicen tener en contra de lxs compa\u00f1erxs no son m\u00e1s que pruebas circunstanciales de las que no se puede concluir con certeza una responsabilidad directa en los ataques que el poder les adjudica. Seguramente son m\u00e1s culpables de querer subvertir una realidad enajenante y de querer recuperar sus propias vidas que de \u00abactos terroristas\u00bb. Sin embargo, poco nos interesan los matices que el proceso judicial pueda tomar en este caso, no estudiaremos las leyes ni alegaremos por un montaje jur\u00eddico, nuestro objetivo con lxs compa\u00f1erxs es la solidaridad revolucionaria m\u00e1s all\u00e1 de cualquier l\u00edmite, esa capaz de romper efectivamente el aislamiento y repeler la condena medi\u00e1tica y ciudadana que claman por castigos ejemplificadores, por criminales peligrosxs tras las rejas.<\/em><\/p>\n<p style=\"text-align: justify\" align=\"JUSTIFY\"><em>Pero m\u00e1s all\u00e1 de las palabras sinceras que han ido naciendo hasta aqu\u00ed, existe una realidad que poco a poco vuelve a tomar ritmo y que no podemos desconocer, hablamos del termino de las vacaciones y de c\u00f3mo lxs grandes y peque\u00f1xs poderosxs se sacuden del letargo veraniego para recordarnos que en realidad nunca dejaron de trabajar: por un lado nos enteramos por la prensa de una querella por amenazas en contra de la compa\u00f1era Nataly por el ataque verbal que habr\u00eda hecho a una carcelera inst\u00e1ndola a \u201cno caminar sola por la calle\u201d; junto con ello, fueron se\u00f1aladas todas las anotaciones de mal comportamiento que ha tenido durante los d\u00edas que lleva en prisi\u00f3n (lo que le ha significado en algunas ocasiones el castigo de la visita con sus cercanxs o con su compa\u00f1ero) y se afirm\u00f3 as\u00ed mismo que estar\u00eda en comunicaci\u00f3n con Juan a trav\u00e9s de medios de internet. En forma paralela y creemos que a ra\u00edz de lo mismo, recibimos hace pocos d\u00edas informaci\u00f3n del compa\u00f1ero acerca de los \u00faltimos movimientos que en su caso ha hecho el aparataje represivo-carcelario:<\/em><\/p>\n<p style=\"text-align: justify\" align=\"JUSTIFY\"><em>\u00abEl d\u00eda lunes 23 de febrero aprox. a las 18:00, un contingente exagerado de lacayos de gendarmer\u00eda ingresa a la celda en la que habito desde nuestro secuestro por parte del poder, irrumpen violentamente, despu\u00e9s del encierro general del m\u00f3dulo 1, entre 20 y 25 lacayos refiri\u00e9ndose a m\u00ed con insultos en primera instancia, me sacan de la celda explic\u00e1ndome que era s\u00f3lo un procedimiento de rutina, pasando los minutos y escuchando c\u00f3mo sonaban hojas de propaganda solidaria, alego por qu\u00e9 me estaban rompiendo las cosas, y es ah\u00ed donde estos tipos me proporcionan insultos y yo claramente les respondo en los mismos insultos. Comienzan a patearme, y luego me esposan de manera doble \u00abuna esposa sobre la otra\u00bb, y contin\u00faan golpe\u00e1ndome en las costillas y en las rodillas para que me arrodillara, a lo cual intento defenderme&#8230; soy trasladado al sector de la guardia interna y castigado por amenaza de muerte y agresi\u00f3n a funcionarios de gendarmer\u00eda con 10 d\u00edas de aislamiento, que luego bajaron a 4. Me encuentro bien, entero, enrabiado por el trato en las c\u00e1rceles y que a muy pocxs importa.\u00bb<\/em><\/p>\n<p style=\"text-align: justify\" align=\"JUSTIFY\"><em>Justamente porque somos de esxs pocxs a lxs que nos importa, hoy alzamos la voz por lxs compa\u00f1erxs, para dejar en claro que cada palabra que logra resquebrajar los muros de la prisi\u00f3n y salir hacia un entorno que lucha cotidianamente debe ser tomada en cuenta, pues aquel m\u00ednimo gesto -que muchas veces es visto como algo normal o a lo que ya estamos acostumbradxs, &#8211; se transforma en un grito de guerra cuando el aislamiento, el control exhaustivo y la censura buscan acallarlo. Que la consigna \u00abcuando tocan a unx nos tocan a todxs\u00bb no quede vac\u00eda de contenido, que la rabia por el trato en las c\u00e1rceles se expanda como la peste negra y se transforme en acci\u00f3n.<\/em><\/p>\n<p style=\"text-align: justify\" align=\"JUSTIFY\"><em>Ahora bien, sabemos -o debi\u00e9ramos saber- que el poder en su avance m\u00e1s expl\u00edcito no da tregua, y no s\u00f3lo el segundo semestre del a\u00f1o 2014 fue duro, sino que el a\u00f1o 2015 comenz\u00f3 con nuevos golpes que sin duda buscaron ahondar a\u00fan m\u00e1s la creencia de que la subversi\u00f3n -o en el lenguaje de lxs poderosxs, la delincuencia- est\u00e1 siendo combatida. As\u00ed, el juicio pol\u00edtico comenzado en enero y finalizado el d\u00eda 4 de febrero con la condena a la compa\u00f1era Tamara Sol (recluida hace m\u00e1s de un a\u00f1o en la c\u00e1rcel de San Miguel) por el homicidio frustrado calificado de un guardia de seguridad de una sucursal del Banco Estado y el delito de hurto, fue otra se\u00f1al m\u00e1s de que cualquier acto que se realice en contra del orden establecido ser\u00e1 duramente castigado. A la compa\u00f1era le dieron 7 a\u00f1os de prisi\u00f3n pues no le reconocieron todas las atenuantes que la defensa aleg\u00f3 y su conducta se consider\u00f3 como premeditada. Si bien lxs jueces Jos\u00e9 Flores Ram\u00edrez, Jenny Morales Espinoza y Mar\u00eda Araya Tapia ya dictaron su condena, lxs abogadxs presentaron la nulidad de la sentencia ante la corte para intentar anular el juicio o rebajar los a\u00f1os. Tamara Sol, en tanto, fue cambiada desde el<\/em><\/p>\n<p style=\"text-align: justify\" align=\"JUSTIFY\"><em>m\u00f3dulo 1 al m\u00f3dulo 2 (que se estuvo construyendo durante el 2014, especialmente para presas de connotaci\u00f3n p\u00fablica o delitos complejos) y que es como un \u00e1rea de seguridad, ya que es peque\u00f1o (espacio para 15 personas), tiene patio propio con 2 c\u00e1maras y el guardal\u00ednea. Antes recib\u00edan luz natural a trav\u00e9s de ventanas del m\u00f3dulo, pero ahora tienen solo luz artificial. Sin embargo, est\u00e1n en condiciones m\u00e1s o menos similares (siguen siendo 13, 2 o 3 por pieza; tienen 2 horas de patio en la ma\u00f1ana y en la tarde; acceso limitado a tel\u00e9fono \u00abp\u00fablico\u00bb; ba\u00f1os dentro del m\u00f3dulo\u2026). Es importante para nosotrxs aclarar que creemos que todas las c\u00e1rceles m\u00e1s o menos acondicionadas, con mejor o peor infraestructura o sistema de funcionamiento, con m\u00e1s o menos \u00abregal\u00edas\u00bb todas sin excepci\u00f3n son centros donde el exterminio de las personas (no s\u00f3lo de nuestrxs compa\u00f1erxs) est\u00e1 a la orden del d\u00eda, y por lo mismo no relatamos las condiciones de los m\u00f3dulos con el fin de comparar o exigir mejoras o m\u00e1s beneficios entre uno u otro, sino que simplemente para que exista un conocimiento de c\u00f3mo est\u00e1n nuestrxs compa\u00f1erxs al interior.<\/em><\/p>\n<p style=\"text-align: justify\" align=\"JUSTIFY\"><em>Por otro lado otra noticia cercana en el tiempo fue la detenci\u00f3n a principios del mes de febrero del compa\u00f1ero Diego R\u00edos, qui\u00e9n estuviera clandestino desde el a\u00f1o 2009 cuando tras un aviso de su madre a la polic\u00eda de la existencia de materiales para la fabricaci\u00f3n de artefactos explosivos en su departamento, debi\u00f3 darse a la fuga situaci\u00f3n en la que permaneci\u00f3 durante 5 a\u00f1os y 8 meses, siendo detenido el 7 de febrero en La Ligua por personal de la PDI. El compa\u00f1ero fue formalizado bajo la ley de control de armas por la tenencia de elementos para la confecci\u00f3n de artefactos explosivos (4 kilos de p\u00f3lvora, un detonador y otros materiales) y se ordenaron 30 d\u00edas de investigaci\u00f3n bajo prisi\u00f3n preventiva. En un primer momento Diego estuvo en el 1er piso de la c\u00e1rcel de m\u00e1xima seguridad bajo vigilancia por c\u00e1mara las 24hrs., siendo trasladado hace pocos d\u00edas al piso 4\u00ba donde ya se encuentra sin vigilancia permanente de una c\u00e1mara y sin otros presos.<\/em><\/p>\n<p style=\"text-align: justify\" align=\"JUSTIFY\"><em>Aprovechamos asimismo la instancia para mencionar que en la misma secci\u00f3n carcelaria pero en un piso distinto se encuentra tambi\u00e9n recluido Alfredo Canales Moreno, preso revolucionario que fue devuelto hace pocos meses al territorio $hileno tras ser encarcelado en Brasil luego de perpetrar junto a Mauricio Norambuena (\u201cComandante Ramiro\u201d, del FPMR) y otrxs revolucionarixs el secuestro del publicista Washington Olivetto en el a\u00f1o 2001, siendo condenado a 30 a\u00f1os de prisi\u00f3n, rest\u00e1ndole por cumplir 18. Si bien remarcamos las diferencias ligadas al funcionamiento pol\u00edtico de la org\u00e1nica en la que el compa\u00f1ero particip\u00f3, no podemos desconocer su historia de lucha y por lo mismo es de nuestro inter\u00e9s extender las redes de comunicaci\u00f3n y solidaridad con qui\u00e9nes desde alg\u00fan punto o matiz podemos cruzar caminos y terminar afinando posturas, reflexiones e ideas; ya que tambi\u00e9n entendemos que en la lucha anticarcelaria nos hermanamos m\u00e1s all\u00e1 de una determinada tendencia o etiqueta pol\u00edtica, pues la dignidad no se mide ni en colores ni en banderas.<\/em><\/p>\n<p style=\"text-align: justify\" align=\"JUSTIFY\"><em>Ahora, pese a que el tiempo transcurre a veces sin siquiera notarlo, no podemos olvidar la prisi\u00f3n de compa\u00f1eros que ya fueron condenados a cumplir a\u00f1os de encierro y que desde su detenci\u00f3n, pasando por el juicio y la sentencia, han debido enfrentar con las herramientas que a su alcance tengan, el escenario carcelario sobrellevando a diario un pasar de incomunicaci\u00f3n y aislamiento alejados de sus m\u00e1s cercanos (compa\u00f1eras, hijxs, familias, y amigxs). As\u00ed, no perdemos de vista al compa\u00f1ero HANS NIEMEYER SALINAS que est\u00e1 condenado a 5 a\u00f1os y 300 d\u00edas de prisi\u00f3n (por su participaci\u00f3n en el ataque explosivo a un banco y el delito de da\u00f1os); a los compa\u00f1eros ALEJANDRO ASTORGA VALD\u00c9S (ex miembro del MIR y del Movimiento Revolucionario Tupac Amaru en Per\u00fa) y REN\u00c9 SANHUEZA MU\u00d1OZ, acusadxs por su participaci\u00f3n en un asalto bancario a un Santander en la comuna de Pudahuel el a\u00f1o 2013, condenados en un primer momento a 16 y 14 a\u00f1os de prisi\u00f3n, respectivamente, condenas que finalmente quedaron en 13 a\u00f1os luego de la rebaja que hizo la corte.<\/em><\/p>\n<p style=\"text-align: justify\" align=\"JUSTIFY\"><em>Entre estas l\u00edneas nos parece importante mencionar adem\u00e1s, alguna informaci\u00f3n actual del compa\u00f1ero MARCELO VILLARROEL qui\u00e9n hace pocos d\u00edas sufri\u00f3 una nueva descompensaci\u00f3n card\u00edaca siendo derivado de urgencia fuera de la prisi\u00f3n al hospital San Borja, por el riesgo que esto<\/em><\/p>\n<p style=\"text-align: justify\" align=\"JUSTIFY\"><em>significar\u00eda para su salud; luego de todo el operativo policial y de gendarmer\u00eda, de pasar una noche en el hospital y de los chequeos m\u00e9dicos de rigor, el compa\u00f1ero fue reingresado al m\u00f3dulo H Norte de la C\u00e1rcel de Alta Seguridad donde se encuentra cumpliendo condena. Relatamos esto no con el af\u00e1n de generar sentimientos de l\u00e1stima sino porque a ra\u00edz de la comunicaci\u00f3n entre afines, como dec\u00edamos al comienzo en la nota previa, se van tejiendo las redes que permiten apoyar y sobrellevar colectivamente el escenario carcelario de cada compa\u00f1erx en prisi\u00f3n. Hoy es Marcelo quien se encuentra con problemas de salud y sabemos que las autoridades carcelarias no sienten la urgencia de otorgar un tratamiento id\u00f3neo que permita disminuir el riesgo de un ataque card\u00edaco que le pueda costar la vida. Si bien el compa\u00f1ero maneja con entereza la situaci\u00f3n y no permite que el malestar f\u00edsico lo agobie, creemos que la informaci\u00f3n no est\u00e1 de m\u00e1s sacarla a la luz si de esta forma podemos generar la v\u00eda para aportes que de alguna u otra forma lo ayuden a mantener o mejorar su salud.<\/em><\/p>\n<p style=\"text-align: justify\" align=\"JUSTIFY\"><em>No olvidamos tampoco a MONICA CABALLERO y FRANCISCO SOLAR, detenidxs desde noviembre del a\u00f1o 2013 en el Estado espa\u00f1ol, acusadxs del ataque explosivo a una iglesia (Bas\u00edlica del Pilar en Zaragoza) y qui\u00e9nes hace pocos meses debieron soportar desde el encierro la represi\u00f3n directa al entorno m\u00e1s cercano que solidarizaba con ellxs en ese territorio, jugada represiva denominada \u00abOperaci\u00f3n Pandora\u00bb. A finales de enero, recibimos con alegr\u00eda la noticia de que lxs 7 compa\u00f1erxs que estaban en prisi\u00f3n preventiva por este caso ya se encontraban en libertad bajo fianza, aunque no obviamos que el proceso sigue en su contra. Sin duda, otra muestra m\u00e1s de que la solidaridad cuando es efectiva es duramente castigada.<\/em><\/p>\n<p style=\"text-align: justify\" align=\"JUSTIFY\"><em>Finalmente, no podemos terminar estas palabras sin recordar en este presente de lucha a un compa\u00f1ero que hace poco tiempo cay\u00f3 en combate, reafirmando la idea de que aquellxs que luchan toda su vida, aquellxs imprescindibles, dif\u00edcilmente pueden sortear su destino forjado a fuego. Hablamos del compa\u00f1ero Jorge Saldivia Espinoza quien fuera miembro del FPMR durante la dictadura de Pinochet, y que fue asesinado en un intento de expropiaci\u00f3n de un cami\u00f3n Brinks, la ma\u00f1ana del 03 de octubre del a\u00f1o 2014 en la comuna de Maip\u00fa. Jorge llevaba poco m\u00e1s de un a\u00f1o fuera de la prisi\u00f3n sujeto a la libertad condicional, luego de cumplir una condena de cerca de 21 a\u00f1os debido a la decisi\u00f3n de seguir luchando en democracia, alej\u00e1ndose del acomodo por el que muchos de sus ex-compa\u00f1erxs optaron.<\/em><\/p>\n<p style=\"text-align: justify\" align=\"JUSTIFY\"><em>Hoy, a poco m\u00e1s de 5 meses de su muerte, lo hacemos parte de nuestra memoria combativa, pues su vida rebelde y la entereza y dignidad con la que enfrent\u00f3 incluso los centros de exterminio m\u00e1s duros, no pueden quedar relegados al olvido o al recuerdo de sus m\u00e1s cercanxs, y son para nosotrxs un recordatorio permanente de que la c\u00e1rcel s\u00ed se puede combatir.<\/em><\/p>\n<p style=\"text-align: justify\" align=\"JUSTIFY\"><em>Cerramos estas l\u00edneas afirmando que la lucha anticarcelaria es s\u00f3lo otro frente m\u00e1s desde el cual se puede atacar a la autoridad, que si bien en este territorio dominado por el Estado $hileno no son pocos lxs compa\u00f1erxs encarceladxs, a\u00fan quedamos compa\u00f1erxs que desde el otro lado del muro estamos dispuestxs a sortear las dificultades y los coletazos de la represi\u00f3n para seguir agudizando el conflicto contra el poder, porque sin duda la c\u00e1rcel es s\u00f3lo otro escenario m\u00e1s en la lucha contra la dominaci\u00f3n, y porque no hay gesto m\u00e1s noble que seguir combatiendo por nosotrxs mismxs y tambi\u00e9n por aquellxs que por hacerlo est\u00e1n hoy entre las garras del enemigo.<\/em><\/p>\n<p style=\"text-align: justify\" align=\"JUSTIFY\"><em>PD: Un saludo al sargento Maki Gkalimani, que el plomo te venga bien\u2026<\/em><\/p>\n<p style=\"text-align: justify\" align=\"JUSTIFY\"><strong><em>\u201cEs hora de actuar, en la cotidianidad con nuestrxs afines, por la destrucci\u00f3n de la sociedad carcelaria y de cualquier intento social de reformar este asqueroso sistema de muerte. La solidaridad no debe jam\u00e1s ser una consigna vac\u00eda, sino una acci\u00f3n cotidiana de enfrentamiento con el poder y un apoyo constante a lxs hermanxs secuestradxs en esta guerra a muerte.\u201d<\/em><\/strong><\/p>\n<p style=\"text-align: justify\" align=\"JUSTIFY\"><strong><em>&#8211; Mauricio Morales Duarte.<\/em><\/strong><\/p>\n<p style=\"text-align: justify\" align=\"JUSTIFY\"><em>Colectivo Anticarcelario Vuelo de Justicia<br \/>\nvuelodejusticia@riseup.net<\/em><\/p>\n<p style=\"text-align: justify\" align=\"JUSTIFY\"><a href=\"https:\/\/vozcomoarma.noblogs.org\/files\/2015\/03\/El-parlamento-de-las-ratas-de-Sanchez-casas.jpg\"><img loading=\"lazy\" decoding=\"async\" class=\"aligncenter size-full wp-image-6741\" src=\"https:\/\/vozcomoarma.noblogs.org\/files\/2015\/03\/El-parlamento-de-las-ratas-de-Sanchez-casas.jpg\" alt=\"El parlamento de las ratas, de Sanchez casas\" width=\"1077\" height=\"794\" srcset=\"https:\/\/vozcomoarma.noblogs.org\/files\/2015\/03\/El-parlamento-de-las-ratas-de-Sanchez-casas.jpg 1077w, https:\/\/vozcomoarma.noblogs.org\/files\/2015\/03\/El-parlamento-de-las-ratas-de-Sanchez-casas-300x221.jpg 300w, https:\/\/vozcomoarma.noblogs.org\/files\/2015\/03\/El-parlamento-de-las-ratas-de-Sanchez-casas-1024x755.jpg 1024w\" sizes=\"auto, (max-width: 1077px) 100vw, 1077px\" \/><\/a><\/p>\n","protected":false},"excerpt":{"rendered":"<p>Recibo en el correo electr\u00f3nico el siguiente comunicado, enviado por lxs compa\u00f1erxs del Colectivo Anticarcelario Vuelo de Justicia (Chile) y que viene a actualizar la informaci\u00f3n relativa a la situaci\u00f3n de lxs distintxs compa\u00f1erxs encerradxs por el Estado chileno, tanto &hellip; <a href=\"https:\/\/vozcomoarma.noblogs.org\/?p=6737\">Sigue leyendo <span class=\"meta-nav\">&rarr;<\/span><\/a><\/p>\n","protected":false},"author":7045,"featured_media":0,"comment_status":"closed","ping_status":"open","sticky":false,"template":"","format":"standard","meta":{"footnotes":""},"categories":[132,103,85,61,9,7,151],"tags":[35,17,78,16,26,24,19,11,71],"class_list":["post-6737","post","type-post","status-publish","format-standard","hentry","category-acusadxs-comando-mateo-morral","category-caso-security","category-hans-niemeyer","category-noticias","category-noticias-y-comunicados","category-presxs","category-tamara-sol-farias-vergara","tag-asesinato-de-estado","tag-carcel","tag-chile","tag-guerra-social","tag-insurreccionalismo","tag-reflexion","tag-represion","tag-solidaridad","tag-tortura"],"_links":{"self":[{"href":"https:\/\/vozcomoarma.noblogs.org\/index.php?rest_route=\/wp\/v2\/posts\/6737","targetHints":{"allow":["GET"]}}],"collection":[{"href":"https:\/\/vozcomoarma.noblogs.org\/index.php?rest_route=\/wp\/v2\/posts"}],"about":[{"href":"https:\/\/vozcomoarma.noblogs.org\/index.php?rest_route=\/wp\/v2\/types\/post"}],"author":[{"embeddable":true,"href":"https:\/\/vozcomoarma.noblogs.org\/index.php?rest_route=\/wp\/v2\/users\/7045"}],"replies":[{"embeddable":true,"href":"https:\/\/vozcomoarma.noblogs.org\/index.php?rest_route=%2Fwp%2Fv2%2Fcomments&post=6737"}],"version-history":[{"count":4,"href":"https:\/\/vozcomoarma.noblogs.org\/index.php?rest_route=\/wp\/v2\/posts\/6737\/revisions"}],"predecessor-version":[{"id":6742,"href":"https:\/\/vozcomoarma.noblogs.org\/index.php?rest_route=\/wp\/v2\/posts\/6737\/revisions\/6742"}],"wp:attachment":[{"href":"https:\/\/vozcomoarma.noblogs.org\/index.php?rest_route=%2Fwp%2Fv2%2Fmedia&parent=6737"}],"wp:term":[{"taxonomy":"category","embeddable":true,"href":"https:\/\/vozcomoarma.noblogs.org\/index.php?rest_route=%2Fwp%2Fv2%2Fcategories&post=6737"},{"taxonomy":"post_tag","embeddable":true,"href":"https:\/\/vozcomoarma.noblogs.org\/index.php?rest_route=%2Fwp%2Fv2%2Ftags&post=6737"}],"curies":[{"name":"wp","href":"https:\/\/api.w.org\/{rel}","templated":true}]}}