{"id":6965,"date":"2015-03-23T19:48:50","date_gmt":"2015-03-23T18:48:50","guid":{"rendered":"http:\/\/vozcomoarma.noblogs.org\/?p=6965"},"modified":"2015-03-23T19:48:50","modified_gmt":"2015-03-23T18:48:50","slug":"grecia-mas-companeros-en-huelga-de-hambre-trasladados-al-hospital-acciones-solidarias","status":"publish","type":"post","link":"https:\/\/vozcomoarma.noblogs.org\/?p=6965","title":{"rendered":"Grecia &#8211; M\u00e1s compa\u00f1eros en huelga de hambre trasladados al hospital + Acciones solidarias"},"content":{"rendered":"<p style=\"text-align: justify\">Seg\u00fan diferentes noticias publicadas en <a href=\"http:\/\/es.contrainfo.espiv.net\">Contra Info<\/a>, contin\u00faan los traslados al hospital de compa\u00f1eros en huelga de hambre, dado el deterioro acelerado de su salud por las huelgas de hambre que mantienen junto a otrxs compa\u00f1erxs desde el 2 de marzo.<\/p>\n<p style=\"text-align: justify\">Sigue el comunicado que informa del estado de salud e ingreso hospitalario del compa Fivos Harisis-Poulos (preso anarquista encarcelado tras ser arrestado junto al tambi\u00e9n pr\u00f3fugo Argyris Ntalios y otros tres compa\u00f1eros en el barrio de Nea Filadelfia, en Atenas, el 30 de abril de 2013, bajo acusaciones de participar en los atracos de Kozani). El compa fue enviado primero al hospital Tzaneio, pero como tras realizarle los ex\u00e1menes necesarios (manteni\u00e9ndole esposado en todo momento) se neg\u00f3 rotundamente a recibir suero por v\u00eda intravenosa (el cual le quer\u00edan poner sin pedirle su autorizaci\u00f3n), le devolvieron al talego donde horas despu\u00e9s, de madrugada, sufri\u00f3 un desmayo, con lo que le trasladaron al \u00e1rea \u00abhospitalaria\u00bb de la c\u00e1rcel (de p\u00e9simas condiciones y en absoluto digna de ser inclu\u00edda en cualquier categor\u00eda cl\u00ednica), desde donde, a la ma\u00f1ana siguiente, fue trasladado nuevamente a un hospital fuera de la c\u00e1rcel, en este caso el Attikon, donde fue ingresado:<\/p>\n<p>&#8212;&#8212;&#8212;&#8212;&#8212;&#8212;&#8212;&#8212;<\/p>\n<div class=\"post-bodycopy clearfix\">\n<p style=\"text-align: justify\"><em>El 20 de marzo del 2015, se hizo saber que el anarquista preso Fivos Harisis, participante de la Red de Luchadores Presos (DAK) que est\u00e1 en huelga de hambre desde el 2 de marzo, hab\u00eda perdido el 12,8 % de su peso corporal al inicio de la huelga, adem\u00e1s de presentar palidez intensa, mareos, debilidad, cansancio, hipotensi\u00f3n ortost\u00e1tica y bajos niveles de az\u00facar. Fivos tiene tambi\u00e9n un historial de asma bronquial.<\/em><\/p>\n<p style=\"text-align: justify\"><em>El compa fue inicialmente trasladado al hospital Tzaneio, donde lo mantuvieron esposado y bajo fuerte custodia policial durante la realizaci\u00f3n de todos los ex\u00e1menes necesarios, adem\u00e1s de intentar suministrarle suero intravenoso sin pedir su autorizaci\u00f3n. A la negaci\u00f3n absoluta del compa a recibir cualquier tipo de suero fue ordenado su traslado de vuelta a Koridallos.<\/em><\/p>\n<p style=\"text-align: justify\"><em>Algunas horas despu\u00e9s, a eso de la 1 de la madrugada del 21 de marzo, Fivos Harisis sufri\u00f3 un episodio de desmayo mientras estaba en su celda y lo llevaron al \u201chospital\u201d de las prisiones de Koridallos, donde permaneci\u00f3 hasta las 10 de la ma\u00f1ana, cuando fue finalmente trasladado al hospital Attikon.<\/em><\/p>\n<p style=\"text-align: justify\"><em>Para ma\u00f1ana, 22 de marzo, hay convocadas concentraciones solidarias fuera del hospital Attikon, donde se encuentran los huelguistas de hambre Panagiotis Argirou y Fivos Harisis, y fuera del hospital Geniko Kratiko de Nikaia, donde est\u00e1 internado el huelguista de hambre Theofilos Mavropoulos.<\/em><\/p>\n<p style=\"text-align: justify\"><em><strong>FUERZA AL ANARQUISTA FIVOS HARISIS<\/strong><\/em><em>, <strong>PARTICIPANTE DE LA RED DE LUCHADORES PRESOS<\/strong><\/em><\/p>\n<p style=\"text-align: justify\"><em><strong>FUERZA A LOS MIEMBROS PRESOS DE LA CCF <\/strong><\/em><em><strong>PANAGIOTIS ARGIROU Y THEOFILOS MAVROPOULOS<\/strong><\/em><\/p>\n<p style=\"text-align: justify\">&#8212;&#8212;&#8212;&#8212;&#8212;&#8212;&#8212;&#8212;<\/p>\n<p style=\"text-align: justify\">A continuaci\u00f3n, a\u00f1ado tambi\u00e9n el comunicado breve que informa del traslado al hospital de Dimitris Koufontinas, preso de la organizaci\u00f3n armada marxista-leninista 17 de Noviembre:<\/p>\n<p style=\"text-align: justify\">&#8212;&#8212;&#8212;&#8212;&#8212;&#8212;&#8212;&#8212;<\/p>\n<div class=\"post-bodycopy clearfix\">\n<p style=\"text-align: justify\"><em>Desde la ma\u00f1ana del s\u00e1bado, 21 de marzo, el comunista preso Dimitris Koufontinas, miembro condenado de 17 Noviembre en huelga de hambre desde el 2 de marzo, fue trasladado desde las prisiones de m\u00e1xima seguridad de Domokos al hospital de Lamia, donde est\u00e1 internado en un cuarto-celda sin ventanas.<\/em><\/p>\n<p style=\"text-align: justify\"><em><strong>FUERZA A DIMITRIS KOUFONTINAS, <\/strong><\/em><em><strong>MIEMBRO CONDENADO DE 17 DE NOVIEMBRE<br \/>\n<\/strong><\/em><\/p>\n<p style=\"text-align: justify\">&#8212;&#8212;&#8212;&#8212;&#8212;&#8212;&#8212;&#8212;<\/p>\n<p style=\"text-align: justify\">Para conclu\u00edr con la lista de compas hospitalizados en relaci\u00f3n a las huelgas de hambre de las prisiones griegas, sigue el comunicado informando del traslado de Kostas Gournas, miembro de la organizaci\u00f3n armada anarquista Lucha Revolucionaria, a un hospital fuera de prisi\u00f3n (desconoci\u00e9ndose por ahora cu\u00e1l exactamente, intentar\u00e9 actualizar la informaci\u00f3n en cuanto lo sepa):<\/p>\n<p style=\"text-align: justify\">&#8212;&#8212;&#8212;&#8212;&#8212;&#8212;&#8212;&#8212;<\/p>\n<p style=\"text-align: justify\"><em>A eso de la 1:20 del d\u00eda de hoy, 23 de marzo del 2015, se hizo saber que el compa\u00f1ero Kostas Gournas, miembro condenado de Lucha Revolucionaria en huelga de hambre desde el 2 de marzo, fue trasladado desde las prisiones de m\u00e1xima seguridad de Domokos a un hospital exterior, pero se desconoce d\u00f3nde lo llevaron exactamente. Estamos a la espera de m\u00e1s informaciones para actualizar esta entrada.<\/em><\/p>\n<p style=\"text-align: justify\"><em><strong>FUERZA AL ANARQUISTA KOSTAS GOURNAS, <\/strong><strong>MIEMBRO CONDENADO DE LUCHA REVOLUCIONARIA<\/strong><\/em><\/p>\n<p style=\"text-align: justify\">&#8212;&#8212;&#8212;&#8212;&#8212;&#8212;&#8212;&#8212;<\/p>\n<p style=\"text-align: justify\">En lo relativo a la solidaridad, son muchas las acciones que han ido aflorando en los \u00faltimos d\u00edas.<\/p>\n<p style=\"text-align: justify\">El pasado 2 de marzo (y al menos la ocupaci\u00f3n contin\u00faa hasta hoy, 23 de marzo) fue ocupada por anarquistas la sede de la radio Sto Kokkino 105.5, propiedad de Syriza, y que lxs compas est\u00e1n usando ahora para contrainformar en relaci\u00f3n a las huelgas de hambre en las c\u00e1rceles. Sigue el primer comunicado de la ocupaci\u00f3n de la radio:<\/p>\n<p style=\"text-align: justify\">&#8212;&#8212;&#8212;&#8212;&#8212;&#8212;&#8212;&#8212;<\/p>\n<p style=\"text-align: justify\"><em>Desde el 2 de marzo hasta hoy, 23 de marzo, decenas de presxs pol\u00edticxs est\u00e1n en huelga de hambre, exigiendo la abolici\u00f3n de la legislaci\u00f3n especial \u201cantiterrorista\u201d y en concreto de las leyes sobre las organizaciones terroristas e il\u00edcitas (187-A y 187), la abolici\u00f3n de las leyes represivas especiales (ley de la capucha), la abolici\u00f3n de las prisiones de tipo C que concretizan el Estado de excepci\u00f3n para lxs presxs pol\u00edticxs, la delimitaci\u00f3n del uso y procesamiento del ADN como prueba incriminatoria, la liberaci\u00f3n inmediata de Savvas Xiros, que el Estado lo est\u00e1 aniquilando continuamente durante 13 a\u00f1os y cuya discapacidad ha alcanzado el 98%, y la liberaci\u00f3n inmediata de las familiares de lxs miembros de la Conspiraci\u00f3n de C\u00e9lulas del Fuego.<\/em><\/p>\n<p style=\"text-align: justify\"><em>Un grupo de compas solidarixs del entorno anarquista que apoyamos las demandas de lxs huelguistas de hambre hemos ocupado la radio \u201cKokkino 105.5\u2033. La elecci\u00f3n de esta radio es obvia: \u201cKokkino\u201d es una radio corporativa, pero ahora es tambi\u00e9n una radio gubernamental, o mejor dicho es el portavoz del gobierno SYRIZA-ANEL.<\/em><\/p>\n<p style=\"text-align: justify\"><em>La radio \u201cKokkino\u201d, al igual que la gran mayor\u00eda de los mass-mierda est\u00e1n tergiversando el contexto general de la lucha de lxs huelguistas de hambre y de las acciones solidarias con ellxs. Esta ocupaci\u00f3n es una acci\u00f3n que surge del m\u00e1s amplio movimiento solidario con lxs presxs, que est\u00e1n llevando a cabo una lucha que nos concierne a todxs.<\/em><\/p>\n<p style=\"text-align: justify\"><em>\u00a1Nosotrxs, desde la ocupaci\u00f3n de \u201cKokkino 105,5\u2033, tomamos la radio en nuestras manos y hacemos de la contrainformaci\u00f3n un arma! Esta acci\u00f3n se enmarca en el contexto del movimiento m\u00e1s amplio y multiforme en solidaridad con lxs presxs pol\u00edticxs en huelga de hambre.<\/em><\/p>\n<p style=\"text-align: justify\"><em><strong>\u00a1Victoria para la lucha de lxs huelguistas de hambre!<\/strong><\/em><br \/>\n<em> <strong>\u00a1Hasta la destrucci\u00f3n de todas las prisiones!<\/strong><\/em><\/p>\n<p style=\"text-align: justify\"><em>Ocupaci\u00f3n de la radio \u201cKokkino 105.5\u2033<\/em><\/p>\n<p style=\"text-align: justify\">&#8212;&#8212;&#8212;&#8212;&#8212;&#8212;&#8212;&#8212;<\/p>\n<p style=\"text-align: justify\">As\u00ed mismo, desde la ciudad de Herakli\u00f3n, en la isla de Creta, comunicaron el sabotaje de 30 cajeros autom\u00e1ticos como acto de solidaridad con lxs presxs en lucha, en la madrugada de ayer a hoy, 23 de marzo.<\/p>\n<p style=\"text-align: justify\">&#8212;&#8212;&#8212;&#8212;&#8212;&#8212;&#8212;&#8212;<\/p>\n<div class=\"post-bodycopy clearfix\">\n<p style=\"text-align: justify\"><em>El 23 de marzo, de madrugada, saboteamos 30 cajeros autom\u00e1ticos en la ciudad de Heracli\u00f3n, en la isla de Creta, como muestra solidaria con lxs presxs pol\u00edticxs en huelga de hambre que exigen:<\/em><\/p>\n<p style=\"text-align: justify\"><em>\u2013 La abolici\u00f3n de la ley \u201cantiterrorista\u201d del 2001, art\u00edculo 187 sobre las \u201corganizaciones il\u00edcitas\u201d.<\/em><\/p>\n<p style=\"text-align: justify\"><em>\u2013 La abolici\u00f3n de la ley \u201cantiterrorista\u201d del 2004, art\u00edculo 187-A sobre las \u201corganizaciones terroristas\u201d.<\/em><\/p>\n<p style=\"text-align: justify\"><em>\u2013 La abolici\u00f3n del agravante de acci\u00f3n realizada con las caracter\u00edsticas faciales cubiertas (\u201cley de la capucha\u201d).<\/em><\/p>\n<p style=\"text-align: justify\"><em>\u2013 La abolici\u00f3n de la ley por las prisiones de tipo C.<\/em><\/p>\n<p style=\"text-align: justify\"><em>\u2013 La liberaci\u00f3n de Savvas Xiros, miembro condenado de la O.R. 17-N, por razones de salud, que el Poder est\u00e1 aniquilando de manera met\u00f3dica y vengativa durante los \u00faltimos 13 a\u00f1os.<\/em><\/p>\n<p style=\"text-align: justify\"><em>\u2013 La delimitaci\u00f3n del uso y procesamiento del material gen\u00e9tico (ADN).<\/em><\/p>\n<p style=\"text-align: justify\"><em>\u2013 Liberaci\u00f3n de las familiares de lxs miembros de la Conspiraci\u00f3n de C\u00e9lulas del Fuego.<\/em><\/p>\n<p style=\"text-align: justify\"><em><strong>SOLIDARIDAD SIGNIFICA ATAQUE<\/strong><\/em><\/p>\n<p style=\"text-align: justify\">&#8212;&#8212;&#8212;&#8212;&#8212;&#8212;&#8212;&#8212;<\/p>\n<p style=\"text-align: justify\">Tambi\u00e9n desde la misma ciudad, y en la misma madrugada, informan de otro ataque, en el cual se vol\u00f3 una de las cuatro entradas a los tribunales, en el centro de la urbe cretense:<\/p>\n<p style=\"text-align: justify\">&#8212;&#8212;&#8212;&#8212;&#8212;&#8212;&#8212;&#8212;<\/p>\n<div class=\"post-bodycopy clearfix\">\n<p style=\"text-align: justify\"><em>Desde la noche infinita de la oscuridad de las prisiones suenan otra vez los tambores de la guerra, la guerra contin\u00faa, nunca ha parado. Pero lleg\u00f3 la hora del nuevo ataque. Mujeres y hombres aprietan con pasi\u00f3n las armas de la libertad y se arrojan en una batalla m\u00e1s.<\/em><\/p>\n<p style=\"text-align: justify\"><em>El enemigo, guarnecido en sus torres y bastiones, est\u00e1 vigilando. Tiene miedo. Tiene miedo de lo que no puede entender, de lo que desconoce. Ha escrito nuevas leyes, reglas, ha construido nuevas mazmorras. Ha cazado brujas, ha torturado, ha acosado, ha amenazado, ha encarcelado y ha ofrecido promesas. Todo en vano.<\/em><\/p>\n<p style=\"text-align: justify\"><em>El enemigo tiene miedo. Tiene miedo tambi\u00e9n de lxs que caminan camufladxs entre sus filas. Son lxs c\u00f3mplices que nunca capturaron. Ellxs toman fuerza de lxs presxs y se la devuelven. Se declaran enemigxs en juramento y buscan su destrucci\u00f3n.<\/em><\/p>\n<p style=\"text-align: justify\"><em>El 23 de marzo, de madrugada, hicimos explotar una de las 4 entradas de los tribunales en el centro de la ciudad de Heracli\u00f3n, en la isla de Creta. Este ataque es simb\u00f3lico. En caso de que asesinen o causen problemas permanentes en la salud de alg\u00fan\/a huelguista de hambre, el fuego que quema dentro de nosotrxs iluminar\u00e1 las noches. Esto no es una amenaza, es una promesa.<\/em><\/p>\n<p style=\"text-align: justify\"><em><strong>\u00a1Fuerza a lxs presxs libres!<\/strong><\/em><\/p>\n<p style=\"text-align: justify\"><em>FAI\/FRI \u2013 N\u00facleo de Heracli\u00f3n<\/em><\/p>\n<p style=\"text-align: justify\">&#8212;&#8212;&#8212;&#8212;&#8212;&#8212;&#8212;&#8212;<\/p>\n<p style=\"text-align: justify\">Por ahora, \u00e9sto es todo, pero que la solidaridad, como la lucha de nuestrxs compa\u00f1erxs presxs en Grecia, no se detenga.<\/p>\n<p style=\"text-align: justify\">\u00a1Rabia y Conciencia, compas!<\/p>\n<p style=\"text-align: justify\"><a href=\"https:\/\/vozcomoarma.noblogs.org\/files\/2015\/03\/sdf.png\"><img loading=\"lazy\" decoding=\"async\" class=\"aligncenter size-full wp-image-6966\" src=\"https:\/\/vozcomoarma.noblogs.org\/files\/2015\/03\/sdf.png\" alt=\"sdf\" width=\"565\" height=\"703\" srcset=\"https:\/\/vozcomoarma.noblogs.org\/files\/2015\/03\/sdf.png 565w, https:\/\/vozcomoarma.noblogs.org\/files\/2015\/03\/sdf-241x300.png 241w\" sizes=\"auto, (max-width: 565px) 100vw, 565px\" \/><\/a><\/p>\n<\/div>\n<\/div>\n<\/div>\n<\/div>\n","protected":false},"excerpt":{"rendered":"<p>Seg\u00fan diferentes noticias publicadas en Contra Info, contin\u00faan los traslados al hospital de compa\u00f1eros en huelga de hambre, dado el deterioro acelerado de su salud por las huelgas de hambre que mantienen junto a otrxs compa\u00f1erxs desde el 2 de &hellip; <a href=\"https:\/\/vozcomoarma.noblogs.org\/?p=6965\">Sigue leyendo <span class=\"meta-nav\">&rarr;<\/span><\/a><\/p>\n","protected":false},"author":7045,"featured_media":0,"comment_status":"closed","ping_status":"open","sticky":false,"template":"","format":"standard","meta":{"footnotes":""},"categories":[58,202,187,122,200,184,61,9,201,7,33,131],"tags":[17,15,16,26,24,19,10,11,71],"class_list":["post-6965","post","type-post","status-publish","format-standard","hentry","category-acciones","category-angeliki-spyropoulou","category-antonis-stamboulos","category-caso-de-velventos-kozani-grecia","category-kostas-gournas","category-nikos-maziotis","category-noticias","category-noticias-y-comunicados","category-panos-michalakoglou","category-presxs","category-presxs-de-la-conspiracion-de-celulas-del-fuego-presxs","category-tasos-theofilou","tag-carcel","tag-grecia","tag-guerra-social","tag-insurreccionalismo","tag-reflexion","tag-represion","tag-sabotaje","tag-solidaridad","tag-tortura"],"_links":{"self":[{"href":"https:\/\/vozcomoarma.noblogs.org\/index.php?rest_route=\/wp\/v2\/posts\/6965","targetHints":{"allow":["GET"]}}],"collection":[{"href":"https:\/\/vozcomoarma.noblogs.org\/index.php?rest_route=\/wp\/v2\/posts"}],"about":[{"href":"https:\/\/vozcomoarma.noblogs.org\/index.php?rest_route=\/wp\/v2\/types\/post"}],"author":[{"embeddable":true,"href":"https:\/\/vozcomoarma.noblogs.org\/index.php?rest_route=\/wp\/v2\/users\/7045"}],"replies":[{"embeddable":true,"href":"https:\/\/vozcomoarma.noblogs.org\/index.php?rest_route=%2Fwp%2Fv2%2Fcomments&post=6965"}],"version-history":[{"count":1,"href":"https:\/\/vozcomoarma.noblogs.org\/index.php?rest_route=\/wp\/v2\/posts\/6965\/revisions"}],"predecessor-version":[{"id":6967,"href":"https:\/\/vozcomoarma.noblogs.org\/index.php?rest_route=\/wp\/v2\/posts\/6965\/revisions\/6967"}],"wp:attachment":[{"href":"https:\/\/vozcomoarma.noblogs.org\/index.php?rest_route=%2Fwp%2Fv2%2Fmedia&parent=6965"}],"wp:term":[{"taxonomy":"category","embeddable":true,"href":"https:\/\/vozcomoarma.noblogs.org\/index.php?rest_route=%2Fwp%2Fv2%2Fcategories&post=6965"},{"taxonomy":"post_tag","embeddable":true,"href":"https:\/\/vozcomoarma.noblogs.org\/index.php?rest_route=%2Fwp%2Fv2%2Ftags&post=6965"}],"curies":[{"name":"wp","href":"https:\/\/api.w.org\/{rel}","templated":true}]}}