{"id":6968,"date":"2015-03-28T23:51:39","date_gmt":"2015-03-28T22:51:39","guid":{"rendered":"http:\/\/vozcomoarma.noblogs.org\/?p=6968"},"modified":"2015-04-19T01:00:37","modified_gmt":"2015-04-18T23:00:37","slug":"internacional-llamado-a-solidaridad-con-lxs-presxs-en-guerra-entre-el-10-y-el-20-de-abril-frente-a-la-sociedad-carcelaria-ni-silencio-ni-olvido-solo-lucha","status":"publish","type":"post","link":"https:\/\/vozcomoarma.noblogs.org\/?p=6968","title":{"rendered":"Internacional &#8211; Llamado a solidaridad con lxs presxs en guerra entre el 10 y el 20 de abril: Frente a la sociedad carcelaria, ni silencio, ni olvido, \u00a1s\u00f3lo lucha!"},"content":{"rendered":"<p style=\"text-align: justify\">Compas del CAVJ (Colectivo Anticarcelario Vuelo de Justicia) me env\u00edan la siguiente convocatoria para su difusi\u00f3n, llamando a realizar acciones en solidaridad con las presas en guerra del 10 al 20 de abril.<\/p>\n<p style=\"text-align: justify\">&#8212;&#8212;&#8212;&#8212;&#8212;&#8212;&#8212;&#8212;-<\/p>\n<p align=\"JUSTIFY\"><i>CONVOCATORIA: FRENTE A LA SOCIEDAD CARCELARIA, NI SILENCIO, NI OLVIDO, S\u00d3LO LUCHA !!<\/i><\/p>\n<p align=\"JUSTIFY\"><i>*A todxs nuestrxs hermanxs, compa\u00f1erxs, afectos y amores.<\/i><\/p>\n<p align=\"JUSTIFY\"><i>*A las complicidades multiformes del mundo entero que atacan el presente de explotaci\u00f3n y miseria, de dominio, capital y muerte.<\/i><\/p>\n<p align=\"JUSTIFY\"><i>* A todxs los prisionerxs subversivxs, aut\u00f3nomos, libertarixs, revolucionarixs, antiautoritarixs que no niegan sus v\u00ednculos ni convicciones y revisten diaria y dignamente no tan s\u00f3lo en palabras sino que en concretas acciones.<\/i><\/p>\n<p align=\"JUSTIFY\">\u201c<i>Quien teme a la libertad siente orgullo de ser esclavo\u201d<\/i><\/p>\n<p align=\"JUSTIFY\"><i>&#8211; M. Bakunin.<\/i><\/p>\n<p align=\"JUSTIFY\"><i>La lucha contra el poder de la dominaci\u00f3n y la totalidad de los dispositivos simb\u00f3licos, subjetivos, tangibles y val\u00f3ricos que lo sustentan y sostienen requiere, ante todo, de aquella decisi\u00f3n individual,<\/i><\/p>\n<p align=\"JUSTIFY\"><i>radical e inquebrantable de llevar la tensi\u00f3n a todos los espacios de la vida, haciendo de esta un continuo camino de liberaci\u00f3n.<\/i><\/p>\n<p align=\"JUSTIFY\"><i>Claro est\u00e1 que llegar a este convencimiento, decisi\u00f3n, opci\u00f3n implica un proceso que cada cual vive de manera \u00fanica e irrepetible seg\u00fan el contexto y las circunstancias en que hemos abierto los ojos para luchar. Caminar hacia la emancipaci\u00f3n como principio rector para la destrucci\u00f3n de la sociedad de clases no es un proceso instant\u00e1neo ni en solitario, a\u00fan siendo individual, en el encuentro de las ideas vamos construyendo v\u00ednculos que nos van hermanando en la pr\u00e1ctica, generando puntos de afinidad, incluso, con mentes conscientes que directamente no conocemos pero con quienes vamos articulando un camino com\u00fan.<\/i><\/p>\n<p align=\"JUSTIFY\"><i>Pero cuando el espect\u00e1culo social de la no vida que llaman democracia te ofrece su indignada opci\u00f3n de participaci\u00f3n ciudadana a trav\u00e9s de todos sus aparatos de control, lo que busca finalmente es anular en lo m\u00e1s \u00edntimo de cada conciencia la posibilidad cierta de la rebeli\u00f3n.<\/i><\/p>\n<p align=\"JUSTIFY\"><i>Entonces, frente a los m\u00faltiples formatos de la ideolog\u00eda del Estado-C\u00e1rcel-Capital oponer la resistencia ofensiva de nuestras convicciones es traspasar cualquier margen, muralla o frontera en las que pretenden que vivamos la aceptaci\u00f3n ciega de sus podridas relaciones de poder, su moral nauseabunda, su pol\u00edtica y su visi\u00f3n del mundo.<\/i><\/p>\n<p align=\"JUSTIFY\"><i>Resistir ofensivamente el actual estado de las cosas involucra claramente pasar de la palabra a la acci\u00f3n, de la mera consigna al combate rebelde del orden existente, de la simple cr\u00edtica vaciada de contenido a la proliferaci\u00f3n del antagonismo en pos de la revuelta.<\/i><\/p>\n<p align=\"JUSTIFY\"><i>De este modo, quienes hemos dado pasos de recuperaci\u00f3n de nuestras vidas rompiendo las cadenas que nos oprimen, hemos quedado expuestos al embate estatal de represi\u00f3n y muerte. La ley del poder, siempre dispuesta para defender el dominio, se mantiene aceitada para condenar y castigar a lxs que se levantan. Profundizar la consecuente coherencia entre teor\u00eda y pr\u00e1ctica nos ha hecho transitar por los recovecos m\u00e1s oscuros de la arquitectura policial-penitenciaria del Estado-Capitalista. No hemos sido ni lxs primerxs, ni lxs \u00fanicxs, ni seremos lxs \u00faltimxs&#8230; Sin embargo, en la particularidad presente del actual universo de prisionerxs en guerra se expresan diferentes experiencias de resistencia al encierro desde fines de la d\u00e9cada de los &#8217;80 en las demenciales prisiones de alta y m\u00e1xima seguridad, en Chile, Per\u00fa, Brasil y Argentina entre los &#8217;90 y el presente.<\/i><\/p>\n<p align=\"JUSTIFY\"><i>Con procesos juridico-pol\u00edticos siempre moldeados y falsificados en funci\u00f3n de los intereses contrainsurgentes&#8230; La tortura y represi\u00f3n directa ha hecho, de la criminalizaci\u00f3n de los afectos y amores de los diferentes entornos, una constante y m\u00e1s que amedrentarnos a potenciado esa fuerza vital que nos ha hecho insistir y pervivir como individuxs m\u00e1s all\u00e1 de las etiquetas caricaturizadas devenidas de la constante difamaci\u00f3n period\u00edstico-policial, e incluso del sectarismo izquierdista y \u00e1crata que no hace m\u00e1s que atomizar, dividir y fraccionar los intentos continuos por ensanchar la franja insurrecta en la que se funden experiencias diversas que promueven la autonom\u00eda, la axi\u00f3n directa, el apoyo mutuo, la afinidad y horizontalidad en la lucha por la liberaci\u00f3n total.<\/i><\/p>\n<p align=\"JUSTIFY\"><i>La realidad de lxs prisionerxs en guerra en las c\u00e1rceles chilenas no puede ser falsificada. En el d\u00eda a d\u00eda hay lucha, no hay silencio ni menos olvido.<\/i><\/p>\n<p align=\"JUSTIFY\"><i>Generaciones distintas de subversivxs que se encuentran con miradas similares en este presente de lucha.<\/i><\/p>\n<p align=\"JUSTIFY\"><i>Es por esto que contribuyendo a la ruptura de la fragmentaci\u00f3n de los espacios afines y cercanos a cada prisionerx, es que queremos provocar pasos de acercamiento concreto en torno a puntos m\u00ednimos comunes en un escenario altamente desfavorable, pero que nunca ser\u00e1 impedimento para, desde la individualidad, aportar a la colectivizaci\u00f3n de la lucha en todos los planos de la realidad.<\/i><\/p>\n<p align=\"JUSTIFY\"><i>En este marco hacemos un abierto llamado a extender todas las iniciativas posibles de lucha frente a todas las expresiones de la sociedad carcelaria.<\/i><\/p>\n<p align=\"JUSTIFY\"><i>Convocamos a movilizar la imaginaci\u00f3n, voluntad y ganas entre el 10 y el 20 de abril.<\/i><\/p>\n<p align=\"JUSTIFY\"><i>Saludamos las dignas luchas que en el presente se han venido multiplicando en las prisiones griegas, cap\u00edtulos que desde la cercana distancia acompa\u00f1amos con sincero afecto.<\/i><\/p>\n<p align=\"JUSTIFY\"><i>Saludamos tambi\u00e9n al M\u00e9jico Negro, que se levanta y crece en la lucha antiautoritaria, a lxs compas en las prisiones que con sus escritos y luchas est\u00e1n siempre en nuestros corazones.<\/i><\/p>\n<p align=\"JUSTIFY\"><i>Saludamos a lxs prisionerxs anarquistas en las c\u00e1rceles italianas, a nuestrxs hermanxs Francisco y M\u00f3nica en Espa\u00f1a y a lxs compas detenidxs en la denominada operaci\u00f3n Pandora.<\/i><\/p>\n<p align=\"JUSTIFY\"><i>Saludamos la digna resistencia de Mauricio Hern\u00e1ndez en el demencial r\u00e9gimen de castigo en el que se encuentra hace 13 a\u00f1os en las prisiones brasile\u00f1as.<\/i><\/p>\n<p align=\"JUSTIFY\"><i>Saludamos a lxs presxs mapuche aut\u00f3nomos y su ancestral combate por libredeterminarse.<\/i><\/p>\n<p align=\"JUSTIFY\"><i>Saludamos a Juan Flores y Nathaly Casanova procesadxs por la macabra ley antiterrorista, de la democracia que todo lo permite&#8230;A Diego R\u00edos recientemente capturado.<\/i><\/p>\n<p align=\"JUSTIFY\"><i>Abrazamos a todxs lxs presxs dignxs en todas las jaulas del Planeta, a lxs fugitivxs, a nuestrxs muertxs&#8230;<\/i><\/p>\n<p align=\"JUSTIFY\"><i>Con especial cari\u00f1o eterno a Eduardo y Rafael Vergara, a Paulina Aguirre, a Norma Vergara, a Johny Cariqueo, Zo\u00e9 Avella, Lambros Foundas, Mauricio Morales, Sebasti\u00e1n Overluij, y Sergio T\u00e9rensi&#8230;<\/i><\/p>\n<p align=\"JUSTIFY\"><i>JUVENTUD COMBATIENTE: INSURREXI\u00d3N PERMANENTE MIENTRAS EXISTA MISERIA HABR\u00c1 REBELI\u00d3N CONTRA TODA AUTORIDAD GUERRA SOCIAL<\/i><\/p>\n<p align=\"JUSTIFY\"><i>SOLIDARIDAD INTERNACIONAL Y REVOLUCIONARIA POR LA DEMOLICI\u00d3N DE LAS PRISIONES<\/i><\/p>\n<p align=\"JUSTIFY\"><i>Tamara Far\u00edas Vergara<br \/>\nAlejandro Astorga<br \/>\nCarlos Gutierrez Quiduleo<br \/>\nFreddy Fuentevilla<br \/>\nJuan Aliste Vega<br \/>\nHans Niemeyer<br \/>\nMarcelo Villarroel<br \/>\nAlfredo Canales<\/i><\/p>\n<p align=\"JUSTIFY\"><a href=\"https:\/\/vozcomoarma.noblogs.org\/files\/2015\/03\/fai72.jpg\"><img loading=\"lazy\" decoding=\"async\" class=\"aligncenter size-full wp-image-6989\" src=\"https:\/\/vozcomoarma.noblogs.org\/files\/2015\/03\/fai72.jpg\" alt=\"Soli presxs\" width=\"425\" height=\"263\" srcset=\"https:\/\/vozcomoarma.noblogs.org\/files\/2015\/03\/fai72.jpg 425w, https:\/\/vozcomoarma.noblogs.org\/files\/2015\/03\/fai72-300x186.jpg 300w\" sizes=\"auto, (max-width: 425px) 100vw, 425px\" \/><\/a><\/p>\n","protected":false},"excerpt":{"rendered":"<p>Compas del CAVJ (Colectivo Anticarcelario Vuelo de Justicia) me env\u00edan la siguiente convocatoria para su difusi\u00f3n, llamando a realizar acciones en solidaridad con las presas en guerra del 10 al 20 de abril. &#8212;&#8212;&#8212;&#8212;&#8212;&#8212;&#8212;&#8212;- CONVOCATORIA: FRENTE A LA SOCIEDAD CARCELARIA, &hellip; <a href=\"https:\/\/vozcomoarma.noblogs.org\/?p=6968\">Sigue leyendo <span class=\"meta-nav\">&rarr;<\/span><\/a><\/p>\n","protected":false},"author":7045,"featured_media":0,"comment_status":"closed","ping_status":"open","sticky":false,"template":"","format":"standard","meta":{"footnotes":""},"categories":[58,59,61,9,7],"tags":[17,78,16,26,24,19,11],"class_list":["post-6968","post","type-post","status-publish","format-standard","hentry","category-acciones","category-convocatorias","category-noticias","category-noticias-y-comunicados","category-presxs","tag-carcel","tag-chile","tag-guerra-social","tag-insurreccionalismo","tag-reflexion","tag-represion","tag-solidaridad"],"_links":{"self":[{"href":"https:\/\/vozcomoarma.noblogs.org\/index.php?rest_route=\/wp\/v2\/posts\/6968","targetHints":{"allow":["GET"]}}],"collection":[{"href":"https:\/\/vozcomoarma.noblogs.org\/index.php?rest_route=\/wp\/v2\/posts"}],"about":[{"href":"https:\/\/vozcomoarma.noblogs.org\/index.php?rest_route=\/wp\/v2\/types\/post"}],"author":[{"embeddable":true,"href":"https:\/\/vozcomoarma.noblogs.org\/index.php?rest_route=\/wp\/v2\/users\/7045"}],"replies":[{"embeddable":true,"href":"https:\/\/vozcomoarma.noblogs.org\/index.php?rest_route=%2Fwp%2Fv2%2Fcomments&post=6968"}],"version-history":[{"count":3,"href":"https:\/\/vozcomoarma.noblogs.org\/index.php?rest_route=\/wp\/v2\/posts\/6968\/revisions"}],"predecessor-version":[{"id":6990,"href":"https:\/\/vozcomoarma.noblogs.org\/index.php?rest_route=\/wp\/v2\/posts\/6968\/revisions\/6990"}],"wp:attachment":[{"href":"https:\/\/vozcomoarma.noblogs.org\/index.php?rest_route=%2Fwp%2Fv2%2Fmedia&parent=6968"}],"wp:term":[{"taxonomy":"category","embeddable":true,"href":"https:\/\/vozcomoarma.noblogs.org\/index.php?rest_route=%2Fwp%2Fv2%2Fcategories&post=6968"},{"taxonomy":"post_tag","embeddable":true,"href":"https:\/\/vozcomoarma.noblogs.org\/index.php?rest_route=%2Fwp%2Fv2%2Ftags&post=6968"}],"curies":[{"name":"wp","href":"https:\/\/api.w.org\/{rel}","templated":true}]}}