{"id":6970,"date":"2015-03-29T00:13:56","date_gmt":"2015-03-28T23:13:56","guid":{"rendered":"http:\/\/vozcomoarma.noblogs.org\/?p=6970"},"modified":"2015-03-29T00:13:56","modified_gmt":"2015-03-28T23:13:56","slug":"chile-detona-parcialmente-explosivo-contra-la-iglesia-san-pedro-en-la-comuna-de-las-condes","status":"publish","type":"post","link":"https:\/\/vozcomoarma.noblogs.org\/?p=6970","title":{"rendered":"Chile &#8211; Detona parcialmente explosivo contra la iglesia San Pedro en la comuna de Las Condes"},"content":{"rendered":"<p align=\"JUSTIFY\">Lxs compas de Noticias de la Guerra Social env\u00edan la siguiente noticia sobre un hecho ocurrido hace algo m\u00e1s de un mes, a finales de febrero, cuando una bomba explot\u00f3 parcialmente en un lateral de la iglesia de San Pedro, situada en Las Condes, Santiago de Chile.<\/p>\n<p align=\"JUSTIFY\">Seg\u00fan la informaci\u00f3n disponible hasta ahora, por el momento nadie se ha adjudicado el ataque, y en el lugar no se hallaron panfletos ni otros materiales que vinculasen el bombazo con alguna tendencia:<\/p>\n<p align=\"JUSTIFY\">&#8212;&#8212;&#8212;&#8212;&#8212;&#8212;&#8212;&#8212;&#8212;<\/p>\n<p align=\"JUSTIFY\"><em>Cerca de las 9:00 de la ma\u00f1ana del 21 de Febrero del 2015, un fuerte estruendo afecta a la puerta lateral de la Iglesia San Pedro, cerca del sector del velatorio ubicada entre las calles Isabel La Cat\u00f3lica con Vespucio, en la adinerada comuna de Las Condes.<\/em><\/p>\n<p align=\"JUSTIFY\"><em>Una olla a presi\u00f3n, cortada met\u00e1licamente para su fragmentaci\u00f3n repleta de p\u00f3lvora y esquirlas met\u00e1licas compuestas por clavos cortados, activado mediante un sistema de relojer\u00eda detona parcialmente. La p\u00f3lvora habr\u00eda deflagrado sin lograr comprimirse y detonar completamente.<\/em><\/p>\n<p align=\"JUSTIFY\"><em>R\u00e1pidamente al lugar lleg\u00f3 personal pseudo-especializado de la polic\u00eda, adem\u00e1s de miembros de la Fiscal\u00eda Sur, a cargo de Ra\u00fal Guzm\u00e1n quien se\u00f1al\u00f3: \u00abEste ataque est\u00e1 fuera de las conductas y rangos de atentados anteriores, y demuestra mayor osad\u00eda de los autores, porque los ataques los est\u00e1n haciendo con luz de d\u00eda, lo que da cuenta de que existe una clara intencionalidad m\u00e1s all\u00e1 de expresar alguna ideolog\u00eda, sino que de atentar contra personas que est\u00e1n en el lugar\u00bb. Lo que Guzm\u00e1n olvida y trascendi\u00f3 por la propia prensa fue que tras revisar las c\u00e1maras de vigilancia del sector al parecer el artefacto no hab\u00eda sido colocado en la ma\u00f1ana.<\/em><\/p>\n<p align=\"JUSTIFY\"><em>El p\u00e1rroco de la Iglesia, Hans Kast, hermano del diputado fascista Jos\u00e9 Antonio Kast del partido de ultraderecha (UDI), conden\u00f3 en\u00e9rgicamente el atentado.<\/em><\/p>\n<p align=\"JUSTIFY\"><em>En el lugar no se encontraron panfletos y hasta el momento ning\u00fan grupo se ha adjudicado la acci\u00f3n.<\/em><\/p>\n<p align=\"JUSTIFY\"><a href=\"https:\/\/vozcomoarma.noblogs.org\/files\/2015\/03\/011.jpg\"><img loading=\"lazy\" decoding=\"async\" class=\"aligncenter size-full wp-image-6974\" src=\"https:\/\/vozcomoarma.noblogs.org\/files\/2015\/03\/011.jpg\" alt=\"01\" width=\"617\" height=\"418\" srcset=\"https:\/\/vozcomoarma.noblogs.org\/files\/2015\/03\/011.jpg 617w, https:\/\/vozcomoarma.noblogs.org\/files\/2015\/03\/011-300x203.jpg 300w\" sizes=\"auto, (max-width: 617px) 100vw, 617px\" \/><\/a> <a href=\"https:\/\/vozcomoarma.noblogs.org\/files\/2015\/03\/02.jpg\"><img loading=\"lazy\" decoding=\"async\" class=\"aligncenter size-full wp-image-6975\" src=\"https:\/\/vozcomoarma.noblogs.org\/files\/2015\/03\/02.jpg\" alt=\"02\" width=\"620\" height=\"375\" srcset=\"https:\/\/vozcomoarma.noblogs.org\/files\/2015\/03\/02.jpg 620w, https:\/\/vozcomoarma.noblogs.org\/files\/2015\/03\/02-300x181.jpg 300w\" sizes=\"auto, (max-width: 620px) 100vw, 620px\" \/><\/a> <a href=\"https:\/\/vozcomoarma.noblogs.org\/files\/2015\/03\/031.jpg\"><img loading=\"lazy\" decoding=\"async\" class=\"aligncenter size-full wp-image-6976\" src=\"https:\/\/vozcomoarma.noblogs.org\/files\/2015\/03\/031.jpg\" alt=\"03\" width=\"574\" height=\"383\" srcset=\"https:\/\/vozcomoarma.noblogs.org\/files\/2015\/03\/031.jpg 574w, https:\/\/vozcomoarma.noblogs.org\/files\/2015\/03\/031-300x200.jpg 300w\" sizes=\"auto, (max-width: 574px) 100vw, 574px\" \/><\/a> <a href=\"https:\/\/vozcomoarma.noblogs.org\/files\/2015\/03\/041.jpg\"><img loading=\"lazy\" decoding=\"async\" class=\"aligncenter size-full wp-image-6977\" src=\"https:\/\/vozcomoarma.noblogs.org\/files\/2015\/03\/041.jpg\" alt=\"04\" width=\"618\" height=\"424\" srcset=\"https:\/\/vozcomoarma.noblogs.org\/files\/2015\/03\/041.jpg 618w, https:\/\/vozcomoarma.noblogs.org\/files\/2015\/03\/041-300x206.jpg 300w\" sizes=\"auto, (max-width: 618px) 100vw, 618px\" \/><\/a> <a href=\"https:\/\/vozcomoarma.noblogs.org\/files\/2015\/03\/051.jpg\"><img loading=\"lazy\" decoding=\"async\" class=\"aligncenter size-full wp-image-6978\" src=\"https:\/\/vozcomoarma.noblogs.org\/files\/2015\/03\/051.jpg\" alt=\"05\" width=\"338\" height=\"584\" srcset=\"https:\/\/vozcomoarma.noblogs.org\/files\/2015\/03\/051.jpg 338w, https:\/\/vozcomoarma.noblogs.org\/files\/2015\/03\/051-174x300.jpg 174w\" sizes=\"auto, (max-width: 338px) 100vw, 338px\" \/><\/a> <a href=\"https:\/\/vozcomoarma.noblogs.org\/files\/2015\/03\/06.jpeg\"><img loading=\"lazy\" decoding=\"async\" class=\"aligncenter size-full wp-image-6979\" src=\"https:\/\/vozcomoarma.noblogs.org\/files\/2015\/03\/06.jpeg\" alt=\"06\" width=\"858\" height=\"573\" srcset=\"https:\/\/vozcomoarma.noblogs.org\/files\/2015\/03\/06.jpeg 858w, https:\/\/vozcomoarma.noblogs.org\/files\/2015\/03\/06-300x200.jpeg 300w\" sizes=\"auto, (max-width: 858px) 100vw, 858px\" \/><\/a> <a href=\"https:\/\/vozcomoarma.noblogs.org\/files\/2015\/03\/071.jpg\"><img loading=\"lazy\" decoding=\"async\" class=\"aligncenter size-full wp-image-6980\" src=\"https:\/\/vozcomoarma.noblogs.org\/files\/2015\/03\/071.jpg\" alt=\"07\" width=\"613\" height=\"419\" srcset=\"https:\/\/vozcomoarma.noblogs.org\/files\/2015\/03\/071.jpg 613w, https:\/\/vozcomoarma.noblogs.org\/files\/2015\/03\/071-300x205.jpg 300w\" sizes=\"auto, (max-width: 613px) 100vw, 613px\" \/><\/a><\/p>\n","protected":false},"excerpt":{"rendered":"<p>Lxs compas de Noticias de la Guerra Social env\u00edan la siguiente noticia sobre un hecho ocurrido hace algo m\u00e1s de un mes, a finales de febrero, cuando una bomba explot\u00f3 parcialmente en un lateral de la iglesia de San Pedro, &hellip; <a href=\"https:\/\/vozcomoarma.noblogs.org\/?p=6970\">Sigue leyendo <span class=\"meta-nav\">&rarr;<\/span><\/a><\/p>\n","protected":false},"author":7045,"featured_media":0,"comment_status":"closed","ping_status":"open","sticky":false,"template":"","format":"standard","meta":{"footnotes":""},"categories":[58,61,9],"tags":[78,16],"class_list":["post-6970","post","type-post","status-publish","format-standard","hentry","category-acciones","category-noticias","category-noticias-y-comunicados","tag-chile","tag-guerra-social"],"_links":{"self":[{"href":"https:\/\/vozcomoarma.noblogs.org\/index.php?rest_route=\/wp\/v2\/posts\/6970","targetHints":{"allow":["GET"]}}],"collection":[{"href":"https:\/\/vozcomoarma.noblogs.org\/index.php?rest_route=\/wp\/v2\/posts"}],"about":[{"href":"https:\/\/vozcomoarma.noblogs.org\/index.php?rest_route=\/wp\/v2\/types\/post"}],"author":[{"embeddable":true,"href":"https:\/\/vozcomoarma.noblogs.org\/index.php?rest_route=\/wp\/v2\/users\/7045"}],"replies":[{"embeddable":true,"href":"https:\/\/vozcomoarma.noblogs.org\/index.php?rest_route=%2Fwp%2Fv2%2Fcomments&post=6970"}],"version-history":[{"count":1,"href":"https:\/\/vozcomoarma.noblogs.org\/index.php?rest_route=\/wp\/v2\/posts\/6970\/revisions"}],"predecessor-version":[{"id":6981,"href":"https:\/\/vozcomoarma.noblogs.org\/index.php?rest_route=\/wp\/v2\/posts\/6970\/revisions\/6981"}],"wp:attachment":[{"href":"https:\/\/vozcomoarma.noblogs.org\/index.php?rest_route=%2Fwp%2Fv2%2Fmedia&parent=6970"}],"wp:term":[{"taxonomy":"category","embeddable":true,"href":"https:\/\/vozcomoarma.noblogs.org\/index.php?rest_route=%2Fwp%2Fv2%2Fcategories&post=6970"},{"taxonomy":"post_tag","embeddable":true,"href":"https:\/\/vozcomoarma.noblogs.org\/index.php?rest_route=%2Fwp%2Fv2%2Ftags&post=6970"}],"curies":[{"name":"wp","href":"https:\/\/api.w.org\/{rel}","templated":true}]}}