{"id":6982,"date":"2015-03-29T00:21:33","date_gmt":"2015-03-28T23:21:33","guid":{"rendered":"http:\/\/vozcomoarma.noblogs.org\/?p=6982"},"modified":"2015-03-29T03:02:19","modified_gmt":"2015-03-29T01:02:19","slug":"video-autoconvocadxs-sobre-el-campamento-de-bloqueo-a-monsanto-en-cordoba-argentina","status":"publish","type":"post","link":"https:\/\/vozcomoarma.noblogs.org\/?p=6982","title":{"rendered":"[Documental] Autoconvocadxs, sobre el campamento de bloqueo a Monsanto en C\u00f3rdoba, Argentina"},"content":{"rendered":"<p style=\"text-align: justify\">Un\/a colaborador\/a an\u00f3nimx (al que agradezco mucho su aportaci\u00f3n, \u00a1gracias compa!) envi\u00f3 el siguiente v\u00eddeo al correo electr\u00f3nico del blog. El v\u00eddeo, de un poco m\u00e1s de 20 minutos de duraci\u00f3n, fue realizado de manera autogestionada durante el campamento de bloqueo realizado en C\u00f3rdoba, Argentina, donde el gigante Monsanto pretende construir la mayor planta de semillas transg\u00e9nicas de toda Latinoam\u00e9rica, en su af\u00e1n por privatizar y controlar el sector agroalimentario y continuar expoliando la tierra, artificializando los cultivos e imponiendo sus patentes a unxs peque\u00f1xs productorxs y campesinxs locales que se ven sin recursos ni fondos para hacer frente a las condiciones.<\/p>\n<p style=\"text-align: justify\">Un grupo de gente acamp\u00f3 en sus puertas, desde hace m\u00e1s de 17 meses, y resisten all\u00ed, impulsando proyectos de permacultura y autoabastecimiento con los cuales hacer frente al modelo depredador y asesino que Monsanto crea, en una naturaleza violada por la biotecnolog\u00eda.<\/p>\n<p style=\"text-align: center\">[vsw id=\u00bb114064939&#8243; source=\u00bbvimeo\u00bb width=\u00bb425&#8243; height=\u00bb344&#8243; autoplay=0]<\/p>\n","protected":false},"excerpt":{"rendered":"<p>Un\/a colaborador\/a an\u00f3nimx (al que agradezco mucho su aportaci\u00f3n, \u00a1gracias compa!) envi\u00f3 el siguiente v\u00eddeo al correo electr\u00f3nico del blog. El v\u00eddeo, de un poco m\u00e1s de 20 minutos de duraci\u00f3n, fue realizado de manera autogestionada durante el campamento de &hellip; <a href=\"https:\/\/vozcomoarma.noblogs.org\/?p=6982\">Sigue leyendo <span class=\"meta-nav\">&rarr;<\/span><\/a><\/p>\n","protected":false},"author":7045,"featured_media":0,"comment_status":"closed","ping_status":"open","sticky":false,"template":"","format":"standard","meta":{"footnotes":""},"categories":[95],"tags":[47,13,30,16,42],"class_list":["post-6982","post","type-post","status-publish","format-standard","hentry","category-documentales","tag-anti-desarrollismo","tag-argentina","tag-critica-anti-industrial","tag-guerra-social","tag-movimientos-sociales"],"_links":{"self":[{"href":"https:\/\/vozcomoarma.noblogs.org\/index.php?rest_route=\/wp\/v2\/posts\/6982","targetHints":{"allow":["GET"]}}],"collection":[{"href":"https:\/\/vozcomoarma.noblogs.org\/index.php?rest_route=\/wp\/v2\/posts"}],"about":[{"href":"https:\/\/vozcomoarma.noblogs.org\/index.php?rest_route=\/wp\/v2\/types\/post"}],"author":[{"embeddable":true,"href":"https:\/\/vozcomoarma.noblogs.org\/index.php?rest_route=\/wp\/v2\/users\/7045"}],"replies":[{"embeddable":true,"href":"https:\/\/vozcomoarma.noblogs.org\/index.php?rest_route=%2Fwp%2Fv2%2Fcomments&post=6982"}],"version-history":[{"count":2,"href":"https:\/\/vozcomoarma.noblogs.org\/index.php?rest_route=\/wp\/v2\/posts\/6982\/revisions"}],"predecessor-version":[{"id":6991,"href":"https:\/\/vozcomoarma.noblogs.org\/index.php?rest_route=\/wp\/v2\/posts\/6982\/revisions\/6991"}],"wp:attachment":[{"href":"https:\/\/vozcomoarma.noblogs.org\/index.php?rest_route=%2Fwp%2Fv2%2Fmedia&parent=6982"}],"wp:term":[{"taxonomy":"category","embeddable":true,"href":"https:\/\/vozcomoarma.noblogs.org\/index.php?rest_route=%2Fwp%2Fv2%2Fcategories&post=6982"},{"taxonomy":"post_tag","embeddable":true,"href":"https:\/\/vozcomoarma.noblogs.org\/index.php?rest_route=%2Fwp%2Fv2%2Ftags&post=6982"}],"curies":[{"name":"wp","href":"https:\/\/api.w.org\/{rel}","templated":true}]}}