{"id":699,"date":"2013-08-31T17:44:36","date_gmt":"2013-08-31T15:44:36","guid":{"rendered":"http:\/\/vozcomoarma.noblogs.org\/?p=699"},"modified":"2013-08-31T17:44:36","modified_gmt":"2013-08-31T15:44:36","slug":"proyecto-fenix-quinto-acto-incendio-contra-una-escuela-de-policia-en-indonesia","status":"publish","type":"post","link":"https:\/\/vozcomoarma.noblogs.org\/?p=699","title":{"rendered":"Proyecto F\u00e9nix, quinto acto &#8211; Incendio contra una escuela de polic\u00eda en Indonesia"},"content":{"rendered":"<p align=\"JUSTIFY\">Extraigo de Contrainfo este comunicado de una nueva acci\u00f3n del llamado Proyecto F\u00e9nix, la segunda que sucede en Indonesia (recordemos que la otra fue el incendio del tercer piso de un hotel de lujo, cuyo comunicado pod\u00e9is ver <a href=\"http:\/\/es.contrainfo.espiv.net\/2013\/06\/29\/yakarta-indonesia-reivindicacion-del-ataque-incendiario-contra-el-media-hotel-towers\/\">aqu\u00ed<\/a>, y que se complement\u00f3 con las otras tres realizadas en Grecia, en concreto el ataque incendiario al coche de Maria Stefi, directora de las prisiones de Korydallos -comunicado <a href=\"http:\/\/es.contrainfo.espiv.net\/2013\/06\/12\/atenas-grecia-ataque-explosivo-al-vehiculo-de-la-directora-de-las-prisiones-de-koridallos-en-el-distrito-de-dafni-7613\/\">aqu\u00ed<\/a> -, el ataque contra el coche de un carcelero conocido por sus torturas en las prisiones de Nafplio &#8211; <a href=\"http:\/\/es.contrainfo.espiv.net\/2013\/06\/22\/grecia-reivindicacion-del-ataque-explosivo-en-la-ciudad-de-argos-126\/\">aqu\u00ed<\/a> el comunicado &#8211; y por \u00faltimo el env\u00edo de un paquete bomba a un ex-comandante de la Unidad Antiterrorista &#8211; <a href=\"http:\/\/es.contrainfo.espiv.net\/2013\/07\/13\/grecia-reivindicacion-de-envio-de-paquete-bomba-al-comandante-de-la-unidad-antiterrorista\/\">aqu\u00ed<\/a> el comunicado -).<\/p>\n<p align=\"JUSTIFY\">&#8212;&#8212;&#8212;&#8212;&#8212;&#8212;-<\/p>\n<p align=\"JUSTIFY\"><em>Breve Mensaje a lxs enemigxs (PROYECTO F\u00c9NIX: QUINTO ACTO)<\/em><\/p>\n<p align=\"JUSTIFY\"><em>\u00abNo hablaremos de \u201cpersecuciones injustas\u201d, o del \u201cclima de terror contra lxs que luchan\u201d, ni del \u201cnuevo totalitarismo\u201d y cosas as\u00ed. Porque sabemos que nada de todo esto es nuevo. Esto son simples instant\u00e1neas de la vieja guerra entre dos mundos incompatibles: a un lado, est\u00e1 el asqueroso mundo de la Autoridad, de la masa sometida y de la cloaca social y, al otro, lxs anarquistas insurrectxs, lxs combatientes insubordinadxs de lo Negativo, lxs que no se inclinan ante nadie. Ni siquiera hablaremos de lxs dem\u00e1s. Lxs que, estos d\u00edas, se sienten secretamente contentxs y aliviadxs. Ahora no es ni el momento ni el lugar para hacerlo. De todas formas, deber\u00edan saber que llegar\u00e1 el momento de hablar de estas cosas\u00bb<\/em><br \/>\n<em>\u2013 Libertad para lxs Lobxs del Norte<\/em><\/p>\n<p align=\"JUSTIFY\"><em>Cuando dijimos \u201cnada ha acabado\u201d, no son s\u00f3lo palabras. Nuestras amenazas se convertir\u00e1n en acci\u00f3n, una y otra vez, cada segundo que tengamos la oportunidad. Y, cada vez, llevaremos nuestras acciones m\u00e1s cerca de vuestras caras. Justo delante de vuestras pistolas, uniformes y prisiones -herramientas represivas que, a menudo, se usan para secuestrar a nuestrxs compa\u00f1erxs revolucionarixs. Nunca os dejaremos dormir bien, pues nuestra guerra a\u00fan no se ha acabado.<\/em><\/p>\n<p align=\"JUSTIFY\"><em>Con esta carta reivindicamos el incendio contra una escuela de polic\u00eda en Sudirman St. Balikpapan el 24 de agosto de 2013. Colocamos un artefacto incendiario con un temporizador en frente de esa escuela y dejamos que el fuego hiciera el resto. Escogimos este objetivo despu\u00e9s de recibir noticias de que lxs cerdxs griegxs hab\u00edan invadido la okupa Nadir y secuestrado a dos compa\u00f1eros por diversos ataques de diferentes c\u00e9lulas de la FAI\/FRI. Nuestra acci\u00f3n es la venganza directa contra lxs cerdxs en todas partes, no solo en Grecia.<\/em><\/p>\n<p align=\"JUSTIFY\"><em>Saludamos con fuego a nuestros dos hermanos acusados en nuestro proyecto internacional de venganza: Proyecto F\u00e9nix.<\/em><br \/>\n<em><\/em><\/p>\n<p align=\"JUSTIFY\"><em>No tenemos nada m\u00e1s que deciros, porque dejaremos que el fuego lo explique. Y, por cada cent\u00edmetro que vuestros pasos invadan nuestra libertad, os devolveremos el golpe con m\u00e1s violencia que antes.<\/em><\/p>\n<p align=\"JUSTIFY\"><em>Esta acci\u00f3n es tambi\u00e9n para saludar a nuestrxs compa\u00f1erxs: Conspiraci\u00f3n de C\u00e9lulas del Fuego: C\u00e9lula de Miembros Encarceladxs, nuestros queridos Alfredo Cospito y Nicola Gai, Hans Niemeyer, Juan, Marcelo y Freddy, a los 4 de Kozani, y a lxs prisionerxs de guerra en Italia (de Ardire, Shadow, Thor, etc.) y a lxs prisionerxs de guerra en Chile. Porque cada compa\u00f1erx que se encuentra en nuestros negros corazones.<\/em><\/p>\n<p align=\"JUSTIFY\"><em>CONSPIRACI\u00d3N INTERNACIONAL POR LA VENGANZA<\/em> \/ <em>FAI-FRI<\/em><\/p>\n<p align=\"JUSTIFY\">\n<em>C\u00e9lula Libertad para Mandylas y Tsavdaridis<\/em><\/p>\n<p align=\"JUSTIFY\"><em>Para mayor informaci\u00f3n, esta vez, la polic\u00eda no puede decir que este fuego estuviera causado por una falla el\u00e9ctrica, ya que no hab\u00eda electricidad en ese momento en el edificio. Fueron totalmente consumidas por el fuego siete aulas.<\/em><\/p>\n<p style=\"text-align: center\" align=\"JUSTIFY\"><a href=\"https:\/\/vozcomoarma.noblogs.org\/files\/2013\/08\/burn.jpg\"><img loading=\"lazy\" decoding=\"async\" class=\"alignnone size-medium wp-image-700\" alt=\"Incendio escuela polic\u00eda Indonesia\" src=\"https:\/\/vozcomoarma.noblogs.org\/files\/2013\/08\/burn-300x225.jpg\" width=\"486\" height=\"364\" srcset=\"https:\/\/vozcomoarma.noblogs.org\/files\/2013\/08\/burn-300x225.jpg 300w, https:\/\/vozcomoarma.noblogs.org\/files\/2013\/08\/burn.jpg 460w\" sizes=\"auto, (max-width: 486px) 100vw, 486px\" \/><\/a><\/p>\n","protected":false},"excerpt":{"rendered":"<p>Extraigo de Contrainfo este comunicado de una nueva acci\u00f3n del llamado Proyecto F\u00e9nix, la segunda que sucede en Indonesia (recordemos que la otra fue el incendio del tercer piso de un hotel de lujo, cuyo comunicado pod\u00e9is ver aqu\u00ed, y &hellip; <a href=\"https:\/\/vozcomoarma.noblogs.org\/?p=699\">Sigue leyendo <span class=\"meta-nav\">&rarr;<\/span><\/a><\/p>\n","protected":false},"author":7045,"featured_media":0,"comment_status":"closed","ping_status":"open","sticky":false,"template":"","format":"standard","meta":{"footnotes":""},"categories":[58,84,31,85,83,9,56,75,86,7,33],"tags":[15,16,101,26,24,10,11],"class_list":["post-699","post","type-post","status-publish","format-standard","hentry","category-acciones","category-alfredo-cospito","category-detenidos-proyecto-fenix","category-hans-niemeyer","category-nicola-gai","category-noticias-y-comunicados","category-operacion-osadia","category-operacion-outlaw","category-operacion-thor","category-presxs","category-presxs-de-la-conspiracion-de-celulas-del-fuego-presxs","tag-grecia","tag-guerra-social","tag-indonesia","tag-insurreccionalismo","tag-reflexion","tag-sabotaje","tag-solidaridad"],"_links":{"self":[{"href":"https:\/\/vozcomoarma.noblogs.org\/index.php?rest_route=\/wp\/v2\/posts\/699","targetHints":{"allow":["GET"]}}],"collection":[{"href":"https:\/\/vozcomoarma.noblogs.org\/index.php?rest_route=\/wp\/v2\/posts"}],"about":[{"href":"https:\/\/vozcomoarma.noblogs.org\/index.php?rest_route=\/wp\/v2\/types\/post"}],"author":[{"embeddable":true,"href":"https:\/\/vozcomoarma.noblogs.org\/index.php?rest_route=\/wp\/v2\/users\/7045"}],"replies":[{"embeddable":true,"href":"https:\/\/vozcomoarma.noblogs.org\/index.php?rest_route=%2Fwp%2Fv2%2Fcomments&post=699"}],"version-history":[{"count":1,"href":"https:\/\/vozcomoarma.noblogs.org\/index.php?rest_route=\/wp\/v2\/posts\/699\/revisions"}],"predecessor-version":[{"id":701,"href":"https:\/\/vozcomoarma.noblogs.org\/index.php?rest_route=\/wp\/v2\/posts\/699\/revisions\/701"}],"wp:attachment":[{"href":"https:\/\/vozcomoarma.noblogs.org\/index.php?rest_route=%2Fwp%2Fv2%2Fmedia&parent=699"}],"wp:term":[{"taxonomy":"category","embeddable":true,"href":"https:\/\/vozcomoarma.noblogs.org\/index.php?rest_route=%2Fwp%2Fv2%2Fcategories&post=699"},{"taxonomy":"post_tag","embeddable":true,"href":"https:\/\/vozcomoarma.noblogs.org\/index.php?rest_route=%2Fwp%2Fv2%2Ftags&post=699"}],"curies":[{"name":"wp","href":"https:\/\/api.w.org\/{rel}","templated":true}]}}