{"id":7137,"date":"2015-04-07T00:24:17","date_gmt":"2015-04-06T22:24:17","guid":{"rendered":"http:\/\/vozcomoarma.noblogs.org\/?p=7137"},"modified":"2015-04-07T00:24:17","modified_gmt":"2015-04-06T22:24:17","slug":"internacional-continuan-aflorando-los-gestos-de-solidaridad-con-los-huelguistas-de-hambre-en-las-prisiones-griegas","status":"publish","type":"post","link":"https:\/\/vozcomoarma.noblogs.org\/?p=7137","title":{"rendered":"Internacional &#8211; Contin\u00faan aflorando los gestos de solidaridad con los huelguistas de hambre en las prisiones griegas"},"content":{"rendered":"<p style=\"text-align: justify\">Sigue una recopilaci\u00f3n de los gestos solidarios multiformes que han tenido lugar \u00faltimamente en apoyo a los huelguistas de hambre de las prisiones griegas:<\/p>\n<p style=\"text-align: justify\">&#8212;&#8212;&#8212;&#8212;&#8212;&#8212;&#8212;&#8212;<\/p>\n<p style=\"text-align: justify\"><em><strong>Intervenci\u00f3n solidaria en Santiago de Chile<\/strong><\/em><\/p>\n<p style=\"text-align: justify\"><em>Hoy mi\u00e9rcoles 1 de abril, a las 13:00 hrs, un grupo de manifestantes se ha acercado a la embajada griega, ubicada en la aburguesada comuna de Las Condes (Santiasko) para interrumpir la paz social en respuesta al llamado de Solidaridad Internacional con lxs compa\u00f1erxs encarceladxs por el Estado griego, quienes se encuentran en huelga de hambre hasta la muerte desde el d\u00eda 2 de marzo.<\/em><\/p>\n<p style=\"text-align: justify\"><em>Por la libertad inmediata de sus familiares encarceladxs<br \/>\nContra el r\u00e9gimen de excepci\u00f3n legal y represivo impuesto desde el a\u00f1o 2000<br \/>\nPor la abolici\u00f3n de las prisiones de m\u00e1xima seguridad (tipo C)<br \/>\nPor la abolici\u00f3n de la legislaci\u00f3n antiterrorista<br \/>\nPor la abolici\u00f3n de la ley de la capucha<br \/>\nPor el cambio radical en la metodolog\u00eda de toma e identificaci\u00f3n del material gen\u00e9tico<br \/>\nPor la liberaci\u00f3n de Savvas Xiros, quien se encuentra gravemente enfermo y encarcelado desde el a\u00f1o 2002<\/em><\/p>\n<p style=\"text-align: justify\"><em>\u00a1\u00a1\u00a1Contra el chantaje malicioso de la autoridad griega y sus leyes!!!<br \/>\n\u00a1\u00a1\u00a1Victoria para la lucha de lxs presxs huelguistas de hambre!!!<br \/>\n\u00a1\u00a1\u00a1Por la destrucci\u00f3n del Estado, el capital y toda forma de autoridad!!!<\/em><\/p>\n<p style=\"text-align: justify\"><em>(La jornada termin\u00f3 sin detenidxs)<\/em><\/p>\n<p style=\"text-align: justify\"><a href=\"https:\/\/vozcomoarma.noblogs.org\/files\/2015\/04\/8u.jpg\"><img loading=\"lazy\" decoding=\"async\" class=\" size-full wp-image-7145 alignnone\" src=\"https:\/\/vozcomoarma.noblogs.org\/files\/2015\/04\/8u.jpg\" alt=\"$hile Embajada griega\" width=\"1600\" height=\"1200\" srcset=\"https:\/\/vozcomoarma.noblogs.org\/files\/2015\/04\/8u.jpg 1600w, https:\/\/vozcomoarma.noblogs.org\/files\/2015\/04\/8u-300x225.jpg 300w, https:\/\/vozcomoarma.noblogs.org\/files\/2015\/04\/8u-1024x768.jpg 1024w\" sizes=\"auto, (max-width: 1600px) 100vw, 1600px\" \/><\/a><\/p>\n<p style=\"text-align: justify\">&#8212;&#8212;&#8212;&#8212;&#8212;&#8212;&#8212;&#8212;<\/p>\n<p style=\"text-align: justify\"><em><strong>Pancarta colgada en alg\u00fan lugar de M\u00e9xico<\/strong><\/em><\/p>\n<p style=\"text-align: justify\"><em>La \u00fanica cosa que hace el Estado como su \u00faltimo recurso estrat\u00e9gico es traer la pobreza y la represi\u00f3n contra quienes se rebelan.<\/em><\/p>\n<p style=\"text-align: justify\"><em>Intenta salvar su existencia utilizando el control de las relaciones humanas y de la econom\u00eda. As\u00ed como existe el Estado y el Capitalismo, siguen existiendo tambi\u00e9n sus enemigos.<\/em><\/p>\n<p style=\"text-align: justify\"><em>Nosotrxs vivimos por el momento en el tiempo dentro del cual muchas chispas en cualquier lado del mundo se transformar\u00e1n en el fuego que lxs va a quemar pese a sus estrategias de control y vigilancia.<\/em><\/p>\n<p style=\"text-align: justify\"><em>Nos involucramos en la llamada global de solidaridad activa y ataques que lxs presxs pol\u00edticxs en huelga de hambre en las c\u00e1rceles griegas hicieron desde el 2 de marzo.<\/em><\/p>\n<p style=\"text-align: justify\"><em>Experimentamos nuestra solidaridad para vindicar la demanda de lxs anarquistas rehenes del Estado griego.<\/em><\/p>\n<p style=\"text-align: justify\"><em>Guerra a la guerra de los patrones<br \/>\nMientras existan las c\u00e1rceles nadie ser\u00e1 libre<\/em><\/p>\n<p style=\"text-align: justify\"><em>Anarquistas en M\u00e9xico<\/em><\/p>\n<p style=\"text-align: justify\"><a href=\"https:\/\/vozcomoarma.noblogs.org\/files\/2015\/04\/maxico1.jpg\"><img loading=\"lazy\" decoding=\"async\" class=\"aligncenter size-full wp-image-7146\" src=\"https:\/\/vozcomoarma.noblogs.org\/files\/2015\/04\/maxico1.jpg\" alt=\"maxico1\" width=\"1024\" height=\"737\" srcset=\"https:\/\/vozcomoarma.noblogs.org\/files\/2015\/04\/maxico1.jpg 1024w, https:\/\/vozcomoarma.noblogs.org\/files\/2015\/04\/maxico1-300x216.jpg 300w\" sizes=\"auto, (max-width: 1024px) 100vw, 1024px\" \/><\/a> <a href=\"https:\/\/vozcomoarma.noblogs.org\/files\/2015\/04\/mexico0.jpg\"><img loading=\"lazy\" decoding=\"async\" class=\"aligncenter size-full wp-image-7147\" src=\"https:\/\/vozcomoarma.noblogs.org\/files\/2015\/04\/mexico0.jpg\" alt=\"mexico0\" width=\"1024\" height=\"685\" srcset=\"https:\/\/vozcomoarma.noblogs.org\/files\/2015\/04\/mexico0.jpg 1024w, https:\/\/vozcomoarma.noblogs.org\/files\/2015\/04\/mexico0-300x201.jpg 300w\" sizes=\"auto, (max-width: 1024px) 100vw, 1024px\" \/><\/a>&#8212;&#8212;&#8212;&#8212;&#8212;&#8212;&#8212;&#8212;<\/p>\n<p style=\"text-align: justify\"><strong><em>Incendiada oficina de impuestos en Heracli\u00f3n, (isla de Creta, Grecia)<\/em><\/strong><\/p>\n<p style=\"text-align: justify\"><em>Con nuestro pensamiento clavado en la huelga de hambre de lxs compas, la madrugada del 2 de abril atacamos la 2\u00aa oficina de impuestos de la ciudad de Heracli\u00f3n, en la isla de Creta, colocando un artefacto incendiario en la entrada del edificio.<\/em><\/p>\n<p style=\"text-align: justify\"><em>Compa\u00f1erxs: Aunque nos separan kil\u00f3metros de distancia, muros y cada tipo de lacayos del Estado, nosotrxs sentimos que el fuego que arde dentro de vosotrxs est\u00e1 m\u00e1s caliente que nunca. Con este fuego a nuestro lado, nos arrojamos en la batalla, gritando muerte a la muerte que se vende como si fuera la vida.<\/em><\/p>\n<p style=\"text-align: justify\"><em>Lxs que dicen que no ha llegado todav\u00eda la hora del ataque, lxs que piden que se d\u00e9 un poco de tiempo m\u00e1s al gobierno (para probar lo izquierdista que es) est\u00e1n atando con sus propias manos las cadenas de las camas de detenci\u00f3n.<\/em><\/p>\n<p style=\"text-align: justify\"><em>Cada d\u00eda, cada hora, cada minuto que pasa es de crucial importancia. Hay la necesidad imperativa de que nuestros movimientos se escapen de los l\u00edmites de la legalidad.<\/em><\/p>\n<p style=\"text-align: justify\"><em>Que las calles se transformen en campos de batalla.<br \/>\nQue los encuentros conspirativos se transformen en actos de guerra.<br \/>\nQue la esperanza se transforme en ataque.<\/em><\/p>\n<p><em>Fuerza para todxs lxs huelguistas de hambre.<\/em><br \/>\n<em> Cumplimiento inmediato de todas las demandas.<\/em><\/p>\n<p style=\"text-align: justify\"><em>FAI\/FRI \u2013 N\u00facleo de Heracli\u00f3n<\/em><\/p>\n<p style=\"text-align: justify\"><a href=\"https:\/\/vozcomoarma.noblogs.org\/files\/2015\/04\/gazakia-eforia-iraklio.jpg\"><img loading=\"lazy\" decoding=\"async\" class=\"aligncenter size-full wp-image-7138\" src=\"https:\/\/vozcomoarma.noblogs.org\/files\/2015\/04\/gazakia-eforia-iraklio.jpg\" alt=\"Oficina impuestos Heraklion\" width=\"597\" height=\"457\" srcset=\"https:\/\/vozcomoarma.noblogs.org\/files\/2015\/04\/gazakia-eforia-iraklio.jpg 597w, https:\/\/vozcomoarma.noblogs.org\/files\/2015\/04\/gazakia-eforia-iraklio-300x230.jpg 300w\" sizes=\"auto, (max-width: 597px) 100vw, 597px\" \/><\/a> <a href=\"https:\/\/vozcomoarma.noblogs.org\/files\/2015\/04\/iraklio-gazakia-eforia.jpg\"><img loading=\"lazy\" decoding=\"async\" class=\"aligncenter size-full wp-image-7139\" src=\"https:\/\/vozcomoarma.noblogs.org\/files\/2015\/04\/iraklio-gazakia-eforia.jpg\" alt=\"iraklio-gazakia-eforia\" width=\"690\" height=\"460\" srcset=\"https:\/\/vozcomoarma.noblogs.org\/files\/2015\/04\/iraklio-gazakia-eforia.jpg 690w, https:\/\/vozcomoarma.noblogs.org\/files\/2015\/04\/iraklio-gazakia-eforia-300x200.jpg 300w\" sizes=\"auto, (max-width: 690px) 100vw, 690px\" \/><\/a>&#8212;&#8212;&#8212;&#8212;&#8212;&#8212;&#8212;&#8212;<\/p>\n<p style=\"text-align: justify\"><em><strong>Barricada y corte de calles en Atenas, Grecia<\/strong><\/em><\/p>\n<p style=\"text-align: justify\"><em>VICTORIA PARA LA LUCHA DE LXS PRESXS EN HUELGA DE HAMBRE<\/em><\/p>\n<p style=\"text-align: justify\"><em>Hoy jueves, 2 de abril, a eso de las 12:00 horas, realizamos una peque\u00f1a acci\u00f3n fuera de la universidad de ASOEE, como muestra m\u00ednima de solidaridad con lxs presxs en huelga de hambre. <span class=\"bbc_color\">Cortamos el tr\u00e1fico<\/span> en ambas direcciones de la calle Pattision incendiando contenedores de basura. Lxs compas que participaron en la acci\u00f3n colgaron una pancarta, arrojaron octavillas y gritaron consignas solidarias con la lucha de lxs huelguistas.<\/em><\/p>\n<p style=\"text-align: justify\"><em>En el contexto de las m\u00e1s amplias movilizaciones solidarias (marchas, ocupaciones, ataques) elegimos interrumpir la normalidad de la calle Patission (pleno centro de Atenas) creando un peque\u00f1o foco m\u00e1s de resistencia y solidaridad con lxs presxs en lucha.<\/em><\/p>\n<p style=\"text-align: justify\"><em>FUEGO Y EXPLOSIONES PARA TODAS LAS CELDAS<br \/>\nAPLASTEMOS EL TOTALITARISMO CONTEMPOR\u00c1NEO<\/em><\/p>\n<p style=\"text-align: justify\"><em>\u2026hasta la destrucci\u00f3n de la \u00faltima c\u00e1rcel<\/em><\/p>\n<p style=\"text-align: justify\"><em>Anarquistas<\/em><\/p>\n<p style=\"text-align: justify\"><a href=\"https:\/\/vozcomoarma.noblogs.org\/files\/2015\/04\/Atenas-Pattission-corte-calles.jpg\"><img loading=\"lazy\" decoding=\"async\" class=\"aligncenter size-full wp-image-7140\" src=\"https:\/\/vozcomoarma.noblogs.org\/files\/2015\/04\/Atenas-Pattission-corte-calles.jpg\" alt=\"Atenas Pattission corte calles\" width=\"980\" height=\"485\" srcset=\"https:\/\/vozcomoarma.noblogs.org\/files\/2015\/04\/Atenas-Pattission-corte-calles.jpg 980w, https:\/\/vozcomoarma.noblogs.org\/files\/2015\/04\/Atenas-Pattission-corte-calles-300x148.jpg 300w\" sizes=\"auto, (max-width: 980px) 100vw, 980px\" \/><\/a>&#8212;&#8212;&#8212;&#8212;&#8212;&#8212;&#8212;&#8212;<\/p>\n<p style=\"text-align: justify\"><strong><em>Pintadas solidarias en Brisbane, Australia<\/em><\/strong><\/p>\n<p style=\"text-align: justify\"><em>El 3 de abril, de madrugada, realizamos pintadas en las paredes de varios negocios y f\u00e1bricas en el sur de la ciudad de Brisbane, como muestra solidaria con lxs compas en huelga de hambre en las prisiones griegas. Este es un peque\u00f1o aporte a las acciones internacionales y solidarias con las huelgas de hambre.<\/em><\/p>\n<p style=\"text-align: justify\"><em>\u00a1Victoria para lxs huelguistas de hambre!<\/em><br \/>\n<em> \u00a1Larga vida a la Conspiraci\u00f3n de C\u00e9lulas del Fuego!<\/em><br \/>\n<em> \u00a1Larga vida a la Federaci\u00f3n Anarquista Informal!<\/em><br \/>\n<em> \u00a1Solidaridad il\u00edcita con lxs huelguistas de hambre!<\/em><\/p>\n<p style=\"text-align: justify\"><em>&#8211; C\u00e9lula de Grafiterxs Subversivxs, Brisbane, territorios de \u201cAustralia\u201d<\/em><\/p>\n<p style=\"text-align: justify\"><em>\u00abLarga vida a la CCF\/FAI\u00bb<\/em><\/p>\n<p style=\"text-align: justify\"><a href=\"https:\/\/vozcomoarma.noblogs.org\/files\/2015\/04\/brisbane3.jpg\"><img loading=\"lazy\" decoding=\"async\" class=\"aligncenter size-full wp-image-7143\" src=\"https:\/\/vozcomoarma.noblogs.org\/files\/2015\/04\/brisbane3.jpg\" alt=\"Pintadas Brisbane 3\" width=\"2880\" height=\"1728\" srcset=\"https:\/\/vozcomoarma.noblogs.org\/files\/2015\/04\/brisbane3.jpg 2880w, https:\/\/vozcomoarma.noblogs.org\/files\/2015\/04\/brisbane3-300x180.jpg 300w, https:\/\/vozcomoarma.noblogs.org\/files\/2015\/04\/brisbane3-1024x614.jpg 1024w\" sizes=\"auto, (max-width: 2880px) 100vw, 2880px\" \/><\/a><em>\u00abSolidaridad con lxs compa\u00f1erxs en huelga de hambre en las prisiones griegas\u00bb<\/em><\/p>\n<p style=\"text-align: justify\"><a href=\"https:\/\/vozcomoarma.noblogs.org\/files\/2015\/04\/brisbane1.jpg\"><img loading=\"lazy\" decoding=\"async\" class=\"aligncenter size-full wp-image-7141\" src=\"https:\/\/vozcomoarma.noblogs.org\/files\/2015\/04\/brisbane1.jpg\" alt=\"Brisbane 1\" width=\"2880\" height=\"1728\" srcset=\"https:\/\/vozcomoarma.noblogs.org\/files\/2015\/04\/brisbane1.jpg 2880w, https:\/\/vozcomoarma.noblogs.org\/files\/2015\/04\/brisbane1-300x180.jpg 300w, https:\/\/vozcomoarma.noblogs.org\/files\/2015\/04\/brisbane1-1024x614.jpg 1024w\" sizes=\"auto, (max-width: 2880px) 100vw, 2880px\" \/><\/a><em>\u00ab\u00a1Victoria para lxs huelguistas de hambre!\u00bb<\/em><\/p>\n<p style=\"text-align: justify\"><a href=\"https:\/\/vozcomoarma.noblogs.org\/files\/2015\/04\/brisbane2.jpg\"><img loading=\"lazy\" decoding=\"async\" class=\"aligncenter size-full wp-image-7142\" src=\"https:\/\/vozcomoarma.noblogs.org\/files\/2015\/04\/brisbane2.jpg\" alt=\"Pintadas Brisbane 2\" width=\"2880\" height=\"1728\" srcset=\"https:\/\/vozcomoarma.noblogs.org\/files\/2015\/04\/brisbane2.jpg 2880w, https:\/\/vozcomoarma.noblogs.org\/files\/2015\/04\/brisbane2-300x180.jpg 300w, https:\/\/vozcomoarma.noblogs.org\/files\/2015\/04\/brisbane2-1024x614.jpg 1024w\" sizes=\"auto, (max-width: 2880px) 100vw, 2880px\" \/><\/a>&#8212;&#8212;&#8212;&#8212;&#8212;&#8212;&#8212;&#8212;<\/p>\n<p style=\"text-align: justify\">\u00a0<strong><em>Propaganda solidaria y pancartas en Basilea, Su\u00edza<\/em><\/strong><\/p>\n<p style=\"text-align: justify\"><em>Como aporte m\u00ednimo al D\u00eda internacional por lxs huelguistas de hambre en las prisiones griegas colgamos este lienzo y pegamos por las calles de Basilea este afiche.<\/em><\/p>\n<p style=\"text-align: justify\"><em><strong>\u00a1Fuego a las prisiones!<\/strong><\/em><\/p>\n<p class=\"wp-caption-text\"><em>\u00abSolidaridad con lxs presxs en huelga de hambre en Grecia \u2013 Fuego a las prisiones\u00bb<\/em><\/p>\n<p class=\"wp-caption-text\"><a href=\"https:\/\/vozcomoarma.noblogs.org\/files\/2015\/04\/basel1.jpg\"><img loading=\"lazy\" decoding=\"async\" class=\"aligncenter size-full wp-image-7148\" src=\"https:\/\/vozcomoarma.noblogs.org\/files\/2015\/04\/basel1.jpg\" alt=\"Basilea 1\" width=\"640\" height=\"480\" srcset=\"https:\/\/vozcomoarma.noblogs.org\/files\/2015\/04\/basel1.jpg 640w, https:\/\/vozcomoarma.noblogs.org\/files\/2015\/04\/basel1-300x225.jpg 300w\" sizes=\"auto, (max-width: 640px) 100vw, 640px\" \/><\/a><em>\u00abSolidaridad con lxs presxs en huelga de hambre en Grecia \u2013 Por la revuelta (A) contra el Estado \u2013 Fuego a las c\u00e1rceles\u00bb<\/em><\/p>\n<p style=\"text-align: justify\"><a href=\"https:\/\/vozcomoarma.noblogs.org\/files\/2015\/04\/basel2.jpg\"><img loading=\"lazy\" decoding=\"async\" class=\"aligncenter size-full wp-image-7149\" src=\"https:\/\/vozcomoarma.noblogs.org\/files\/2015\/04\/basel2.jpg\" alt=\"Basilea 2\" width=\"640\" height=\"480\" srcset=\"https:\/\/vozcomoarma.noblogs.org\/files\/2015\/04\/basel2.jpg 640w, https:\/\/vozcomoarma.noblogs.org\/files\/2015\/04\/basel2-300x225.jpg 300w\" sizes=\"auto, (max-width: 640px) 100vw, 640px\" \/><\/a>&#8212;&#8212;&#8212;&#8212;&#8212;&#8212;&#8212;&#8212;<\/p>\n<p style=\"text-align: justify\"><strong><em>Sabotajes contra una peleter\u00eda en Helsinki, Finlandia<\/em><\/strong><\/p>\n<p style=\"text-align: justify\" align=\"JUSTIFY\"><em>El 1 de abril saboteamos con pegamento las cerraduras de una tienda de la empresa peletera Turkisateljee Aira Arffman, destrozamos sus ventanas y arrojamos una bomba de humo al interior del negocio.<\/em><\/p>\n<p style=\"text-align: justify\" align=\"JUSTIFY\"><em>\u00a1En solidaridad con lxs huelguistas de hambre en Grecia!<\/em><\/p>\n<p style=\"text-align: justify\" align=\"JUSTIFY\">&#8212;&#8212;&#8212;&#8212;&#8212;&#8212;&#8212;&#8212;<\/p>\n<p style=\"text-align: justify\" align=\"JUSTIFY\"><strong><em>Atacado el consulado griego en Zurich, Su\u00edza<\/em><\/strong><\/p>\n<p style=\"text-align: justify\"><em>La noche entre el 29 y el 30 de marzo, atacamos con tintas contra el consulado de Grecia, ubicado en Baurstrasse, en la ciudad de Zurich.<\/em><\/p>\n<p style=\"text-align: justify\"><em>\u00a1Contra las prisiones y la sociedad que las necesita!<\/em><\/p>\n<p style=\"text-align: justify\"><em>\u00a1Solidaridad con las demandas de lxs huelguistas de hambre!<\/em><\/p>\n<p style=\"text-align: justify\"><em>\u00a1Hasta que la \u00faltima c\u00e1rcel se haga cenizas!<\/em><\/p>\n<p style=\"text-align: justify\"><em>\u00abFuego a las prisiones\u00bb (en griego e ingl\u00e9s)<\/em><\/p>\n<p style=\"text-align: justify\"><a href=\"https:\/\/vozcomoarma.noblogs.org\/files\/2015\/04\/zuri.jpg\"><img loading=\"lazy\" decoding=\"async\" class=\"aligncenter size-full wp-image-7150\" src=\"https:\/\/vozcomoarma.noblogs.org\/files\/2015\/04\/zuri.jpg\" alt=\"Zurich 2\" width=\"640\" height=\"480\" srcset=\"https:\/\/vozcomoarma.noblogs.org\/files\/2015\/04\/zuri.jpg 640w, https:\/\/vozcomoarma.noblogs.org\/files\/2015\/04\/zuri-300x225.jpg 300w\" sizes=\"auto, (max-width: 640px) 100vw, 640px\" \/><\/a> <a href=\"https:\/\/vozcomoarma.noblogs.org\/files\/2015\/04\/zurich.jpg\"><img loading=\"lazy\" decoding=\"async\" class=\"aligncenter size-full wp-image-7151\" src=\"https:\/\/vozcomoarma.noblogs.org\/files\/2015\/04\/zurich.jpg\" alt=\"zurich\" width=\"640\" height=\"480\" srcset=\"https:\/\/vozcomoarma.noblogs.org\/files\/2015\/04\/zurich.jpg 640w, https:\/\/vozcomoarma.noblogs.org\/files\/2015\/04\/zurich-300x225.jpg 300w\" sizes=\"auto, (max-width: 640px) 100vw, 640px\" \/><\/a>&#8212;&#8212;&#8212;&#8212;&#8212;&#8212;&#8212;&#8212;<\/p>\n<p style=\"text-align: justify\"><strong><em>Concentraci\u00f3n ante la embajada griega en Copenhague, Dinamarca<\/em><\/strong><\/p>\n<p style=\"text-align: justify\"><em>El 1 de abril del 2015, en el contexto del D\u00eda internacional de acci\u00f3n por lxs huelguistas de hambre en las prisiones griegas, se llev\u00f3 a cabo en Copenhague una concentraci\u00f3n solidaria junto a la embajada griega. Durante la concentraci\u00f3n se coloc\u00f3 un lienzo, se repartieron textos contrainformativos y fueron lanzadas octavillas al interior de la embajada. Muy r\u00e1pido, aparecieron tambi\u00e9n los maderos que retiraron a la gente solidaria de la entrada del edificio.<\/em><\/p>\n<p style=\"text-align: justify\"><em><strong>FUERZA A LXS HUELGUISTAS DE HAMBRE, HASTA LA VICTORIA<br \/>\nLA SOLIDARIDAD ES NUESTRA ARMA<\/strong><\/em><\/p>\n<p style=\"text-align: justify\"><a href=\"https:\/\/vozcomoarma.noblogs.org\/files\/2015\/04\/kope.jpg\"><img loading=\"lazy\" decoding=\"async\" class=\"aligncenter size-full wp-image-7152\" src=\"https:\/\/vozcomoarma.noblogs.org\/files\/2015\/04\/kope.jpg\" alt=\"Soli Copenhague\" width=\"1024\" height=\"576\" srcset=\"https:\/\/vozcomoarma.noblogs.org\/files\/2015\/04\/kope.jpg 1024w, https:\/\/vozcomoarma.noblogs.org\/files\/2015\/04\/kope-300x169.jpg 300w\" sizes=\"auto, (max-width: 1024px) 100vw, 1024px\" \/><\/a>&#8212;&#8212;&#8212;&#8212;&#8212;&#8212;&#8212;&#8212;<\/p>\n<p style=\"text-align: justify\"><strong><em>Pancarta y propaganda en el barrio de Kreuzberg, Berl\u00edn<\/em><\/strong><\/p>\n<p style=\"text-align: justify\"><em>El 27 de marzo del 2015 se coloc\u00f3 en una de la calles c\u00e9ntricas del barrio de Kreuzberg una pancarta solidaria con lxs luchadorxs en huelga de hambre desde el 2 de marzo. Adem\u00e1s, se repartieron panfletos informativos con actualizaciones sobre la huelga y las demandas de lxs compas presxs.<\/em><\/p>\n<p style=\"text-align: justify\"><em><strong>\u00a1Fuerza a lxs compa\u00f1erxs!<br \/>\nLa lucha contin\u00faa\u2026 Hasta la destrucci\u00f3n de todas las prisiones<\/strong><\/em><\/p>\n<p style=\"text-align: justify\"><em>\u00abSolidaridad con lxs presxs pol\u00edticxs en huelga de hambre desde el 2 de marzo en Grecia\u00bb<\/em><\/p>\n<p style=\"text-align: justify\"><a href=\"https:\/\/vozcomoarma.noblogs.org\/files\/2015\/04\/berlin-solidario-1024x570.jpg\"><img loading=\"lazy\" decoding=\"async\" class=\"aligncenter size-full wp-image-7153\" src=\"https:\/\/vozcomoarma.noblogs.org\/files\/2015\/04\/berlin-solidario-1024x570.jpg\" alt=\"Berl\u00edn Soli\" width=\"1024\" height=\"570\" srcset=\"https:\/\/vozcomoarma.noblogs.org\/files\/2015\/04\/berlin-solidario-1024x570.jpg 1024w, https:\/\/vozcomoarma.noblogs.org\/files\/2015\/04\/berlin-solidario-1024x570-300x167.jpg 300w\" sizes=\"auto, (max-width: 1024px) 100vw, 1024px\" \/><\/a>&#8212;&#8212;&#8212;&#8212;&#8212;&#8212;&#8212;&#8212;<\/p>\n<p style=\"text-align: justify\"><em><strong>Pancarta y barricada incendiaria en el t\u00fanel de Concei\u00e7\u00e3o, Porto Alegre, Brasil<\/strong><br \/>\n<\/em><\/p>\n<p style=\"text-align: justify\"><em>La sociedad capitalista, democr\u00e1tica, industrial, devora todo&#8230; seres vivos, tierra, agua, aire\u2026 Todo se transforma en mercanc\u00eda.<\/em><\/p>\n<p style=\"text-align: justify\"><em>Su modo impuesto de vivir y explotar, sus instituciones, parlamentos, tribunales, ej\u00e9rcito, polic\u00edas, constituciones, espect\u00e1culos futbol\u00edsticos y electorales, patrocinan este escenario devastador que combatimos con u\u00f1as y dientes.<\/em><\/p>\n<p style=\"text-align: justify\"><em>Te quieren ciudadano, consumidor, elector, obediente y fiel a este orden y progreso. No cuenten con nosotrxs.<\/em><\/p>\n<p style=\"text-align: justify\"><em>Estamos por todas partes. Contra toda forma de autoridad, por la liberaci\u00f3n total, por la anarqu\u00eda.<\/em><\/p>\n<p style=\"text-align: justify\"><em>Mostramos nuestra solidaridad con todxs lxs perseguidxs, secuestradxs, sentenciadxs que como nosotrxs atacan al poder, la autoridad, al dominio, a todas las expresiones de este sistema.<\/em><\/p>\n<p style=\"text-align: justify\"><em>No tenemos recetas, tenemos sed. Toma tu vida en tus propias manos. Autonom\u00eda, solidaridad. Palabra y acci\u00f3n.<\/em><\/p>\n<p style=\"text-align: justify\"><em>En consecuencia con estas palabras, el d\u00eda 24 de marzo salimos en manada a colgar un lienzo que no tuvo el espacio suficiente para recibir todos los nombres de lxs compa\u00f1erxs que est\u00e1n en nuestros corazones y que fue quitado por la polic\u00eda r\u00e1pidamente porque s\u00ed tuvo el tama\u00f1o suficiente como para perjudicar el ingreso de los camiones en el t\u00fanel de Concei\u00e7\u00e3o. Casi al mismo tiempo, impedimos el transito de los autom\u00f3viles prendiendo fuego en la avenida dentro del mismo t\u00fanel.<\/em><\/p>\n<p style=\"text-align: justify\"><em>El lienzo dec\u00eda:<\/em><\/p>\n<p style=\"text-align: justify\"><em>NI DERROTADXS<br \/>\nNI ARREPENTIDXS<\/em><\/p>\n<p style=\"text-align: justify\"><em>Diego R\u00edos y todxs lxs compa\u00f1erxs en Chile, CCF y todxs en Grecia, Lavazza y todxs en Espa\u00f1a, Camenisch, Ilya Romanov, Abraham y todxs en M\u00e9xico, Ilhar y todxs en Bielorrusia, Alfredo, Nicola y todxs en Italia, Jock Palfreeman. (A)<\/em><\/p>\n<p style=\"text-align: justify\"><em>No estaban todxs en el lienzo, pero est\u00e1n en nuestros corazones. \u00a1Fuerza a lxs compa\u00f1erxs en lucha dentro de las prisiones en Grecia!<\/em><\/p>\n<p style=\"text-align: justify\"><em>Por la destrucci\u00f3n de todas las c\u00e1rceles.<\/em><\/p>\n<p style=\"text-align: justify\"><em>Corazones marginales<\/em><\/p>\n<p style=\"text-align: justify\"><em>\u00a1Que viva (A) anarqu\u00eda!<\/em><\/p>\n<p style=\"text-align: justify\"><em>Sin im\u00e1genes, sin registro. S\u00f3lo caos.<\/em><\/p>\n<p style=\"text-align: justify\">&#8212;&#8212;&#8212;&#8212;&#8212;&#8212;&#8212;&#8212;<\/p>\n<p style=\"text-align: justify\"><strong><em>Sabotajes solidarios en Brisbane, Australia<\/em><\/strong><\/p>\n<p style=\"text-align: justify\"><em>La noche del 2 de abril, llevamos a cabo una acci\u00f3n solidaria con nuestrxs compas presxs, como aporte tard\u00edo al D\u00eda internacional de acci\u00f3n por lxs huelguistas de hambre en las prisiones griegas.<\/em><\/p>\n<p style=\"text-align: justify\"><em>En los suburbios del Sur de la ciudad de Brisbane saboteamos con pegamento extra-fuerte 10 cajeros autom\u00e1ticos de las siguientes sucursales bancarias: Banco Nacional de Australia, Commonwealth, Banco de Queensland, Suncoro, Bendigo y Westpac. Adem\u00e1s, causamos da\u00f1os a las ventanas de una sucursal del Banco Nacional de Australia y de otra del banco Suncorp.<\/em><\/p>\n<p style=\"text-align: justify\"><em><strong>\u00a1Nadie es libre hasta que todxs seamos libres!<br \/>\n\u00a1Victoria para la lucha de lxs huelguistas de hambre en las prisiones griegas!<br \/>\n\u00a1Cumplimiento inmediato de las demandas de lxs huelguistas de hambre!<\/strong><\/em><\/p>\n<p style=\"text-align: justify\"><em>&#8211; C\u00e9lula V\u00e1ndala Anarquista, Brisbane, as\u00ed llamado Australia<\/em><\/p>\n<p style=\"text-align: justify\">&#8212;&#8212;&#8212;&#8212;&#8212;&#8212;&#8212;&#8212;<\/p>\n<p style=\"text-align: justify\"><strong><em>Pancarta solidaria en Stuttgart, Alemania<\/em><\/strong><\/p>\n<p style=\"text-align: justify\"><em>Lienzo solidario que fue colocado en una de las calles c\u00e9ntricas de la ciudad alemana de Stuttgart, en el marco del D\u00eda internacional de acci\u00f3n por lxs huelguistas de hambre en las prisiones griegas. El lienzo reza: \u201cSolidaridad con lxs huelguistas de hambre en Grecia\u201d.<\/em><\/p>\n<p style=\"text-align: justify\"><a href=\"https:\/\/vozcomoarma.noblogs.org\/files\/2015\/04\/stuttgart-solidario.jpg\"><img loading=\"lazy\" decoding=\"async\" class=\"aligncenter size-full wp-image-7154\" src=\"https:\/\/vozcomoarma.noblogs.org\/files\/2015\/04\/stuttgart-solidario.jpg\" alt=\"Stuttgart Soli\" width=\"1000\" height=\"750\" srcset=\"https:\/\/vozcomoarma.noblogs.org\/files\/2015\/04\/stuttgart-solidario.jpg 1000w, https:\/\/vozcomoarma.noblogs.org\/files\/2015\/04\/stuttgart-solidario-300x225.jpg 300w\" sizes=\"auto, (max-width: 1000px) 100vw, 1000px\" \/><\/a>&#8212;&#8212;&#8212;&#8212;&#8212;&#8212;&#8212;&#8212;<\/p>\n<p style=\"text-align: justify\"><strong><em>Ataque incendiario contra sucursal del Banco del Pireo en Kavala, Grecia<\/em><\/strong><\/p>\n<div class=\"post-bodycopy clearfix\">\n<p style=\"text-align: justify\"><em>Desde el 2 de marzo, varios presos pol\u00edticos han comenzado una huelga de hambre exigiendo el cumplimiento de las siguientes demandas:<\/em><\/p>\n<p style=\"text-align: justify\"><em>\u2013 La abolici\u00f3n de los art\u00edculos 187 y 187-A.<br \/>\n\u2013 La abolici\u00f3n del agravante de acci\u00f3n realizada con las caracter\u00edsticas faciales cubiertas (\u201cley de la capucha\u201d).<br \/>\n\u2013 La abolici\u00f3n de las prisiones de tipo C.<br \/>\n\u2013 La abolici\u00f3n de la orden de la fiscal\u00eda con la que se impone la toma violenta de muestras de ADN.<br \/>\n\u2013 Que lxs peritxs bi\u00f3logxs de confianza del\/de la acusadx tengan acceso y puedan analizar las muestras de ADN, si el\/la acusadx lo desea.<br \/>\n\u2013\u00a0 La abolici\u00f3n del an\u00e1lisis de muestras que contienen mezcla de material gen\u00e9tico de m\u00e1s de dos personas.<br \/>\n\u2013 La liberaci\u00f3n inmediata de Savvas Xiros, para que pueda recibir el tratamiento m\u00e9dico que necesita.<\/em><\/p>\n<p style=\"text-align: justify\"><em>Como m\u00ednima muestra de solidaridad colocamos un artefacto incendiario en la entrada de una sucursal del Banco del Pireo, ubicada en una de las calles c\u00e9ntricas de la ciudad de Kavala. Esto no ha hecho nada m\u00e1s que comenzar. Los ataques continuar\u00e1n cada d\u00eda que pasa sin cumplirse las demandas de lxs presxs.<\/em><\/p>\n<p style=\"text-align: justify\"><em><strong>VICTORIA PARA LA LUCHA DE LXS PRESXS EN HUELGA DE HAMBRE.<\/strong><\/em><br \/>\n<em> <strong>FUERZA A TODXS LXS HUELGUISTAS DE HAMBRE.<\/strong><\/em><\/p>\n<p style=\"text-align: justify\"><em>Incendiadorxs enrabiadxs<\/em><\/p>\n<p style=\"text-align: justify\">&#8212;&#8212;&#8212;&#8212;&#8212;&#8212;&#8212;&#8212;<\/p>\n<p style=\"text-align: justify\"><strong><em>Apedreada sucursal de Syriza en Elefsina, Grecia<\/em><\/strong><\/p>\n<div class=\"post-bodycopy clearfix\">\n<p style=\"text-align: justify\"><em>La madrugada del viernes, 2 de abril, un grupo de compas atacamos con piedras contra la sede de Syriza en la ciudad de Elefsina. Esta acci\u00f3n simb\u00f3lica es s\u00f3lo un aviso hacia el partido gubernamental. Si le pasa algo a cualquiera de los huelguistas de hambre, que sepan que no habr\u00e1 d\u00f3nde esconderse.<\/em><\/p>\n<p style=\"text-align: justify\"><em>VICTORIA PARA LA LUCHA DE LXS HUELGUISTAS DE HAMBRE.<\/em><\/p>\n<p style=\"text-align: justify\">&#8212;&#8212;&#8212;&#8212;&#8212;&#8212;&#8212;&#8212;<\/p>\n<p style=\"text-align: justify\"><strong><em>Manifestaci\u00f3n solidaria en Ioanina, Grecia<\/em><\/strong><\/p>\n<p style=\"text-align: justify\"><em>Ayer, 2 de abril del 2015, se llev\u00f3 a cabo en Ioanina una manifestaci\u00f3n solidaria con los huelguistas de hambre en las prisiones griegas. La marcha multitudinaria comenz\u00f3 desde la plaza c\u00e9ntral de la ciudad (fuera de la prefectura) y pas\u00f3 por las calles Michail Aggelou, Kalari, Averof, para finalizar en la plaza de Kaloutsiani. La manifestaci\u00f3n hab\u00eda sido convocada por la asamblea de anarquistas de Ioannina contra las prisiones y otrxs compas. La pancarta en la foto reza: \u201cHasta la destrucci\u00f3n de todas las c\u00e1rceles \/\/ Solidaridad con la lucha de lxs presxs en huelga de hambre desde el 2 de marzo\u201d.<\/em><\/p>\n<p style=\"text-align: justify\"><a href=\"https:\/\/vozcomoarma.noblogs.org\/files\/2015\/04\/giannena-solidario.jpg\"><img loading=\"lazy\" decoding=\"async\" class=\"aligncenter size-full wp-image-7155\" src=\"https:\/\/vozcomoarma.noblogs.org\/files\/2015\/04\/giannena-solidario.jpg\" alt=\"Ioannina Soli\" width=\"2048\" height=\"1152\" srcset=\"https:\/\/vozcomoarma.noblogs.org\/files\/2015\/04\/giannena-solidario.jpg 2048w, https:\/\/vozcomoarma.noblogs.org\/files\/2015\/04\/giannena-solidario-300x169.jpg 300w, https:\/\/vozcomoarma.noblogs.org\/files\/2015\/04\/giannena-solidario-1024x576.jpg 1024w\" sizes=\"auto, (max-width: 2048px) 100vw, 2048px\" \/><\/a>&#8212;&#8212;&#8212;&#8212;&#8212;&#8212;&#8212;&#8212;<\/p>\n<p style=\"text-align: justify\"><em><strong>Pintadas solidarias en Hamburgo, Alemania<\/strong><\/em><\/p>\n<p style=\"text-align: justify\"><em>Como gesto m\u00ednimo de solidaridad realizamos algunas pintadas en el barrio de Altona y la zona del puerto de Hamburgo. Victoria para la lucha de lxs presxs en huelga de hambre en Grecia.<\/em><\/p>\n<p style=\"text-align: justify\"><em><strong>Solidaridad con su lucha.<br \/>\nLa solidaridad es nuestra arma.<\/strong><\/em><\/p>\n<p class=\"wp-caption-text\"><em>\u00abSolidaridad con lxs presxs pol\u00edticxs en huelga de hambre en Grecia\u00bb<\/em><\/p>\n<p style=\"text-align: justify\"><a href=\"https:\/\/vozcomoarma.noblogs.org\/files\/2015\/04\/ham1.jpg\"><img loading=\"lazy\" decoding=\"async\" class=\"aligncenter size-full wp-image-7156\" src=\"https:\/\/vozcomoarma.noblogs.org\/files\/2015\/04\/ham0.jpg\" alt=\"Soli Hamburgo\" width=\"1024\" height=\"576\" srcset=\"https:\/\/vozcomoarma.noblogs.org\/files\/2015\/04\/ham0.jpg 1024w, https:\/\/vozcomoarma.noblogs.org\/files\/2015\/04\/ham0-300x169.jpg 300w\" sizes=\"auto, (max-width: 1024px) 100vw, 1024px\" \/><img loading=\"lazy\" decoding=\"async\" class=\"aligncenter size-full wp-image-7157\" src=\"https:\/\/vozcomoarma.noblogs.org\/files\/2015\/04\/ham1.jpg\" alt=\"Soli Hamburgo 2\" width=\"1024\" height=\"576\" srcset=\"https:\/\/vozcomoarma.noblogs.org\/files\/2015\/04\/ham1.jpg 1024w, https:\/\/vozcomoarma.noblogs.org\/files\/2015\/04\/ham1-300x169.jpg 300w\" sizes=\"auto, (max-width: 1024px) 100vw, 1024px\" \/><\/a><em>\u00abLa solidaridad es nuestra arma\u00bb<\/em><\/p>\n<p style=\"text-align: justify\"><a href=\"https:\/\/vozcomoarma.noblogs.org\/files\/2015\/04\/ham2.jpg\"><img loading=\"lazy\" decoding=\"async\" class=\"aligncenter size-full wp-image-7158\" src=\"https:\/\/vozcomoarma.noblogs.org\/files\/2015\/04\/ham2.jpg\" alt=\"Soli Hamburgo 3\" width=\"1024\" height=\"576\" srcset=\"https:\/\/vozcomoarma.noblogs.org\/files\/2015\/04\/ham2.jpg 1024w, https:\/\/vozcomoarma.noblogs.org\/files\/2015\/04\/ham2-300x169.jpg 300w\" sizes=\"auto, (max-width: 1024px) 100vw, 1024px\" \/><\/a><em>\u00abLa pasi\u00f3n por la libertad es m\u00e1s fuerte que todas las prisiones\u00bb<\/em><\/p>\n<p><a href=\"https:\/\/vozcomoarma.noblogs.org\/files\/2015\/04\/ham4.jpg\"><img loading=\"lazy\" decoding=\"async\" class=\"aligncenter size-full wp-image-7159\" src=\"https:\/\/vozcomoarma.noblogs.org\/files\/2015\/04\/ham4.jpg\" alt=\"Soli Hamburgo 4\" width=\"1024\" height=\"576\" srcset=\"https:\/\/vozcomoarma.noblogs.org\/files\/2015\/04\/ham4.jpg 1024w, https:\/\/vozcomoarma.noblogs.org\/files\/2015\/04\/ham4-300x169.jpg 300w\" sizes=\"auto, (max-width: 1024px) 100vw, 1024px\" \/><\/a>&#8212;&#8212;&#8212;&#8212;&#8212;&#8212;&#8212;&#8212;<\/p>\n<p><strong><em><\/em><\/strong><em><strong>Pancarta solidaria desde el interior de Larisa<br \/>\n<\/strong><\/em><\/p>\n<p style=\"text-align: justify\"><em>Compa\u00f1eros encerrados en las prisiones de Larisa levantaron un lienzo solidario con los huelguistas de hambre que exigen la abolici\u00f3n de la \u201cley de la capucha\u201d, la abolici\u00f3n de las prisiones de tipo C, la abolici\u00f3n de las leyes antiterroristas, la delimitaci\u00f3n del uso y an\u00e1lisis del ADN, y la liberaci\u00f3n de Savvas Xiros por razones de salud.<\/em><\/p>\n<p style=\"text-align: justify\"><em>VICTORIA PARA LA LUCHA DE LOS HUELGUISTAS DE HAMBRE<\/em><\/p>\n<p class=\"wp-caption-text\" style=\"text-align: justify\"><em>\u00abDAK [Red de Luchadores Presos] \u2013 35 d\u00edas en huelga de hambre \u2013 Victoria para los huelguistas de hambre\u00bb<\/em><\/p>\n<p style=\"text-align: justify\"><a href=\"https:\/\/vozcomoarma.noblogs.org\/files\/2015\/04\/larissa-prison.jpg\"><img loading=\"lazy\" decoding=\"async\" class=\"aligncenter size-full wp-image-7160\" src=\"https:\/\/vozcomoarma.noblogs.org\/files\/2015\/04\/larissa-prison.jpg\" alt=\"Larisa Soli\" width=\"1280\" height=\"720\" srcset=\"https:\/\/vozcomoarma.noblogs.org\/files\/2015\/04\/larissa-prison.jpg 1280w, https:\/\/vozcomoarma.noblogs.org\/files\/2015\/04\/larissa-prison-300x169.jpg 300w, https:\/\/vozcomoarma.noblogs.org\/files\/2015\/04\/larissa-prison-1024x576.jpg 1024w\" sizes=\"auto, (max-width: 1280px) 100vw, 1280px\" \/><\/a>&#8212;&#8212;&#8212;&#8212;&#8212;&#8212;&#8212;&#8212;<\/p>\n<p style=\"text-align: justify\"><strong><em>Barricadas solidarias en Santiago de Chile<br \/>\n<\/em><\/strong><\/p>\n<p style=\"text-align: justify\"><em>Cuando las decisiones tomadas en guerra son firmes y se basan en convicciones claras que se reflejan en la pr\u00e1ctica de las ideas por la libertad, se entiende que el camino escogido no tiene vuelta atr\u00e1s y eso implica asumir consecuencias, ser concientes de cada paso dado, cada error, cada acierto y por supuesto cada avance.<\/em><\/p>\n<p style=\"text-align: justify\"><em>Cuando se trata de compa\u00f1erxs que han decidido enfrentar d\u00eda tras d\u00edas al poder con dignidad y orgullo de su posici\u00f3n, se hace presente la solidaridad que nace desde las v\u00edsceras, se entiende que pese a la distancia, a las barreras y los obst\u00e1culos debemos actuar, porque hay personas que en un contexto distinto tambi\u00e9n han decidido seguir agudizando el conflicto aunque eso implique su vida.<\/em><\/p>\n<p style=\"text-align: justify\"><em>Entonces aqu\u00ed estamos, haciendo, creando y destruyendo, y cada deseo de subvertir el orden imperante intentamos llevarlo a la pr\u00e1ctica, en acciones de distintas envergaduras, con distintos impactos y con distintos prop\u00f3sitos, pero al fin y al cabo haciendo de nuestras ideas, nuestro odio, y nuestros deseos de libertad algo tangible, algo real. En las acciones no existen anhelos de grandeza, s\u00f3lo conciencia y con ello dejamos claro que la invitaci\u00f3n es a dejar la cr\u00edtica en la comodidad de las ideas que no se traducen a la pr\u00e1ctica, la apuesta es a hacer y dejarse de discursos sin sentido que en lo tangible no tienen cabida para quienes se sienten con el derecho de opinar sobre un contexto en el que no est\u00e1n siendo un aporte.<\/em><\/p>\n<p style=\"text-align: justify\"><em>Durante la noche del 3 de marzo realizamos un corte de calle en una avenida del sector poniente de Santiago enviando un mensaje de solidaridad, de resistencia, algo metaf\u00f3rico que tenemos claro es un golpe an\u00edmico para quienes resisten tras los barrotes y especialmente para nuestrxs compa\u00f1erxs griegxs que se encuentran en huelga de hambre, para ellxs nuestro cari\u00f1o y fuerzas, desde ac\u00e1 seguiremos en la calle, con esta acci\u00f3n y cualquier otra.<\/em><\/p>\n<p style=\"text-align: justify\"><em>PD: Se vienen las \u201c<a href=\"http:\/\/es.contrainfo.espiv.net\/2015\/03\/26\/prisiones-chilenas-frente-a-la-sociedad-carcelaria-ni-silencio-ni-olvido-solo-lucha\/\" target=\"_blank\">Jornadas solidarias con lxs presxs de la guerra social<\/a>\u201d en las c\u00e1rceles chilenas del 10 al 20 de abril. \u00a1Prepar\u00e9monos!<\/em><\/p>\n<p style=\"text-align: justify\"><a href=\"https:\/\/vozcomoarma.noblogs.org\/files\/2015\/04\/barricadas-solidarias-santiago.jpg\"><img loading=\"lazy\" decoding=\"async\" class=\"aligncenter size-full wp-image-7161\" src=\"https:\/\/vozcomoarma.noblogs.org\/files\/2015\/04\/barricadas-solidarias-santiago.jpg\" alt=\"Barricadas Chile\" width=\"640\" height=\"480\" srcset=\"https:\/\/vozcomoarma.noblogs.org\/files\/2015\/04\/barricadas-solidarias-santiago.jpg 640w, https:\/\/vozcomoarma.noblogs.org\/files\/2015\/04\/barricadas-solidarias-santiago-300x225.jpg 300w\" sizes=\"auto, (max-width: 640px) 100vw, 640px\" \/><\/a>&#8212;&#8212;&#8212;&#8212;&#8212;&#8212;&#8212;&#8212;<\/p>\n<p style=\"text-align: justify\"><strong><em>Pancarta solidaria en Bruselas, B\u00e9lgica<\/em><\/strong><\/p>\n<p style=\"text-align: justify\"><em>4 de abril, lienzo colocado en la calle Lombard que reza: \u201cSolidaridad con lxs presxs pol\u00edticxs en Grecia, en huelga de hambre desde el 2 de marzo\u00a0\u2013 RHI [Socorro Rojo Internacional]\u201d.<\/em><\/p>\n<p style=\"text-align: justify\"><em><a href=\"https:\/\/vozcomoarma.noblogs.org\/files\/2015\/04\/bruselas-solidaridad.jpg\"><img loading=\"lazy\" decoding=\"async\" class=\"aligncenter size-full wp-image-7162\" src=\"https:\/\/vozcomoarma.noblogs.org\/files\/2015\/04\/bruselas-solidaridad.jpg\" alt=\"Bruselas Solidaridad\" width=\"2448\" height=\"3264\" srcset=\"https:\/\/vozcomoarma.noblogs.org\/files\/2015\/04\/bruselas-solidaridad.jpg 2448w, https:\/\/vozcomoarma.noblogs.org\/files\/2015\/04\/bruselas-solidaridad-225x300.jpg 225w, https:\/\/vozcomoarma.noblogs.org\/files\/2015\/04\/bruselas-solidaridad-768x1024.jpg 768w\" sizes=\"auto, (max-width: 2448px) 100vw, 2448px\" \/><\/a><\/em><\/p>\n<\/div>\n<\/div>\n","protected":false},"excerpt":{"rendered":"<p>Sigue una recopilaci\u00f3n de los gestos solidarios multiformes que han tenido lugar \u00faltimamente en apoyo a los huelguistas de hambre de las prisiones griegas: &#8212;&#8212;&#8212;&#8212;&#8212;&#8212;&#8212;&#8212; Intervenci\u00f3n solidaria en Santiago de Chile Hoy mi\u00e9rcoles 1 de abril, a las 13:00 hrs, &hellip; <a href=\"https:\/\/vozcomoarma.noblogs.org\/?p=7137\">Sigue leyendo <span class=\"meta-nav\">&rarr;<\/span><\/a><\/p>\n","protected":false},"author":7045,"featured_media":0,"comment_status":"closed","ping_status":"open","sticky":false,"template":"","format":"standard","meta":{"footnotes":""},"categories":[58,187,200,61,9,7,131],"tags":[51,68,109,12,17,78,210,104,15,16,53,55],"class_list":["post-7137","post","type-post","status-publish","format-standard","hentry","category-acciones","category-antonis-stamboulos","category-kostas-gournas","category-noticias","category-noticias-y-comunicados","category-presxs","category-tasos-theofilou","tag-alemania","tag-australia","tag-belgica","tag-brasil","tag-carcel","tag-chile","tag-dinamarca","tag-finlandia","tag-grecia","tag-guerra-social","tag-mexico","tag-suiza"],"_links":{"self":[{"href":"https:\/\/vozcomoarma.noblogs.org\/index.php?rest_route=\/wp\/v2\/posts\/7137","targetHints":{"allow":["GET"]}}],"collection":[{"href":"https:\/\/vozcomoarma.noblogs.org\/index.php?rest_route=\/wp\/v2\/posts"}],"about":[{"href":"https:\/\/vozcomoarma.noblogs.org\/index.php?rest_route=\/wp\/v2\/types\/post"}],"author":[{"embeddable":true,"href":"https:\/\/vozcomoarma.noblogs.org\/index.php?rest_route=\/wp\/v2\/users\/7045"}],"replies":[{"embeddable":true,"href":"https:\/\/vozcomoarma.noblogs.org\/index.php?rest_route=%2Fwp%2Fv2%2Fcomments&post=7137"}],"version-history":[{"count":1,"href":"https:\/\/vozcomoarma.noblogs.org\/index.php?rest_route=\/wp\/v2\/posts\/7137\/revisions"}],"predecessor-version":[{"id":7163,"href":"https:\/\/vozcomoarma.noblogs.org\/index.php?rest_route=\/wp\/v2\/posts\/7137\/revisions\/7163"}],"wp:attachment":[{"href":"https:\/\/vozcomoarma.noblogs.org\/index.php?rest_route=%2Fwp%2Fv2%2Fmedia&parent=7137"}],"wp:term":[{"taxonomy":"category","embeddable":true,"href":"https:\/\/vozcomoarma.noblogs.org\/index.php?rest_route=%2Fwp%2Fv2%2Fcategories&post=7137"},{"taxonomy":"post_tag","embeddable":true,"href":"https:\/\/vozcomoarma.noblogs.org\/index.php?rest_route=%2Fwp%2Fv2%2Ftags&post=7137"}],"curies":[{"name":"wp","href":"https:\/\/api.w.org\/{rel}","templated":true}]}}