{"id":7531,"date":"2015-04-23T16:59:00","date_gmt":"2015-04-23T14:59:00","guid":{"rendered":"http:\/\/vozcomoarma.noblogs.org\/?p=7531"},"modified":"2015-04-23T17:06:36","modified_gmt":"2015-04-23T15:06:36","slug":"italia-relanzaremos-la-lucha-contra-la-nocividad-comunicado-de-cara-al-juicio-a-lxs-compas-silvia-costa-y-billy","status":"publish","type":"post","link":"https:\/\/vozcomoarma.noblogs.org\/?p=7531","title":{"rendered":"Italia &#8211; \u00abRelanzaremos la lucha contra la nocividad\u00bb &#8211; Comunicado de cara al juicio a lxs compas Silvia, Costa y Billy"},"content":{"rendered":"<p align=\"JUSTIFY\">Recibo en el correo electr\u00f3nico el siguiente comunicado, enviado por lxs compas de An\u00f3nimxs Libertarixs quienes se encargaron de la traducci\u00f3n con la colaboraci\u00f3n de Matar o Morir Ediciones (quienes ayudaron aunque remarcan que mantienen varias diferencias te\u00f3rico\/pr\u00e1cticas con el contenido del texto). El comunicado informa sobre el pr\u00f3ximo juicio de Silvia Guerini, Luca Bernasconi (\u00abBilly\u00bb) y Constantino Ragusa (\u00abCosta\u00bb), compas eco-anarquistas:<\/p>\n<p align=\"JUSTIFY\">&#8212;&#8212;&#8212;&#8212;&#8212;&#8212;&#8212;&#8212;&#8212;<\/p>\n<p align=\"JUSTIFY\"><em>Relanzaremos la lucha contra la nocividad<\/em><\/p>\n<p align=\"JUSTIFY\"><em>Han pasado cinco a\u00f1os desde que fu\u00edmos arrestadxs en Suiza cuando la polic\u00eda en un puesto de control en el paso Albis, cant\u00f3n de Zurich, encontraron en nuestro auto explosivos, latas de gas propano, bidones de gasolina y varias copias de una reivindicaci\u00f3n por parte del Frente de Liberaci\u00f3n de la Tierra Su\u00edza. El objetivo del ataque era \u201cBinning and Rohrer Nanotechology Center\u201d, una estructura que en ese momento estaba en construcci\u00f3n, propiedad de IBM en colaboraci\u00f3n con ETH, la Escuela Polit\u00e9cnica Federal de Z\u00farich.<\/em><\/p>\n<p align=\"JUSTIFY\"><em>El juicio tuvo lugar un a\u00f1o y medio m\u00e1s tarde, donde se nos acus\u00f3 de: preparaci\u00f3n de incendio intencional, ocultar y transportar material explosivo y comercio no autorizado (importaci\u00f3n) de explosivos. El fiscal federal Hansj\u00f6rg Stadler exigi\u00f3 penas de 3 a\u00f1os y 4 a 8 meses, ampliamente aceptados por el juez federal Walter W\u00fctrich. El tribunal confirm\u00f3 todos los cargos, excepto el de tr\u00e1fico il\u00edcito (importaci\u00f3n) de explosivos, del que fuimos absueltxs.<\/em><\/p>\n<p align=\"JUSTIFY\"><em>Paralelo a esto, el fiscal de Tur\u00edn hab\u00eda iniciado una investigaci\u00f3n a fondo de los cartuchos de explosivos que las autoridades suizas nos hab\u00edan encontrado para averiguar de d\u00f3nde proven\u00eda el material. Cuando se complet\u00f3 la investigaci\u00f3n, el fiscal Enrico Arnaldi Di Balme emiti\u00f3 tres cargos m\u00e1s contra nosotrxs: actividad terrorista involucrando dispositivos explosivos letales, posesi\u00f3n y transporte de explosivos en espacio p\u00fablico y recepci\u00f3n de bienes robados (explosivos), todos los cargos con agravantes de \u201cfines terroristas\u201d.<\/em><\/p>\n<p align=\"JUSTIFY\"><em>En estos \u00faltimos 5 a\u00f1os, nuestro an\u00e1lisis del presente se ha reconfirmado, y por lo tanto nuestras creencias anarquistas y ecologistas simplemente se han fortalecido. Las nano-biotecnolog\u00edas son la \u00faltima ruta marcada por el sistema tecno-industrial capitalista en el saqueo y devastaci\u00f3n de la Tierra. Estos caminos, como todos los anteriores (acord\u00e9monos de la era industrial), est\u00e1n presentados como milagros que podemos imaginar f\u00e1cilmente destinados a convertirse en una pesadilla. Estas tecnolog\u00edas surgen del cambio de visi\u00f3n del mundo que la era de la inform\u00e1tica ha tra\u00eddo consigo, suplantando la visi\u00f3n mecanicista de las palancas y engranajes con una visi\u00f3n matem\u00e1tica hecha de bits de informaci\u00f3n en la que la realidad debe ser capaz de encajar en un algoritmo. Esta nueva visi\u00f3n se ha arraigado ya que se adapta mejor a las exigencias del presente sistema. Afirmando que ha abierto posibilidades insospechadas hasta ahora por la ciencia para llevar a cabo lo que el tiempo y el auto-canibalismo del sistema est\u00e1n presionando con urgencia a hacer: todo lo apropiado en el universo descomponerlo en sus m\u00e1s peque\u00f1os componentes infinitesimales, en \u201cbits\u201d.<\/em><\/p>\n<p align=\"JUSTIFY\"><em>En otras palabras, lograr alguna unidad b\u00e1sica universal con la que lxs cient\u00edficxs puedan reducir la totalidad de lo existente a un nivel de intercambiabilidad y equivalencia de manera que a trav\u00e9s de la ingenier\u00eda de esta nueva (inaccesible hasta ahora) materia prima sea capaz de hacer cualquier cosa en el universo utilizable para las necesidades de energ\u00eda. Estas tecnolog\u00edas son, por lo tanto, los pilares sobre los que el sistema ser\u00e1 capaz de volver a organizar los procesos de producci\u00f3n y suministro que son vitales para su crecimiento, un crecimiento infinito en un planeta que ya ha sido saqueado m\u00e1s all\u00e1 de los l\u00edmites de sus posibilidades. Y, como en el caso de los OMG (Organismos Gen\u00e9ticamente Modificados), la convergencia de las ciencias es la \u00faltima promesa de una tendencia de desarrollo que se supone hacer frente a la crisis ecol\u00f3gica a la que el mismo progreso ecocida nos ha llevado.<\/em><\/p>\n<p align=\"JUSTIFY\"><em>Como hemos escrito antes, Binning and Rohrer Nanotechology Center se hizo operativa inaugur\u00e1ndose un par de meses antes de nuestro juicio en Suiza. Durante casi tres a\u00f1os ha estado ofreciendo 950 metros cuadrados a la colaboraci\u00f3n en la investigaci\u00f3n b\u00e1sica de nuevos materiales y elementos de construcci\u00f3n nanom\u00e9trica. Este sitio permitir\u00e1 a lxs investigadorxs de IBM, ETH y sus socixs impulsar el conocimiento y sobre todo las posibilidades de aplicaci\u00f3n de la nanotecnolog\u00eda que van m\u00e1s all\u00e1, mucho m\u00e1s all\u00e1, que el uso actual alcanzado entre los cosm\u00e9ticos, neum\u00e1ticos o la nanotecnolog\u00eda en aerosol. Esto es lo que el director de la estructura, Matthias Kaiserswerth, promete. Para nosotrxs, aunque IBM o ETH se enorgullecen de tener en las manos un laboratorio \u00fanico en el mundo \u2013 y en cierto modo tienen raz\u00f3n \u2013 la realidad es que los lugares en donde se est\u00e1 alentando a la ingenier\u00eda y a la manipulaci\u00f3n de la vida y el planeta son muchos, y lo m\u00e1s importante, que son un poco en todas partes. Desde los centros de investigaci\u00f3n de las empresas multinacionales a las universidades, desde centros cient\u00edficos hasta las instituciones de investigaci\u00f3n cient\u00edfica internacionales: este mundo se mueve en paralelo a la realidad que conocemos, planificando y construyendo un futuro que se nos impone, algunos de cuyos aspectos ya podemos ver a nuestro alrededor. Este mundo tiene un nombre y una direcci\u00f3n.<\/em><\/p>\n<p align=\"JUSTIFY\"><em>A trav\u00e9s de los a\u00f1os hemos sentido cada vez m\u00e1s la necesidad de tratar de construir luchas contra este desarrollo, a partir de la comprensi\u00f3n de c\u00f3mo la bio y la nanotecnolog\u00eda son indispensables para el sistema y su potencial da\u00f1o. Cabe aclarar que esta nocividad no es tan da\u00f1ina para la salud humana o el medio ambiente como la relaci\u00f3n entre el poder y la tecnolog\u00eda que se traduce en la remodelaci\u00f3n\/reemplazo\/destrucci\u00f3n de los ecosistemas y la vida. Es un concepto mucho m\u00e1s amplio de nocividad directamente vinculado a nocividad en su conjunto: el propio sistema. Sentimos esta urgencia y dado el avance del sistema tecnol\u00f3gico industrial, estamos convencidxs de que esta debe traducirse en una cr\u00edtica radical, que no puede ignorar el contexto econ\u00f3mico y social de la que estas nocividades son tanto un producto como una necesidad. A su vez, esta cr\u00edtica debe ser capaz de transformar los oc\u00e9anos de tinta y palabras necesarias para expresar y desarrollar una lucha y acci\u00f3n directa. As\u00ed que seguimos convencidxs de la necesidad de desarrollar luchas ecol\u00f3gicas radicales contra este sistema tecno-industrial mortifero, pero queremos se\u00f1alar que la lucha tiene que ser vista como una posibilidad real de poner todo en duda, y no un espacio en el que encontrar un rol en el teatro pol\u00edtico u ofrecer alternativas \u201ceco-sustentables\u201d al sistema.<\/em><\/p>\n<p align=\"JUSTIFY\"><em>Lo que vemos es c\u00f3mo los lugares de poder tecno-cient\u00edfico est\u00e1n descentralizados y molecularizados en una constelaci\u00f3n de intereses y proyectos ultra-espec\u00edficos, aunque todos estos siguen estando necesariamente interconectados. Intervenir y golpear donde m\u00e1s duela es menos evidente y f\u00e1cil de entender. Una fuente continua de inspiraci\u00f3n en este sentido est\u00e1 representada por aquellxs que en el mundo siguen sintiendo la urgencia de la lucha, llevando adelante proyectos, campa\u00f1as y movilizaciones en defensa de lo que se sienten parte, y el sabotaje y ataque contra esos engranajes que componen el sistema industrial capitalista y tecno-cient\u00edfico patriarcal.<\/em><\/p>\n<p align=\"JUSTIFY\"><em>Sabemos que posicionarse en el camino de la lucha probablemente signifique tener que hacer frente a la represi\u00f3n, tarde o temprano, y no hay escape de eso. Lo que se puede y se debe evitar es dejar solxs a lxs que han sido golpeadxs por la represi\u00f3n. El apoyo a lxs presxs es algo que no se puede olvidar, y adem\u00e1s de la solidaridad y el apoyo b\u00e1sico que es tan importante y fundamental para llevar a cabo las luchas por las que lxs compa\u00f1erxs est\u00e1n pagando. En lo que a nosotrxs respecta, ahora fuera de estos muros, realmente apreciamos los esfuerzos de tantas personas que han organizado eventos e iniciativas en los \u00faltimos meses. As\u00ed como el calor del apoyo inmediato necesario que le han dado espacio a nuestro caso, sobre todo en cuestiones sobre las que queremos discutir y expresar nuestros sentimientos. Esto para nosotrxs es fundamental.<\/em><\/p>\n<p align=\"JUSTIFY\"><em>El 23 de abril se fij\u00f3 la fecha para la audiencia preliminar, donde se decidir\u00e1 si este juicio \u201cd\u00e9ja vu\u201d se llevar\u00e1 a cabo. Por nuestra parte, no estamos tan interesadxs en llamar la atenci\u00f3n sobre nuestro caso concreto y el juicio contra nosotrxs, sino m\u00e1s bien deseamos ser capaces de convertir este momento en una oportunidad, incluso para la movilizaci\u00f3n, para plantear estas cuestiones que sentimos y tenemos en com\u00fan.<\/em><\/p>\n<p align=\"JUSTIFY\"><em>No poner la represi\u00f3n en el centro de las cosas, pero actuar sin delegar en otrxs, en contra de la bio y la nanotecnolog\u00eda, la energ\u00eda nuclear y todas las dem\u00e1s formas de nocividad producida por este sistema de muerte, contra el actual momento de aniquilaci\u00f3n y devastaci\u00f3n.<\/em><\/p>\n<p align=\"JUSTIFY\"><em>Por la Liberaci\u00f3n de la Tierra, por la Liberaci\u00f3n Animal.<\/em><\/p>\n<p align=\"JUSTIFY\"><em>Billy, Costa y Silvia.<\/em><\/p>\n<p align=\"JUSTIFY\"><em>Febrero de 2015<\/em><\/p>\n<p align=\"JUSTIFY\"><em>Teniendo en cuenta los gastos legales del juicio que enfrentamos, pedimos a todxs su apoyo a trav\u00e9s de iniciativas ben\u00e9ficas y donaciones a la cuenta postal a nombre de:<\/em><\/p>\n<p align=\"JUSTIFY\"><em>Marta Cattaneo<\/em><\/p>\n<p align=\"JUSTIFY\"><em>IBAN: IT11A0760111100001022596116<\/em><br \/>\n<em>Raz\u00f3n de pago: Solidaridad con Silvia, Billy y Costa<\/em><\/p>\n<p align=\"JUSTIFY\"><em>Para contactar: info-arroba-resistenzealnanomondo.org<\/em><\/p>\n<p align=\"JUSTIFY\"><em><a href=\"http:\/\/www.resistenzealnanomondo.org\">http:\/\/www.resistenzealnanomondo.org<\/a><\/em><br \/>\n<em><a href=\"http:\/\/www.silviabillycostaliberi.noblogs.org\">http:\/\/www.silviabillycostaliberi.noblogs.org<\/a><\/em><\/p>\n<p align=\"JUSTIFY\"><a href=\"https:\/\/vozcomoarma.noblogs.org\/files\/2015\/04\/Tecnocat\u00e1strofe.png\"><img loading=\"lazy\" decoding=\"async\" class=\"aligncenter size-full wp-image-7532\" src=\"https:\/\/vozcomoarma.noblogs.org\/files\/2015\/04\/Tecnocat\u00e1strofe.png\" alt=\"Tecnocat\u00e1strofe\" width=\"627\" height=\"1001\" srcset=\"https:\/\/vozcomoarma.noblogs.org\/files\/2015\/04\/Tecnocat\u00e1strofe.png 627w, https:\/\/vozcomoarma.noblogs.org\/files\/2015\/04\/Tecnocat\u00e1strofe-188x300.png 188w\" sizes=\"auto, (max-width: 627px) 100vw, 627px\" \/><\/a><\/p>\n","protected":false},"excerpt":{"rendered":"<p>Recibo en el correo electr\u00f3nico el siguiente comunicado, enviado por lxs compas de An\u00f3nimxs Libertarixs quienes se encargaron de la traducci\u00f3n con la colaboraci\u00f3n de Matar o Morir Ediciones (quienes ayudaron aunque remarcan que mantienen varias diferencias te\u00f3rico\/pr\u00e1cticas con el &hellip; <a href=\"https:\/\/vozcomoarma.noblogs.org\/?p=7531\">Sigue leyendo <span class=\"meta-nav\">&rarr;<\/span><\/a><\/p>\n","protected":false},"author":7045,"featured_media":0,"comment_status":"closed","ping_status":"open","sticky":false,"template":"","format":"standard","meta":{"footnotes":""},"categories":[223,59,224,61,9,7,225],"tags":[47,39,30,16,26,38,24,19,10,11,55],"class_list":["post-7531","post","type-post","status-publish","format-standard","hentry","category-constantino-ragusa","category-convocatorias","category-luca-bernasconi","category-noticias","category-noticias-y-comunicados","category-presxs","category-silvia-guerini","tag-anti-desarrollismo","tag-anti-especismo","tag-critica-anti-industrial","tag-guerra-social","tag-insurreccionalismo","tag-italia","tag-reflexion","tag-represion","tag-sabotaje","tag-solidaridad","tag-suiza"],"_links":{"self":[{"href":"https:\/\/vozcomoarma.noblogs.org\/index.php?rest_route=\/wp\/v2\/posts\/7531","targetHints":{"allow":["GET"]}}],"collection":[{"href":"https:\/\/vozcomoarma.noblogs.org\/index.php?rest_route=\/wp\/v2\/posts"}],"about":[{"href":"https:\/\/vozcomoarma.noblogs.org\/index.php?rest_route=\/wp\/v2\/types\/post"}],"author":[{"embeddable":true,"href":"https:\/\/vozcomoarma.noblogs.org\/index.php?rest_route=\/wp\/v2\/users\/7045"}],"replies":[{"embeddable":true,"href":"https:\/\/vozcomoarma.noblogs.org\/index.php?rest_route=%2Fwp%2Fv2%2Fcomments&post=7531"}],"version-history":[{"count":4,"href":"https:\/\/vozcomoarma.noblogs.org\/index.php?rest_route=\/wp\/v2\/posts\/7531\/revisions"}],"predecessor-version":[{"id":7536,"href":"https:\/\/vozcomoarma.noblogs.org\/index.php?rest_route=\/wp\/v2\/posts\/7531\/revisions\/7536"}],"wp:attachment":[{"href":"https:\/\/vozcomoarma.noblogs.org\/index.php?rest_route=%2Fwp%2Fv2%2Fmedia&parent=7531"}],"wp:term":[{"taxonomy":"category","embeddable":true,"href":"https:\/\/vozcomoarma.noblogs.org\/index.php?rest_route=%2Fwp%2Fv2%2Fcategories&post=7531"},{"taxonomy":"post_tag","embeddable":true,"href":"https:\/\/vozcomoarma.noblogs.org\/index.php?rest_route=%2Fwp%2Fv2%2Ftags&post=7531"}],"curies":[{"name":"wp","href":"https:\/\/api.w.org\/{rel}","templated":true}]}}