{"id":7718,"date":"2015-05-01T20:45:59","date_gmt":"2015-05-01T18:45:59","guid":{"rendered":"http:\/\/vozcomoarma.noblogs.org\/?p=7718"},"modified":"2015-05-01T21:04:29","modified_gmt":"2015-05-01T19:04:29","slug":"actualizaciones-sobre-el-juicio-a-los-companeros-lucio-alberti-graziano-mazarelli-y-francesco-sala","status":"publish","type":"post","link":"https:\/\/vozcomoarma.noblogs.org\/?p=7718","title":{"rendered":"Actualizaciones sobre el juicio a los compa\u00f1eros Lucio Alberti, Graziano Mazarelli y Francesco Sala"},"content":{"rendered":"<p style=\"text-align: justify\">Como ya se inform\u00f3 en otras noticias anteriores en este blog sobre el mismo caso, los anarquistas Lucio Alberti, Graziano Mazarelli y Francesco Sala son tres compa\u00f1eros italianos actualmente en prisi\u00f3n, y encarcelados bajo acusaciones de haber tomado parte en una acci\u00f3n de sabotaje contra unas obras del Tren de Alta Velocidad en la regi\u00f3n de Chiomonte hace casi 2 a\u00f1os, en mayo de 2013. Por este mismo ataque a la infraestructura de la Alta Voracidad (perd\u00f3n, Velocidad) se encuentran acusadxs tambi\u00e9n lxs compa\u00f1erxs Chiara Zenobi, Claudio Alberto, Mattia Zanotti y Niccol\u00f3 Blasi, si bien en su caso ellxs reivindicaron los sabotajes durante una de las sesiones del juicio, la del pasado 24 de septiembre (<a href=\"https:\/\/vozcomoarma.noblogs.org\/?p=5702\">aqu\u00ed<\/a> m\u00e1s informaci\u00f3n de \u00e9sto). Seg\u00fan el comunicado que sigue, los compa\u00f1eros Francesco y Lucio habr\u00edan tomado la palabra para anunciar que ellos tambi\u00e9n estuvieron presentes aquella noche de mayo:<\/p>\n<p style=\"text-align: justify\">&#8212;&#8212;&#8212;&#8212;&#8212;&#8212;&#8212;-<\/p>\n<p style=\"text-align: justify\"><em>El 23 de abril del 2015 comenz\u00f3 a puertas cerradas en Tur\u00edn el juicio contra los anarquistas Lucio Alberti, Francesco Sala y Graziano Mazzarelli, quienes est\u00e1n en prisi\u00f3n preventiva desde el 11 de julio del 2014, acusados por participaci\u00f3n en el ataque a las obras de TAV en Chiomonte el mayo de 2013.<\/em><\/p>\n<p style=\"text-align: justify\"><em>Hace algunos d\u00edas, los 3 compas fueron trasladados desde Ferrara a la prisi\u00f3n de Le Vallette, en Tur\u00edn, donde se encuentran en un m\u00f3dulo de presos bajo vigilancia especial, separados del resto de la poblaci\u00f3n carcelaria. Los compas tuvieron que pasar las primeras 2 noches sin colchones, que solo les fueron entregados el tercer d\u00eda.<\/em><\/p>\n<p style=\"text-align: justify\"><em>La audiencia no dur\u00f3 mucho, el juez acept\u00f3 la presencia de la empresa constructora LTF como parte civil, y determin\u00f3 las fechas para las pr\u00f3ximas audiencias, que solo ser\u00e1n 2 m\u00e1s, puesto que se trata de un juicio abreviado. El 12 de mayo se presentar\u00e1 la acusaci\u00f3n de la fiscal\u00eda y las argumentaciones de la defensa, mientras que la sentencia ser\u00e1 dictada el 27 de mayo.<\/em><\/p>\n<p style=\"text-align: justify\"><em>Antes de finalizar la audiencia, los compas Lucio Alberti y Francesco Sala tomaron la palabra para decir que ellos tambi\u00e9n estaban presentes aquella noche del mayo, durante el sabotaje a las obras de TAV.<\/em><\/p>\n<p style=\"text-align: justify\"><em>Entre tanto, lxs solidarixs que estaban reunidxs fuera de los tribunales decidieron realizar una marcha hasta el barrio cercano de San Paolo, para reiterar los motivos de la lucha contra el TAV y hacer recordar que el sabotaje acompa\u00f1a desde siempre a lxs explotadxs que luchan, ya sea a lo largo de los senderos, o en las calles de las ciudades.<\/em><\/p>\n<p style=\"text-align: justify\"><em>La nueva direcci\u00f3n para escribir a los tres compas es la siguiente:<\/em><\/p>\n<p style=\"text-align: justify\"><em>Lucio Alberti, Graziano Mazzarelli e Francesco Sala<\/em><br \/>\n<em> C.C. \u201cLorusso e Cotugno\u201d via Maria Adelaide Aglietta, 35 \u2013 10151 Torino<\/em><\/p>\n<p style=\"text-align: justify\"><a href=\"https:\/\/vozcomoarma.noblogs.org\/files\/2015\/05\/fd.jpg\"><img loading=\"lazy\" decoding=\"async\" class=\"aligncenter size-full wp-image-7720\" src=\"https:\/\/vozcomoarma.noblogs.org\/files\/2015\/05\/fd.jpg\" alt=\"fd\" width=\"1600\" height=\"1200\" srcset=\"https:\/\/vozcomoarma.noblogs.org\/files\/2015\/05\/fd.jpg 1600w, https:\/\/vozcomoarma.noblogs.org\/files\/2015\/05\/fd-300x225.jpg 300w, https:\/\/vozcomoarma.noblogs.org\/files\/2015\/05\/fd-1024x768.jpg 1024w\" sizes=\"auto, (max-width: 1600px) 100vw, 1600px\" \/><\/a><\/p>\n","protected":false},"excerpt":{"rendered":"<p>Como ya se inform\u00f3 en otras noticias anteriores en este blog sobre el mismo caso, los anarquistas Lucio Alberti, Graziano Mazarelli y Francesco Sala son tres compa\u00f1eros italianos actualmente en prisi\u00f3n, y encarcelados bajo acusaciones de haber tomado parte en &hellip; <a href=\"https:\/\/vozcomoarma.noblogs.org\/?p=7718\">Sigue leyendo <span class=\"meta-nav\">&rarr;<\/span><\/a><\/p>\n","protected":false},"author":7045,"featured_media":0,"comment_status":"closed","ping_status":"open","sticky":false,"template":"","format":"standard","meta":{"footnotes":""},"categories":[58,61,9,183,7,142],"tags":[47,16,26,38,24,19,10,11],"class_list":["post-7718","post","type-post","status-publish","format-standard","hentry","category-acciones","category-noticias","category-noticias-y-comunicados","category-presos-no-tav-julio-2014","category-presxs","category-presxs-no-tav-diciembre-2013","tag-anti-desarrollismo","tag-guerra-social","tag-insurreccionalismo","tag-italia","tag-reflexion","tag-represion","tag-sabotaje","tag-solidaridad"],"_links":{"self":[{"href":"https:\/\/vozcomoarma.noblogs.org\/index.php?rest_route=\/wp\/v2\/posts\/7718","targetHints":{"allow":["GET"]}}],"collection":[{"href":"https:\/\/vozcomoarma.noblogs.org\/index.php?rest_route=\/wp\/v2\/posts"}],"about":[{"href":"https:\/\/vozcomoarma.noblogs.org\/index.php?rest_route=\/wp\/v2\/types\/post"}],"author":[{"embeddable":true,"href":"https:\/\/vozcomoarma.noblogs.org\/index.php?rest_route=\/wp\/v2\/users\/7045"}],"replies":[{"embeddable":true,"href":"https:\/\/vozcomoarma.noblogs.org\/index.php?rest_route=%2Fwp%2Fv2%2Fcomments&post=7718"}],"version-history":[{"count":1,"href":"https:\/\/vozcomoarma.noblogs.org\/index.php?rest_route=\/wp\/v2\/posts\/7718\/revisions"}],"predecessor-version":[{"id":7722,"href":"https:\/\/vozcomoarma.noblogs.org\/index.php?rest_route=\/wp\/v2\/posts\/7718\/revisions\/7722"}],"wp:attachment":[{"href":"https:\/\/vozcomoarma.noblogs.org\/index.php?rest_route=%2Fwp%2Fv2%2Fmedia&parent=7718"}],"wp:term":[{"taxonomy":"category","embeddable":true,"href":"https:\/\/vozcomoarma.noblogs.org\/index.php?rest_route=%2Fwp%2Fv2%2Fcategories&post=7718"},{"taxonomy":"post_tag","embeddable":true,"href":"https:\/\/vozcomoarma.noblogs.org\/index.php?rest_route=%2Fwp%2Fv2%2Ftags&post=7718"}],"curies":[{"name":"wp","href":"https:\/\/api.w.org\/{rel}","templated":true}]}}