{"id":7725,"date":"2015-05-01T21:31:06","date_gmt":"2015-05-01T19:31:06","guid":{"rendered":"http:\/\/vozcomoarma.noblogs.org\/?p=7725"},"modified":"2015-05-01T21:31:06","modified_gmt":"2015-05-01T19:31:06","slug":"chile-barricadas-y-enfrentamientos-con-la-policia-nuevamente-en-solidaridad-con-lxs-compas-presxs","status":"publish","type":"post","link":"https:\/\/vozcomoarma.noblogs.org\/?p=7725","title":{"rendered":"Chile &#8211; Barricadas y enfrentamientos con la polic\u00eda nuevamente en solidaridad con lxs compas presxs"},"content":{"rendered":"<p style=\"text-align: justify\">Seg\u00fan el breve comunicado que sigue, y que recibo en el correo, encapuchadxs solidarixs se reunieron a primeras horas de la ma\u00f1ana del 27 de abril en los exteriores del Liceo de Aplicaci\u00f3n, donde cortaron el tr\u00e1nsito con barricadas en llamas y atacaron a la polic\u00eda una vez que \u00e9sta hizo aparici\u00f3n. El acto se reclam\u00f3 en solidaridad con lxs compa\u00f1erxs presxs.<\/p>\n<p style=\"text-align: justify\">&#8212;&#8212;&#8212;&#8212;&#8212;&#8212;&#8212;&#8212;&#8212;&#8212;-<\/p>\n<p style=\"text-align: justify\"><em>El lunes 27 de abril a las 8 de la ma\u00f1ana a las afueras del Liceo de Aplicaci\u00f3n encapuchadxs levantaron barricadas y atacaron a la polic\u00eda en solidaridad con todxs lxs presxs anarquistas secuestradxs en las c\u00e1rceles del poder.<\/em><\/p>\n<p style=\"text-align: justify\"><a href=\"https:\/\/vozcomoarma.noblogs.org\/files\/2015\/05\/liceo.jpg\"><img loading=\"lazy\" decoding=\"async\" class=\"aligncenter size-full wp-image-7727\" src=\"https:\/\/vozcomoarma.noblogs.org\/files\/2015\/05\/liceo.jpg\" alt=\"Liceo\" width=\"771\" height=\"613\" srcset=\"https:\/\/vozcomoarma.noblogs.org\/files\/2015\/05\/liceo.jpg 771w, https:\/\/vozcomoarma.noblogs.org\/files\/2015\/05\/liceo-300x239.jpg 300w\" sizes=\"auto, (max-width: 771px) 100vw, 771px\" \/><\/a> <a href=\"https:\/\/vozcomoarma.noblogs.org\/files\/2015\/05\/propaga.jpg\"><img loading=\"lazy\" decoding=\"async\" class=\"aligncenter size-full wp-image-7728\" src=\"https:\/\/vozcomoarma.noblogs.org\/files\/2015\/05\/propaga.jpg\" alt=\"Kaos\" width=\"720\" height=\"453\" srcset=\"https:\/\/vozcomoarma.noblogs.org\/files\/2015\/05\/propaga.jpg 720w, https:\/\/vozcomoarma.noblogs.org\/files\/2015\/05\/propaga-300x189.jpg 300w\" sizes=\"auto, (max-width: 720px) 100vw, 720px\" \/><\/a><\/p>\n","protected":false},"excerpt":{"rendered":"<p>Seg\u00fan el breve comunicado que sigue, y que recibo en el correo, encapuchadxs solidarixs se reunieron a primeras horas de la ma\u00f1ana del 27 de abril en los exteriores del Liceo de Aplicaci\u00f3n, donde cortaron el tr\u00e1nsito con barricadas en &hellip; <a href=\"https:\/\/vozcomoarma.noblogs.org\/?p=7725\">Sigue leyendo <span class=\"meta-nav\">&rarr;<\/span><\/a><\/p>\n","protected":false},"author":7045,"featured_media":0,"comment_status":"closed","ping_status":"open","sticky":false,"template":"","format":"standard","meta":{"footnotes":""},"categories":[58,61,9,7],"tags":[78,21,16,26,11],"class_list":["post-7725","post","type-post","status-publish","format-standard","hentry","category-acciones","category-noticias","category-noticias-y-comunicados","category-presxs","tag-chile","tag-disturbios","tag-guerra-social","tag-insurreccionalismo","tag-solidaridad"],"_links":{"self":[{"href":"https:\/\/vozcomoarma.noblogs.org\/index.php?rest_route=\/wp\/v2\/posts\/7725","targetHints":{"allow":["GET"]}}],"collection":[{"href":"https:\/\/vozcomoarma.noblogs.org\/index.php?rest_route=\/wp\/v2\/posts"}],"about":[{"href":"https:\/\/vozcomoarma.noblogs.org\/index.php?rest_route=\/wp\/v2\/types\/post"}],"author":[{"embeddable":true,"href":"https:\/\/vozcomoarma.noblogs.org\/index.php?rest_route=\/wp\/v2\/users\/7045"}],"replies":[{"embeddable":true,"href":"https:\/\/vozcomoarma.noblogs.org\/index.php?rest_route=%2Fwp%2Fv2%2Fcomments&post=7725"}],"version-history":[{"count":1,"href":"https:\/\/vozcomoarma.noblogs.org\/index.php?rest_route=\/wp\/v2\/posts\/7725\/revisions"}],"predecessor-version":[{"id":7729,"href":"https:\/\/vozcomoarma.noblogs.org\/index.php?rest_route=\/wp\/v2\/posts\/7725\/revisions\/7729"}],"wp:attachment":[{"href":"https:\/\/vozcomoarma.noblogs.org\/index.php?rest_route=%2Fwp%2Fv2%2Fmedia&parent=7725"}],"wp:term":[{"taxonomy":"category","embeddable":true,"href":"https:\/\/vozcomoarma.noblogs.org\/index.php?rest_route=%2Fwp%2Fv2%2Fcategories&post=7725"},{"taxonomy":"post_tag","embeddable":true,"href":"https:\/\/vozcomoarma.noblogs.org\/index.php?rest_route=%2Fwp%2Fv2%2Ftags&post=7725"}],"curies":[{"name":"wp","href":"https:\/\/api.w.org\/{rel}","templated":true}]}}