{"id":7731,"date":"2015-05-01T21:53:05","date_gmt":"2015-05-01T19:53:05","guid":{"rendered":"http:\/\/vozcomoarma.noblogs.org\/?p=7731"},"modified":"2015-05-01T23:39:24","modified_gmt":"2015-05-01T21:39:24","slug":"comunicado-del-cavj-acerca-de-la-reformalizacion-de-lxs-compas-nataly-juan-guillermo-y-enrique","status":"publish","type":"post","link":"https:\/\/vozcomoarma.noblogs.org\/?p=7731","title":{"rendered":"Comunicado del CAVJ acerca de la reformalizaci\u00f3n de lxs compas Nataly, Juan, Guillermo y Enrique."},"content":{"rendered":"<p style=\"text-align: justify\">A mayores de la informaci\u00f3n ya publicada, recibo este comunicado, enviado por lxs compas del Colectivo Anticarcelario Vuelo de Justicia (CAVJ) desde alg\u00fan lugar de Chile, apuntando y aclarando algunas cosas en torno a los nefastos resultados de la audiencia de reformalizaci\u00f3n de lxs compas Nataly, Juan, Guillermo y Enrique, el pasado 28 de abril por la ma\u00f1ana.<\/p>\n<p style=\"text-align: justify\">\u00a1Fuerza y solidaridad para lxs compas, en huelga de hambre desde hace m\u00e1s de 2 semanas!<br \/>\n\u00a1Fuego a las c\u00e1rceles!<\/p>\n<p style=\"text-align: justify\">&#8212;&#8212;&#8212;&#8212;&#8212;&#8212;&#8212;&#8212;&#8212;&#8212;&#8212;<\/p>\n<p style=\"text-align: justify\"><em>El pasado martes 28 de abril se realiz\u00f3 la reformalizaci\u00f3n de lxs compa\u00f1erxs en el centro de (in)justicia desde las 10.00 hrs. Si bien no es nuestra prioridad atraparnos en los detalles jur\u00eddicos que propician la causa, creemos que es necesario asomar ciertos puntos que dan cuenta de c\u00f3mo va avanzando el aparataje jur\u00eddico\/carcelario en torno a lxs compas.<\/em><\/p>\n<p style=\"text-align: justify\"><em>Si bien ya se ha hecho p\u00fablica alguna informaci\u00f3n: (link <a href=\"https:\/\/vozcomoarma.noblogs.org\/?p=7721\">aqu\u00ed<\/a>) aportamos precisando algunas cosas:<\/em><\/p>\n<p style=\"text-align: justify\"><em>&#8211; Tanto a Nataly como a Juan Flores se les cambiaron los delitos de lesiones por los que se les hab\u00eda imputado en un primer momento, por el delito de homicidio calificado frustrado, calificante de alevos\u00eda (actuar sobre seguro), siempre bajo la Ley Antiterrorista. Obviamente con el af\u00e1n de optar a penas m\u00e1s elevadas que les permitan una condena efectiva en prisi\u00f3n en cualquiera de los casos (si los persecutores logran probar que aplica la ley antiterrorista o si recalifican posteriormente sin esa ley)<\/em><\/p>\n<p style=\"text-align: justify\"><em>&#8211; Respecto a las exigencias por la huelga de hambre, el tribunal se manifest\u00f3 contrario a resolver cualquiera de ellas confirmando la prisi\u00f3n preventiva para el compa\u00f1ero Enrique y rechazando el cambio de m\u00f3dulo de la compa\u00f1era Nataly. La compa\u00f1era actualmente se encuentra en el m\u00f3dulo 1, absolutamente aislada, en donde la vigilancia de las c\u00e1rceleras es permanente ya que su puesto de vigilancia queda al lado del ingreso al lugar. En el caso del compa\u00f1ero Guillermo, fue autorizado para ir a realizarse una revisi\u00f3n m\u00e9dica a un centro de salud cercano a su domicilio en donde cumple una medida de encierro total desde septiembre del a\u00f1o pasado. Ahora, en relaci\u00f3n a la huelga de hambre, precisar que si bien el compa\u00f1ero Enrique decidi\u00f3 restarse por complicaciones en su salud que afectaban a su \u00e1nimo dentro del encierro, lxs compas Juan Flores, Nataly Casanova y Guillermo Dur\u00e1n contin\u00faan en huelga de hambre l\u00edquida presionando porque se cumplan sus exigencias. Recordemos que lxs compa\u00f1erxs ya llevan 18 d\u00edas en huelga de hambre y que por su parte nada ha acabado tras la audiencia de reformalizaci\u00f3n, al contrario, fue el mismo compa\u00f1ero Juan qui\u00e9n al tomar la palabra frente al tribunal fue claro en aprontar una huelga de hambre seca para el caso de que no sean escuchadxs; tal informaci\u00f3n la precisaremos con la urgencia que requiere. Por lo mismo, la huelga l\u00edquida contin\u00faa, en eso no hay discusi\u00f3n por parte de lxs compas. Acerca del estado de salud, Nataly se encuentra un poco m\u00e1s estable en su peso (esperamos dejar m\u00e1s detalles los pr\u00f3ximos d\u00edas) y la somnolencia y el decaimiento se han ido minimizando con el pasar del tiempo; Juan en tanto ha presentado un color m\u00e1s amarillo en su piel (lo que por otras experiencias podemos relacionar a que su h\u00edgado est\u00e1 sintiendo la huelga) y pr\u00f3ximamente detallar\u00e1 informaci\u00f3n acerca de sus cambios en el peso tras los registros que manejan desde el hospital de la c\u00e1rcel empresa Santiago 1.<\/em><\/p>\n<p style=\"text-align: justify\"><em>DESTACAR QUE AMBXS SE ENCUENTRAN ENTERXS Y FIRMES, BIEN DE \u00c1NIMO, DISPUESTXS A CONTINUAR CON SU RESISTENCIA AL INTERIOR DE LAS PRISIONES, QUE HOY LXS LLEVA A LUCHAR POR MEDIO DE SUS PROPIOS CUERPOS.<\/em><\/p>\n<p style=\"text-align: justify\"><em>Hagamos de nuestro d\u00eda a d\u00eda una instancia constante para apoyar la huelga de lxs compa\u00f1erxs, todo gesto y acci\u00f3n sirven. Si no somos nosotrxs, no ser\u00e1 nadie&#8230;<\/em><\/p>\n<p style=\"text-align: justify\"><em>\u00a1Solidaridad revolucionaria con JUAN, NATALY Y GUILLERMO, A 18 D\u00cdAS DE SU HUELGA DE HAMBRE!<\/em><\/p>\n<p style=\"text-align: justify\"><em>CAVJ &#8211; Colectivo Anticarcelario Vuelo de Justicia<\/em><\/p>\n<p style=\"text-align: justify\">\n","protected":false},"excerpt":{"rendered":"<p>A mayores de la informaci\u00f3n ya publicada, recibo este comunicado, enviado por lxs compas del Colectivo Anticarcelario Vuelo de Justicia (CAVJ) desde alg\u00fan lugar de Chile, apuntando y aclarando algunas cosas en torno a los nefastos resultados de la audiencia &hellip; <a href=\"https:\/\/vozcomoarma.noblogs.org\/?p=7731\">Sigue leyendo <span class=\"meta-nav\">&rarr;<\/span><\/a><\/p>\n","protected":false},"author":7045,"featured_media":0,"comment_status":"closed","ping_status":"open","sticky":false,"template":"","format":"standard","meta":{"footnotes":""},"categories":[58,9],"tags":[78,16,24,19,11,71],"class_list":["post-7731","post","type-post","status-publish","format-standard","hentry","category-acciones","category-noticias-y-comunicados","tag-chile","tag-guerra-social","tag-reflexion","tag-represion","tag-solidaridad","tag-tortura"],"_links":{"self":[{"href":"https:\/\/vozcomoarma.noblogs.org\/index.php?rest_route=\/wp\/v2\/posts\/7731","targetHints":{"allow":["GET"]}}],"collection":[{"href":"https:\/\/vozcomoarma.noblogs.org\/index.php?rest_route=\/wp\/v2\/posts"}],"about":[{"href":"https:\/\/vozcomoarma.noblogs.org\/index.php?rest_route=\/wp\/v2\/types\/post"}],"author":[{"embeddable":true,"href":"https:\/\/vozcomoarma.noblogs.org\/index.php?rest_route=\/wp\/v2\/users\/7045"}],"replies":[{"embeddable":true,"href":"https:\/\/vozcomoarma.noblogs.org\/index.php?rest_route=%2Fwp%2Fv2%2Fcomments&post=7731"}],"version-history":[{"count":2,"href":"https:\/\/vozcomoarma.noblogs.org\/index.php?rest_route=\/wp\/v2\/posts\/7731\/revisions"}],"predecessor-version":[{"id":7733,"href":"https:\/\/vozcomoarma.noblogs.org\/index.php?rest_route=\/wp\/v2\/posts\/7731\/revisions\/7733"}],"wp:attachment":[{"href":"https:\/\/vozcomoarma.noblogs.org\/index.php?rest_route=%2Fwp%2Fv2%2Fmedia&parent=7731"}],"wp:term":[{"taxonomy":"category","embeddable":true,"href":"https:\/\/vozcomoarma.noblogs.org\/index.php?rest_route=%2Fwp%2Fv2%2Fcategories&post=7731"},{"taxonomy":"post_tag","embeddable":true,"href":"https:\/\/vozcomoarma.noblogs.org\/index.php?rest_route=%2Fwp%2Fv2%2Ftags&post=7731"}],"curies":[{"name":"wp","href":"https:\/\/api.w.org\/{rel}","templated":true}]}}