{"id":7734,"date":"2015-05-01T22:09:36","date_gmt":"2015-05-01T20:09:36","guid":{"rendered":"http:\/\/vozcomoarma.noblogs.org\/?p=7734"},"modified":"2015-05-01T22:09:36","modified_gmt":"2015-05-01T20:09:36","slug":"mexico-pintadas-por-la-libertad","status":"publish","type":"post","link":"https:\/\/vozcomoarma.noblogs.org\/?p=7734","title":{"rendered":"M\u00e9xico &#8211; Pintadas por la libertad"},"content":{"rendered":"<p style=\"text-align: justify\" align=\"JUSTIFY\">Dejo el siguiente v\u00eddeo, que viene acompa\u00f1ado de un comunicado, y que muestra algunas pintadas realizadas en M\u00e9xico D.F. (Ciudad Monstruo):<\/p>\n<p style=\"text-align: justify\" align=\"JUSTIFY\">&#8212;&#8212;&#8212;&#8212;&#8212;&#8212;&#8212;&#8212;&#8212;&#8212;&#8211;<\/p>\n<p style=\"text-align: center\" align=\"JUSTIFY\">[vsw id=\u00bb126303013&#8243; source=\u00bbvimeo\u00bb width=\u00bb425&#8243; height=\u00bb344&#8243; autoplay=\u00bbno\u00bb]<\/p>\n<p style=\"text-align: justify\" align=\"JUSTIFY\"><em>Hace unos d\u00edas dentro de este mundo cerrado; herm\u00e9tico. Dentro de la molesta vigilancia de la democracia del capital: la ciudad amaneci\u00f3 con pintas y textos de alivio que hemos logrado plasmar, haci\u00e9ndo presente una realidad que no se olvida, porque cuando se deja de estar presente en la cotidianidad no s\u00f3lo es para el\/la \u201cinvisible\u201d para quien es dificil sobrellevar las vivencias, sino para todo un entorno, ya que la c\u00e1rcel y la fuga no s\u00f3lo dejan atr\u00e1s toda una vida individual, sino que tambi\u00e9n dejan un cierto luto en las personas que siguen viviendo en esta otra prision externa y p\u00fablica; sobre todo este luto se manifiesta en aquellas personas con ciertos nexos de afinidad y cari\u00f1o hacia estxs fugadxs, encarceladxs, desaparecidxs, etc\u00e9tera.<\/em><\/p>\n<p style=\"text-align: justify\" align=\"JUSTIFY\"><em>Es por eso que a trav\u00e9s de este acto simb\u00f3lico se quiere dejar un mensaje a todxs aquellxs presxs, fugadxs que viven esta situaci\u00f3n a causa del confl\u00edcto cotidiano con la realidad: \u00a1NOSOTRXS NO OLVIDAMOS!<\/em><\/p>\n<p style=\"text-align: justify\" align=\"JUSTIFY\"><em>Sabemos que hay una gran tensi\u00f3n en el ambiente, que hacen de todo por callarnos, pero tambi\u00e9n sabemos que crear distancias entre nosotrxs, afines, es su t\u00e1ctica para debilitarnos y no lo van a lograr porque para nosotrxs las distancias son unicamente f\u00edsicas ya que nuestros corazones siguen unidos a pesar de cada kil\u00f3metro y\/o cada muro, y con este acto queremos dejarlo claro; habr\u00e1 otros m\u00e1s\u2026 porque la lucha por la libertad no es \u00fanicamente en un momento determinado, coyuntural, sino toda la vida; y porque al final todxs somos presxs y sus intentos por callarnos s\u00f3lo hacen que gritemos m\u00e1s fuerte.<\/em><\/p>\n<p style=\"text-align: justify\" align=\"JUSTIFY\"><em>Nosotrxs decidimos darle vida a los recuerdos plasm\u00e1ndolos en las sucias paredes de su absurda realidad.<\/em><\/p>\n<p style=\"text-align: justify\" align=\"JUSTIFY\"><em>\u00a1Porque no olvidamos y cada herida nos hace m\u00e1s fuertes!<\/em><\/p>\n<p style=\"text-align: justify\" align=\"JUSTIFY\"><em>\u00a1Por y para aquellxs perseguidxs por el Sistema que tienen que cambiar su realidad y que no est\u00e1n aqu\u00ed!<\/em><\/p>\n<p style=\"text-align: justify\" align=\"JUSTIFY\"><em>\u00a1Por Diego R\u00edos, Tamara Sol y todxs lxs secuestradxs por el Estado Chileno!<\/em><\/p>\n<p style=\"text-align: justify\" align=\"JUSTIFY\"><em>\u00a1Por cada unx de lxs secuestradxs por el Estado Espa\u00f1ol!<\/em><\/p>\n<p style=\"text-align: justify\" align=\"JUSTIFY\"><em>\u2026Y sobre todo: \u00a1Por todxs aquellxs que seguimos en la lucha cotidiana del d\u00eda a d\u00eda en esta otra c\u00e1rcel, sin caer en coyunturas y fechas elegidas por el Estado!<\/em><\/p>\n<p style=\"text-align: justify\" align=\"JUSTIFY\"><em>Ciudad Monstruo, M\u00e9xico DF.<\/em><br \/>\n<em>2015<\/em><\/p>\n","protected":false},"excerpt":{"rendered":"<p>Dejo el siguiente v\u00eddeo, que viene acompa\u00f1ado de un comunicado, y que muestra algunas pintadas realizadas en M\u00e9xico D.F. (Ciudad Monstruo): &#8212;&#8212;&#8212;&#8212;&#8212;&#8212;&#8212;&#8212;&#8212;&#8212;&#8211; [vsw id=\u00bb126303013&#8243; source=\u00bbvimeo\u00bb width=\u00bb425&#8243; height=\u00bb344&#8243; autoplay=\u00bbno\u00bb] Hace unos d\u00edas dentro de este mundo cerrado; herm\u00e9tico. Dentro de la &hellip; <a href=\"https:\/\/vozcomoarma.noblogs.org\/?p=7734\">Sigue leyendo <span class=\"meta-nav\">&rarr;<\/span><\/a><\/p>\n","protected":false},"author":7045,"featured_media":0,"comment_status":"closed","ping_status":"open","sticky":false,"template":"","format":"standard","meta":{"footnotes":""},"categories":[58,61,9,7],"tags":[51,47,35],"class_list":["post-7734","post","type-post","status-publish","format-standard","hentry","category-acciones","category-noticias","category-noticias-y-comunicados","category-presxs","tag-alemania","tag-anti-desarrollismo","tag-asesinato-de-estado"],"_links":{"self":[{"href":"https:\/\/vozcomoarma.noblogs.org\/index.php?rest_route=\/wp\/v2\/posts\/7734","targetHints":{"allow":["GET"]}}],"collection":[{"href":"https:\/\/vozcomoarma.noblogs.org\/index.php?rest_route=\/wp\/v2\/posts"}],"about":[{"href":"https:\/\/vozcomoarma.noblogs.org\/index.php?rest_route=\/wp\/v2\/types\/post"}],"author":[{"embeddable":true,"href":"https:\/\/vozcomoarma.noblogs.org\/index.php?rest_route=\/wp\/v2\/users\/7045"}],"replies":[{"embeddable":true,"href":"https:\/\/vozcomoarma.noblogs.org\/index.php?rest_route=%2Fwp%2Fv2%2Fcomments&post=7734"}],"version-history":[{"count":1,"href":"https:\/\/vozcomoarma.noblogs.org\/index.php?rest_route=\/wp\/v2\/posts\/7734\/revisions"}],"predecessor-version":[{"id":7735,"href":"https:\/\/vozcomoarma.noblogs.org\/index.php?rest_route=\/wp\/v2\/posts\/7734\/revisions\/7735"}],"wp:attachment":[{"href":"https:\/\/vozcomoarma.noblogs.org\/index.php?rest_route=%2Fwp%2Fv2%2Fmedia&parent=7734"}],"wp:term":[{"taxonomy":"category","embeddable":true,"href":"https:\/\/vozcomoarma.noblogs.org\/index.php?rest_route=%2Fwp%2Fv2%2Fcategories&post=7734"},{"taxonomy":"post_tag","embeddable":true,"href":"https:\/\/vozcomoarma.noblogs.org\/index.php?rest_route=%2Fwp%2Fv2%2Ftags&post=7734"}],"curies":[{"name":"wp","href":"https:\/\/api.w.org\/{rel}","templated":true}]}}