{"id":7959,"date":"2015-05-17T23:40:00","date_gmt":"2015-05-17T21:40:00","guid":{"rendered":"http:\/\/vozcomoarma.noblogs.org\/?p=7959"},"modified":"2015-05-19T11:38:36","modified_gmt":"2015-05-19T09:38:36","slug":"chile-asesinados-dos-jovenes-en-valparaiso-durante-una-marcha-estudiantil-cuando-intentaban-colocar-una-pancarta","status":"publish","type":"post","link":"https:\/\/vozcomoarma.noblogs.org\/?p=7959","title":{"rendered":"Chile &#8211; Asesinados dos j\u00f3venes en Valpara\u00edso por un ciudadano durante una marcha estudiantil"},"content":{"rendered":"<p style=\"text-align: justify\"><strong><em>\u00abNo queremos ser ciudadanos, queremos quemar las ciudades<\/em><\/strong><br \/>\n<strong><em>degollando los monumentos de lxs que quisieron civilizarte\u00bb<\/em><\/strong><\/p>\n<p style=\"text-align: justify\"><strong><em>8-9 Pu\u00f1aladas &#8211; A clavar los cuchillos<\/em><\/strong><\/p>\n<p style=\"text-align: justify\">Nota: La siguiente informaci\u00f3n procede en su mayor\u00eda de testimonios dispersos y un poco confusos publicados, y tambi\u00e9n de lo difundido por la prensa comercial\/burguesa. Lo \u00fanico que por ahora he encontrado en fuentes libertarias es una noticia breve publicada en <a href=\"http:\/\/es.contrainfo.espiv.net\/2015\/05\/16\/chile-agitacion-anarquica-en-manifestaciones-por-el-asesinato-de-dos-manifestantes-en-valparaiso\/\">Contra Info<\/a>, que va acompa\u00f1ada de una foto de un panfleto que incluyo tambi\u00e9n al final de esta entrada. He pedido tambi\u00e9n a compa\u00f1erxs en Chile que les agradezco si pueden aportar m\u00e1s informaci\u00f3n clara y procedente de fuentes afines. Por lo tanto, me parece que es importante recalcar la necesidad de ser prudentes tanto a la hora de hacer mi labor de difundir, como por vuestra parte para analizar la informaci\u00f3n.<\/p>\n<p style=\"text-align: justify\">Seg\u00fan esas fuentes antes mencionadas, dos j\u00f3venes, de 18 y 24 a\u00f1os respectivamente (uno de ellos, al parecer, militante comunista), que participaban en una marcha estudiantil en la ciudad de Valpara\u00edso fueron asesinados a tiros por otro joven de s\u00f3lo 20 a\u00f1os (Giuseppe Briganti) cuando se dispon\u00edan a poner una pancarta sobre un edificio suyo (otras fuentes afirman que iban a realizar una pintada). Es evidente el estado de grave desequilibrio de este individuo, que empieza a tiros con dos chavales por simplemente hacer una pintada o colocar una pancarta en una pared de un inmueble de su propiedad.<\/p>\n<p style=\"text-align: justify\">Una vez cometido el crimen, los maderos habr\u00edan registrado la propiedad del asesino, donde se habr\u00eda encontrado una cantidad indeterminada de droga y una pistola ilegal, por lo que el joven fue detenido, acusado de \u00e9sto y del doble homicidio. Una vez pas\u00f3 a disposici\u00f3n judicial, Briganti habr\u00eda declarado su inocencia.<\/p>\n<p style=\"text-align: justify\">Todxs lxs pol\u00edticxs y el gobierno (especialmente lxs m\u00e1s \u00abizquierdistas\u00bb) se apresuraron a soltar sus oportunistas e hip\u00f3critas discursos de paz social, aprovechando los hechos para condenar \u00abtodo tipo de violencia\u00bb. A mi entender, no deja de ser rid\u00edculo e irritante ver a lxs bastardxs de la pol\u00edtica intentar sacar provecho de lxs rebeldes asesinadxs, criticando ahora los asesinatos cometidos por este tipo (que, por otro lado, actu\u00f3 seg\u00fan lo que el Estado y sus maderos esperaban de \u00e9l)\u00a0 pero callando e incluso justificando lo ocurrido cuando quienes disparan y matan a lxs que luchan son sus maderos.<\/p>\n<p style=\"text-align: justify\">En algunas ciudades se desarrollaron protestas para mostrar repulsa hacia lo ocurrido, donde habr\u00edan participado tanto anarquistas como personas procedentes de otros movimientos sociales. Lxs compas arrojaron panfletos contra la mentalidad de ciudadanx-polic\u00eda que termina provocando que algunxs quieran jugar a los h\u00e9roes matando a quienes luchan por acabar con el sistema asesino y de dominaci\u00f3n que nos explota a todxs.<\/p>\n<p style=\"text-align: justify\">S\u00f3lo espero que el miserable que dispar\u00f3 pague muy caro lo que ha hecho, y no me refiero a que le hayan arrestado y posiblemente vaya a prisi\u00f3n&#8230; Lxs ciudadanxs que act\u00faan como polic\u00edas, aunque no tengan uniforme, merecen el mismo trato y el mismo desprecio, pues reproducen los mismos roles de autoridad, fortalecen los mismos esquemas de opresi\u00f3n, basando su forma de actuar en los mismos valores despreciables en defensa del mismo asqueroso modelo social y econ\u00f3mico y para colmo lo hacen voluntariamente, porque ni siquiera cobran por ello.<\/p>\n<p style=\"text-align: justify\"><a href=\"https:\/\/vozcomoarma.noblogs.org\/files\/2015\/05\/2-jovenes-asesinados-valparaiso.jpg\"><img loading=\"lazy\" decoding=\"async\" class=\"aligncenter size-full wp-image-7961\" src=\"https:\/\/vozcomoarma.noblogs.org\/files\/2015\/05\/2-jovenes-asesinados-valparaiso.jpg\" alt=\"Asesinados Chile\" width=\"701\" height=\"768\" srcset=\"https:\/\/vozcomoarma.noblogs.org\/files\/2015\/05\/2-jovenes-asesinados-valparaiso.jpg 701w, https:\/\/vozcomoarma.noblogs.org\/files\/2015\/05\/2-jovenes-asesinados-valparaiso-274x300.jpg 274w\" sizes=\"auto, (max-width: 701px) 100vw, 701px\" \/><\/a><\/p>\n","protected":false},"excerpt":{"rendered":"<p>\u00abNo queremos ser ciudadanos, queremos quemar las ciudades degollando los monumentos de lxs que quisieron civilizarte\u00bb 8-9 Pu\u00f1aladas &#8211; A clavar los cuchillos Nota: La siguiente informaci\u00f3n procede en su mayor\u00eda de testimonios dispersos y un poco confusos publicados, y &hellip; <a href=\"https:\/\/vozcomoarma.noblogs.org\/?p=7959\">Sigue leyendo <span class=\"meta-nav\">&rarr;<\/span><\/a><\/p>\n","protected":false},"author":7045,"featured_media":0,"comment_status":"closed","ping_status":"open","sticky":false,"template":"","format":"standard","meta":{"footnotes":""},"categories":[61,9],"tags":[35,78,21,16,24,19],"class_list":["post-7959","post","type-post","status-publish","format-standard","hentry","category-noticias","category-noticias-y-comunicados","tag-asesinato-de-estado","tag-chile","tag-disturbios","tag-guerra-social","tag-reflexion","tag-represion"],"_links":{"self":[{"href":"https:\/\/vozcomoarma.noblogs.org\/index.php?rest_route=\/wp\/v2\/posts\/7959","targetHints":{"allow":["GET"]}}],"collection":[{"href":"https:\/\/vozcomoarma.noblogs.org\/index.php?rest_route=\/wp\/v2\/posts"}],"about":[{"href":"https:\/\/vozcomoarma.noblogs.org\/index.php?rest_route=\/wp\/v2\/types\/post"}],"author":[{"embeddable":true,"href":"https:\/\/vozcomoarma.noblogs.org\/index.php?rest_route=\/wp\/v2\/users\/7045"}],"replies":[{"embeddable":true,"href":"https:\/\/vozcomoarma.noblogs.org\/index.php?rest_route=%2Fwp%2Fv2%2Fcomments&post=7959"}],"version-history":[{"count":4,"href":"https:\/\/vozcomoarma.noblogs.org\/index.php?rest_route=\/wp\/v2\/posts\/7959\/revisions"}],"predecessor-version":[{"id":8055,"href":"https:\/\/vozcomoarma.noblogs.org\/index.php?rest_route=\/wp\/v2\/posts\/7959\/revisions\/8055"}],"wp:attachment":[{"href":"https:\/\/vozcomoarma.noblogs.org\/index.php?rest_route=%2Fwp%2Fv2%2Fmedia&parent=7959"}],"wp:term":[{"taxonomy":"category","embeddable":true,"href":"https:\/\/vozcomoarma.noblogs.org\/index.php?rest_route=%2Fwp%2Fv2%2Fcategories&post=7959"},{"taxonomy":"post_tag","embeddable":true,"href":"https:\/\/vozcomoarma.noblogs.org\/index.php?rest_route=%2Fwp%2Fv2%2Ftags&post=7959"}],"curies":[{"name":"wp","href":"https:\/\/api.w.org\/{rel}","templated":true}]}}