{"id":7964,"date":"2015-05-18T00:26:59","date_gmt":"2015-05-17T22:26:59","guid":{"rendered":"http:\/\/vozcomoarma.noblogs.org\/?p=7964"},"modified":"2015-05-18T00:31:04","modified_gmt":"2015-05-17T22:31:04","slug":"de-las-mazmorras-del-estado-espanol-hasta-las-calles-de-atenas-aportes-de-los-companeros-claudio-lavazza-y-francisco-solar-para-las-jornadas-de-resistencia-y-solidaridad-celebradas-en-grecia-a-finale","status":"publish","type":"post","link":"https:\/\/vozcomoarma.noblogs.org\/?p=7964","title":{"rendered":"De las mazmorras del Estado espa\u00f1ol hasta las calles de Atenas: Aportes de los compa\u00f1eros Claudio Lavazza y Francisco Solar para las Jornadas de Resistencia y Solidaridad celebradas en Grecia a finales de marzo"},"content":{"rendered":"<p style=\"text-align: justify\">Dejo a continuaci\u00f3n escritos de los compa\u00f1eros Claudio Lavazza (encarcelado por la expropiaci\u00f3n armada al Banco Santander en C\u00f3rdoba en el a\u00f1o 1996, y por la muerte de dos polic\u00edas locales que cayeron abatidas durante un tiroteo con el compa\u00f1ero cuando \u00e9ste intentaba hu\u00edr) y Francisco Solar (encarcelado bajo acusaciones de haber participado en los ataques contra la Bas\u00edlica del Pilar en Zaragoza y contra la Catedral de la Almudena, tras salir absuelto de un escandalosamente rid\u00edculo montaje jur\u00eddico, policial y medi\u00e1tico en Chile denominado Caso Bombas). Se trata de aportes que los compa\u00f1eros enviaron para su discusi\u00f3n dentro de las Jornadas de Resistencia y Solidaridad que se realizaron en Atenas entre el 26 y el 28 de marzo, organizadas por compa\u00f1erxs de la Asamblea de Solidaridad con lxs Presxs Pol\u00edticxs y lxs Luchadores Encarceladxs y Encausadxs:<\/p>\n<p style=\"text-align: justify\">&#8212;&#8212;&#8212;&#8212;&#8212;&#8212;&#8212;&#8212;&#8212;&#8212;-<\/p>\n<p style=\"text-align: justify\"><strong><em>Aportaci\u00f3n de Claudio Lavazza<\/em><\/strong><\/p>\n<p style=\"text-align: justify\"><em>\u00a1Queridxs compa\u00f1erxs!<\/em><\/p>\n<p style=\"text-align: justify\"><em>Antes de hablar de las condenas de larga duraci\u00f3n, de la situaci\u00f3n en el pasado de las c\u00e1rceles europeas, de los cambios que se han producido en los \u00faltimos a\u00f1os, de la situaci\u00f3n actual, de las experiencias de lucha, de los movimientos de solidaridad, de los reg\u00edmenes de encierro especiales, de la legislaci\u00f3n antiterrorista y de objetivos del movimiento\u2026 Creo conveniente que hable de mi experiencia de casi 20 a\u00f1os de c\u00e1rcel. Desgraciadamente lxs que viven fuera de estos muros no tienen la informaci\u00f3n necesaria para entender bien esta realidad, y no por su culpa, sino por la dificultad de hablar de temas tan complejos y de dif\u00edcil an\u00e1lisis.<\/em><\/p>\n<p style=\"text-align: justify\"><em>Hace poco, cuando algunxs compa\u00f1erxs de Su\u00edza me preguntaban acerca \u201cde las nuevas estrategias represivas para eliminar a lxs que eligen no doblegarse al Dominio y a la miseria del existente\u201d, yo les contestaba que lxs que no quieren doblegarse son una peque\u00f1a minor\u00eda, y si digo que lxs afectadxs representan tan s\u00f3lo un 15%, ando con un porcentaje muy optimista\u2026 Sobre una poblaci\u00f3n de 85000 presxs, a m\u00e1s del 85% les importa muy poco que intenten eliminar su rebeld\u00eda, porque son parte del sistema, aceptando estar presxs como el menor de sus males. No est\u00e1n en la c\u00e1rcel por una ideolog\u00eda, sino por asuntos que nada tienen que ver con las luchas por un sistema social mejor del que tenemos\u2026 Son v\u00edctimas y esclavxs de este sistema que reprime, pero no luchan para cambiarlo, s\u00f3lo se adaptan e intentan salir al paso. As\u00ed que las medidas represivas, los reg\u00edmenes y legislaciones especiales van dirigidas exclusivamente a lxs presxs encarceladxs por delitos considerados ideol\u00f3gicamente \u201cpeligrosos y violentos\u201d por el sistema y sus leyes. En las c\u00e1rceles del Estado espa\u00f1ol son pocxs lxs que han luchado y siguen luchando para mantener altos los valores y derechos de lxs presxs y una prueba de lo que digo es que en la campa\u00f1a de lucha contra las torturas y malos tratos empezada en octubre de 2011 no hemos podido superar el n\u00famero de 60 participantes, repartidxs en m\u00e1s de veinte c\u00e1rceles del estado. En estas luchas hubo una curiosa mezcla de presxs comunes y pol\u00edticxs de distinta ideolog\u00eda, que marcaron la sencillez de una presencia conjunta en luchas por el bien de todxs. Lo que podr\u00edamos llamar una conexi\u00f3n entre luchas de presxs que comparten una misma represi\u00f3n. Estxs participantes pagaron y siguen pagando un alto precio por su presencia en las luchas, con aislamientos prolongados, intervenci\u00f3n del correo con limitaci\u00f3n a dos cartas semanales, visitas de amigxs restringidas, malos tratos y frecuentes palizas, no entrega de cualquier panfleto o revista del movimiento\u00a0 por \u201cmotivos de seguridad\u201d, denegaci\u00f3n de llamadas telef\u00f3nicas a grupos de apoyo de la calle, desaparici\u00f3n del correo a la entrada y salida del centro penitenciario, sanciones de castigo por participar en iniciativas de protestas como plantes, huelgas de patio o de hambre, traslados arbitrarios de un centro penitenciario a otro con motivos de alejamiento de lxs familiares, amigxs y grupos de apoyo&#8230;<\/em><\/p>\n<p style=\"text-align: justify\"><em>Referente a las condenas de larga duraci\u00f3n, en Espa\u00f1a, con la entrada de los nuevos c\u00f3digos te puedes quedar en la c\u00e1rcel 20, 25, 30 o incluso 40 a\u00f1os, sin redenciones. Ahora van a poner la \u201ccadena perpetua revisable\u201d, que de revisable no tiene nada si eres un\/a rebelde que no quiere entrar en las din\u00e1micas de arrepentimiento y reinserci\u00f3n social, seg\u00fan los modelos dictados por el poder. O sea, que si el sistema de control y dominio no quiere, te pudres en la c\u00e1rcel, hasta el fin de tus d\u00edas. La cadena perpetua revisable no es otra cosa que una campa\u00f1a publicitaria en vista de las pr\u00f3ximas elecciones, visto que ya existe una cadena perpetua en anteriores c\u00f3digos penales fijando el l\u00edmite en 40 a\u00f1os por delitos que al principio dec\u00edan ser de extrema gravedad (violaciones y asesinatos en serie, genocidios\u2026), pero en seguida la aplicaron tambi\u00e9n a delitos relacionados con las luchas de los movimientos de liberaci\u00f3n e independentistas.<\/em><\/p>\n<p style=\"text-align: justify\"><em>En cuanto a las nuevas medidas empleadas en la comunidad europea referente a terapias, dirigidas a la \u201creinserci\u00f3n del\/de la presx\u201d, yo lo definir\u00eda como un ataque y, desde luego, de \u201calta intensidad\u201d y como una represi\u00f3n especial, aplicados tambi\u00e9n fuera de los departamentos especiales llamados FIES (Fichero de Internxs de Especial Seguimiento), tan dram\u00e1ticamente conocidos por las luchas llevadas a cabo en a\u00f1os anteriores. O sea, que los cambios represivos producidos en los \u00faltimos a\u00f1os han sido la utilizaci\u00f3n de m\u00e9todos de control y castigo a una escala m\u00e1s amplia, m\u00e1s refinada y m\u00e1s selectiva, que toca tambi\u00e9n a presxs en segundo grado, sin olvidar que los departamentos FIES siguen all\u00ed, con sus m\u00e9todos de dura represi\u00f3n, por los que han luchado y siguen luchando.<\/em><\/p>\n<p style=\"text-align: justify\"><em>En fin, en el panorama de las c\u00e1rceles en Espa\u00f1a, se puede hablar de luchas que s\u00f3lo unxs pocxs llevan a cabo y los objetivos del movimiento de apoyo en las actuales circunstancias son de dif\u00edcil soluci\u00f3n, dada la evoluci\u00f3n destructiva puesta en marcha, con la represi\u00f3n, por un lado, y sobre todo con el empleo masivo de psicof\u00e1rmacos y metadona, drogas legales de gran eficacia para mantener bajo control al\/a la presx\u2026 Desde hace tiempo esta din\u00e1mica destructiva es la causa de que no haya luchas masivas y solidarias.<\/em><\/p>\n<p style=\"text-align: justify\"><em>Pero no solamente existe este problema como causa principal de la falta de luchas, sino que hay otro, de car\u00e1cter social, que se vive fuera y que su reflejo repercute aqu\u00ed dentro. Una revista francesa comentaba sobre \u201cel peligro de transformar la anarqu\u00eda en un conjunto de pr\u00e1cticas alternativas sin contenido ofensivo contra el poder, una realidad alimentada a trav\u00e9s de valores democr\u00e1ticos como la diversidad, la tolerancia, el pluralismo, la integraci\u00f3n econ\u00f3mica y el consumo alternativo.\u201d En las c\u00e1rceles eso se traduce con reinserci\u00f3n, m\u00f3dulos de respeto, condicional adelantada, tercer grado, beneficios \u00e9stos que implican un buen comportamiento para obtenerlos y disfrutarlos\u2026 Obviamente la contestaci\u00f3n individual y las luchas colectivas antag\u00f3nicas a esos beneficios son duramente castigados\u2026<\/em><\/p>\n<p style=\"text-align: justify\"><em>Siguiendo la l\u00ednea cr\u00edtica de la revista francesa que comento dec\u00eda que \u201chay algunos grupos anarquistas que de un modo inconsciente o consciente se alejan del antagonismo y del conflicto permanente contra el Poder, silenciando la necesidad de la destrucci\u00f3n y ataque directo contra la autoridad, o en el peor de los casos, realizando campa\u00f1as con el fin de lavar la imagen del anarquismo, present\u00e1ndose como pat\u00e9ticos defensores de una ideolog\u00eda que ya nada tiene que ver con la confrontaci\u00f3n contra el Poder\u2026\u201d<\/em><\/p>\n<p style=\"text-align: justify\"><em>Creo que en esta cr\u00edtica est\u00e1 la respuesta al por qu\u00e9 hay tan pocas ganas de luchar, tanto aqu\u00ed dentro como all\u00ed fuera, y vendr\u00eda bien por parte de todxs incluir estas cuestiones en los debates internos sobre \u201ccu\u00e1les deber\u00edan ser los objetivos del movimiento referente a conexiones entre las luchas de lxs presxs pol\u00edticxs, el movimiento de solidaridad y las luchas de los movimientos m\u00e1s amplios\u201d.<\/em><\/p>\n<p style=\"text-align: justify\"><em>Desde la c\u00e1rcel un fuerte abrazo.<\/em><\/p>\n<p style=\"text-align: justify\">&#8212;&#8212;&#8212;&#8212;&#8212;&#8212;&#8212;&#8212;&#8212;&#8212;-<\/p>\n<p style=\"text-align: justify\"><strong><em>Aportaci\u00f3n de Francisco Solar<\/em><\/strong><\/p>\n<p style=\"text-align: justify\"><em>\u00a1Compa\u00f1erxs!<\/em><\/p>\n<p style=\"text-align: justify\"><em>Tratando de aportar, aunque s\u00f3lo con este breve texto, a las jornadas que ustedes organizan estos d\u00edas en Atenas, voy a basarme en mis propias experiencias carcelarias, tanto en Chile como en Espa\u00f1a.<\/em><\/p>\n<p style=\"text-align: justify\"><em>Parto de la base, obviamente, de lo poco que conozco ambas realidades; s\u00f3lo puedo hacer referencia al r\u00e9gimen de aislamiento, ya que en m\u00f3dulos no he estado \u201cviviendo\u201d, salvo un par de d\u00edas estando de tr\u00e1nsito y el mes y medio que estuve en el CAS (Chile) que, por lo menos en cuanto a la arquitectura, es id\u00e9ntico a los m\u00f3dulos de aqu\u00ed. Tambi\u00e9n hay que tomar en cuenta que en las dos situaciones fuimos y somos presxs \u201cespeciales\u201d lo cual nos afecta directamente en la cotidianeidad y por lo tanto en nuestra percepci\u00f3n de la c\u00e1rcel.<\/em><\/p>\n<p style=\"text-align: justify\"><em>En general el r\u00e9gimen de m\u00e1xima seguridad de Chile se parece mucho a lo que es un primer grado (aislamiento) de Espa\u00f1a; la presencia del funcionario es permanente, los cacheos son diarios cada vez que sales de la celda y los espacios son sumamente reducidos. Las diferencias, en este sentido, son s\u00f3lo de forma: ac\u00e1 hay m\u00e1s horas de patio, posibilidades de gimnasio y m\u00e1s recursos en cuanto a la calidad y cantidad de comida, posibilidad de asistencia m\u00e9dica una vez por semana y m\u00e1s cosas que en Chile son impensables.<\/em><\/p>\n<p style=\"text-align: justify\"><em>Pero el sentido, o el fondo, es el mismo: intentar ejercer un control total sobre el\/la presx con el claro prop\u00f3sito de desvincularlx de su entorno (en nuestro caso pol\u00edtico), y as\u00ed quebrarlo en sus ideas que se reflejan en pr\u00e1cticas determinadas. Este control, a mi modo de ver, es m\u00e1s riguroso o eficiente en esta parte del mundo, materializ\u00e1ndose principalmente en nuestras comunicaciones: desde las publicaciones, art\u00edculos y\/o revistas que proh\u00edben entrar, como en el contacto f\u00edsico (visitas, vis a vis) con la gente cercana. En la c\u00e1rcel de m\u00e1xima seguridad chilena ten\u00edamos visitas vis a vis tres horas por semana y otras tres horas m\u00e1s por locutorio que nosotrxs por dignidad no utiliz\u00e1bamos. En el CAS son 7 horas a la semana (un d\u00eda completo casi) donde pueden ir la familia y lxs amigxs, y la visita \u00edntima tambi\u00e9n es de 7 horas, 2 veces al mes. Esto aqu\u00ed es impensable. El r\u00e9gimen carcelario aqu\u00ed es diferente; no existen los vis a vis con amigos, los vis a vis \u00edntimos y los familiares son de 2 horas al mes. Este r\u00e9gimen se caracteriza por el contacto no presencial del\/de la presx con \u201cla calle\u201d, cortando toda proximidad, dando prioridad a las comunicaciones impersonales como pueden ser las llamadas telef\u00f3nicas (8 de 5 minutos a la semana, si tienes dinero) y las cartas (2 a la semana), ambas cosas, por supuesto, intervenidas.<\/em><\/p>\n<p style=\"text-align: justify\"><em>La cantidad de medicaci\u00f3n que la instituci\u00f3n carcelaria le mete a lxs presxs es incre\u00edble. Es evidentemente una pol\u00edtica carcelaria, es parte fundamental de este r\u00e9gimen. Pr\u00e1cticamente el 90% de lxs presxs toma alg\u00fan tipo de medicaci\u00f3n que por lo general les deja \u201czombis\u201d pasando a constitu\u00edrse en el tema y la din\u00e1mica principal del mundo carcelario. Toda la dignidad de lxs presxs se esfuma en las pastillas, adem\u00e1s de aniquilarlxs mentalmente lo que influye en su conducta. Este hecho, pienso, determina negativamente cualquier posibilidad reivindicativa dentro de la prisi\u00f3n, por lo menos yo no he visto ning\u00fan atisbo de plantearse reivindicaciones, lo que en Chile s\u00ed que pude presenciar y tambi\u00e9n participar. No s\u00e9 d\u00f3nde lo le\u00ed, pero se me viene a la cabeza constantemente y estoy muy de acuerdo: \u201cLas c\u00e1rceles reflejan a la sociedad\u201d, y el comportamiento de lxs presxs de este pa\u00eds refleja en gran medida la conducta de lxs amn\u00e9sicxs, alienadxs y pacificadxs consumidorxs del Reino de Espa\u00f1a.<\/em><\/p>\n<p style=\"text-align: justify\"><em>Uno de los elementos m\u00e1s perversos y m\u00e1s propios de la realidad carcelaria del Estado espa\u00f1ol es el hecho de la dispersi\u00f3n. El hecho de estar a 700 o 1000 km de tu gente querida, de tu entorno m\u00e1s cercano es una forma ampliada de castigo y no s\u00f3lo al\/a la presx: a la familia y compa\u00f1erxs que cada semana cruzan la pen\u00ednsula para hacer una visita. Es una forma m\u00e1s de aislamiento y uno de los desaf\u00edos de la solidaridad. Y tambi\u00e9n un factor importante que afecta a cualquier iniciativa de lucha. Los traslados son algo establecido dentro del r\u00e9gimen carcelario. Existe todo un aparato destinado a tal actividad, m\u00e1s a\u00fan, creo que hoy por hoy una de las principales tareas de la Guardia Civil es precisamente esa: dedicarse al traslado de presxs. Resulta sorprendente estar en la c\u00e1rcel madrile\u00f1a de Valdemoro (donde pasan todas las conducciones de Espa\u00f1a) y ver llegar constantemente autobuses de la Guardia Civil cargados de presxs de todo el pa\u00eds y por las razones m\u00e1s diversas.<\/em><\/p>\n<p style=\"text-align: justify\"><em>Cada letra c\u00f3mplice, cada gesto solidario, cada sonrisa detr\u00e1s de los cristales, cada palabra insumisa hace que lo que antes provocaba miedo y respeto, lejos de intimidar, hoy alienta y anima. Cuanto m\u00e1s aprendemos a conocernos m\u00e1s nos re\u00edmos de lo que pens\u00e1bamos que era insuperable, y podemos con nuestra obstinaci\u00f3n saltar elevadas barreras y destruir gruesos muros, eliminar el aislamiento y romper la incomunicaci\u00f3n.<\/em><\/p>\n<p style=\"text-align: justify\"><em>La vida es, entre otras cosas, un constante intento por superar obst\u00e1culos y la c\u00e1rcel es uno de ellos. Un obst\u00e1culo duro que precisa ser destruido junto con el mundo que lo sustenta, junto con el Estado que limita y subordina. Es un obst\u00e1culo que supera el espacio f\u00edsico que lo representa siendo parte de las relaciones impuestas por el Poder basadas en la enajenaci\u00f3n de nuestras vidas. Es, en definitiva, el fundamento de la sociedad.<\/em><\/p>\n<p style=\"text-align: justify\"><em>As\u00ed, todo intento por tomar el control de nuestra experiencia es, por lo tanto, un intento por romper con el dominio carcelario. Cada destello de libertad que surge del enfrentamiento contra el Poder agrieta el molde de la civilizaci\u00f3n y le imprime contenido a la idea\/consigna: un\/a anarquista en prisi\u00f3n nunca est\u00e1 solx.<\/em><\/p>\n<p style=\"text-align: justify\"><em>\u00a1Fuerza a lxs compa\u00f1erxs en huelga de hambre!<\/em><\/p>\n<p><a href=\"https:\/\/vozcomoarma.noblogs.org\/files\/2015\/05\/url.jpg\"><img loading=\"lazy\" decoding=\"async\" class=\"aligncenter size-full wp-image-7965\" src=\"https:\/\/vozcomoarma.noblogs.org\/files\/2015\/05\/url.jpg\" alt=\"url\" width=\"482\" height=\"289\" srcset=\"https:\/\/vozcomoarma.noblogs.org\/files\/2015\/05\/url.jpg 482w, https:\/\/vozcomoarma.noblogs.org\/files\/2015\/05\/url-300x180.jpg 300w\" sizes=\"auto, (max-width: 482px) 100vw, 482px\" \/><\/a><\/p>\n","protected":false},"excerpt":{"rendered":"<p>Dejo a continuaci\u00f3n escritos de los compa\u00f1eros Claudio Lavazza (encarcelado por la expropiaci\u00f3n armada al Banco Santander en C\u00f3rdoba en el a\u00f1o 1996, y por la muerte de dos polic\u00edas locales que cayeron abatidas durante un tiroteo con el compa\u00f1ero &hellip; <a href=\"https:\/\/vozcomoarma.noblogs.org\/?p=7964\">Sigue leyendo <span class=\"meta-nav\">&rarr;<\/span><\/a><\/p>\n","protected":false},"author":7045,"featured_media":0,"comment_status":"closed","ping_status":"open","sticky":false,"template":"","format":"standard","meta":{"footnotes":""},"categories":[58,132,159,61,9],"tags":[17,78,16,24,19,11],"class_list":["post-7964","post","type-post","status-publish","format-standard","hentry","category-acciones","category-acusadxs-comando-mateo-morral","category-claudio-lavazza","category-noticias","category-noticias-y-comunicados","tag-carcel","tag-chile","tag-guerra-social","tag-reflexion","tag-represion","tag-solidaridad"],"_links":{"self":[{"href":"https:\/\/vozcomoarma.noblogs.org\/index.php?rest_route=\/wp\/v2\/posts\/7964","targetHints":{"allow":["GET"]}}],"collection":[{"href":"https:\/\/vozcomoarma.noblogs.org\/index.php?rest_route=\/wp\/v2\/posts"}],"about":[{"href":"https:\/\/vozcomoarma.noblogs.org\/index.php?rest_route=\/wp\/v2\/types\/post"}],"author":[{"embeddable":true,"href":"https:\/\/vozcomoarma.noblogs.org\/index.php?rest_route=\/wp\/v2\/users\/7045"}],"replies":[{"embeddable":true,"href":"https:\/\/vozcomoarma.noblogs.org\/index.php?rest_route=%2Fwp%2Fv2%2Fcomments&post=7964"}],"version-history":[{"count":2,"href":"https:\/\/vozcomoarma.noblogs.org\/index.php?rest_route=\/wp\/v2\/posts\/7964\/revisions"}],"predecessor-version":[{"id":7967,"href":"https:\/\/vozcomoarma.noblogs.org\/index.php?rest_route=\/wp\/v2\/posts\/7964\/revisions\/7967"}],"wp:attachment":[{"href":"https:\/\/vozcomoarma.noblogs.org\/index.php?rest_route=%2Fwp%2Fv2%2Fmedia&parent=7964"}],"wp:term":[{"taxonomy":"category","embeddable":true,"href":"https:\/\/vozcomoarma.noblogs.org\/index.php?rest_route=%2Fwp%2Fv2%2Fcategories&post=7964"},{"taxonomy":"post_tag","embeddable":true,"href":"https:\/\/vozcomoarma.noblogs.org\/index.php?rest_route=%2Fwp%2Fv2%2Ftags&post=7964"}],"curies":[{"name":"wp","href":"https:\/\/api.w.org\/{rel}","templated":true}]}}