{"id":7974,"date":"2015-05-18T02:20:01","date_gmt":"2015-05-18T00:20:01","guid":{"rendered":"http:\/\/vozcomoarma.noblogs.org\/?p=7974"},"modified":"2015-05-18T02:35:15","modified_gmt":"2015-05-18T00:35:15","slug":"chile-cronica-de-la-manifestacion-por-el-cierre-del-zoologico-de-santiago-de-chile","status":"publish","type":"post","link":"https:\/\/vozcomoarma.noblogs.org\/?p=7974","title":{"rendered":"Chile &#8211; Cr\u00f3nica de la manifestaci\u00f3n por el cierre del zool\u00f3gico de Santiago de Chile"},"content":{"rendered":"<p style=\"text-align: justify\">Tras recogerla de <a href=\"http:\/\/es.contrainfo.espiv.net\/2015\/05\/16\/chile-resumen-de-la-marcha-por-el-cierre-del-zoologico-metropolitano-de-santiago\/\">Contra Info<\/a>, sigue a continuaci\u00f3n una cr\u00f3nica de la manifestaci\u00f3n que el pasado 9 de mayo tuvo lugar en la capital chilena para exigir el cierre del zool\u00f3gico. Durante esta mani, convocada en principio por un colectivo animalista de tipo reformista y legalista, compa\u00f1erxs anarquistas habr\u00edan irrumpido desobedeciendo las indicaciones policiales y difundiendo propaganda por la liberaci\u00f3n total y llamando a conectar la lucha por el fin de la explotaci\u00f3n de animales no-humanxs con la lucha por la destrucci\u00f3n del sistema que explota a lxs humanxs y a la Naturaleza:<\/p>\n<p>&#8212;&#8212;&#8212;&#8212;&#8212;&#8212;&#8212;&#8212;-<\/p>\n<p style=\"text-align: justify\"><em>El d\u00eda s\u00e1bado 9 de agosto, un colectivo animalista convoc\u00f3 a marchar por el cierre del Zool\u00f3gico Metropolitano de Santiago. Si bien el colectivo convocante ha convocado a otras manifestaciones desarrollando pr\u00e1cticas legalistas (como la recolecci\u00f3n de firmas contra la Ley de Caza), decidimos intervenir la manifestaci\u00f3n con nuestras ideas an\u00e1rquicas contra toda forma de dominaci\u00f3n.<\/em><\/p>\n<p style=\"text-align: justify\"><em>En momentos en que lxs manifestantes, principalmente j\u00f3venes, pusieron un pie en la avenida principal de Santiago (la \u201cAlameda\u201d), apareci\u00f3 un enorme contingente de las Fuerzas Especiales de la polic\u00eda, atacando con carros lanza aguas y empujones para que la marcha se desarrollara por la acera.<\/em><\/p>\n<p style=\"text-align: justify\"><em>Finalmente, luego de desobedecer a las fuerzas policiales y ocupar por varios minutos otras calles del centro de la ciudad gritando consignas animalistas y antipoliciales, lxs represorxs lograron disolver la manifestaci\u00f3n llev\u00e1ndose detenidxs (seg\u00fan comentaron algunxs manifestantes) a algunas personas que sacaban fotograf\u00edas para documentar la manifestaci\u00f3n.<\/em><\/p>\n<p style=\"text-align: justify\"><em>En medio de todo esto compa\u00f1erxs an\u00e1rquicxs arrojaron volantes por el desborde de las luchas espec\u00edficas, apuntando a la destrucci\u00f3n de toda forma de poder, la cual fue bien recibida entre muchxs de lxs presentes.<\/em><\/p>\n<p style=\"text-align: justify\"><em>SOLIDARIDAD Y ACCI\u00d3N CON QUIENES RESISTEN AL INTERIOR DE LAS JAULAS PARA HUMANXS Y ANIMALES.<\/em><\/p>\n<p style=\"text-align: justify\"><em>CONTRA EL ZOOL\u00d3GICO Y TODA FORMA DE ENCIERRO Y DOMINACI\u00d3N<\/em><br \/>\n<em> AGITACI\u00d3N CALLEJERA Y SABOTAJE ANTIAUTORITARIO.<\/em><\/p>\n<p style=\"text-align: justify\"><a href=\"https:\/\/vozcomoarma.noblogs.org\/files\/2015\/05\/liberacion-total1.jpg\"><img loading=\"lazy\" decoding=\"async\" class=\"aligncenter size-full wp-image-7976\" src=\"https:\/\/vozcomoarma.noblogs.org\/files\/2015\/05\/liberacion-total1.jpg\" alt=\"liberacion-total1\" width=\"494\" height=\"646\" srcset=\"https:\/\/vozcomoarma.noblogs.org\/files\/2015\/05\/liberacion-total1.jpg 494w, https:\/\/vozcomoarma.noblogs.org\/files\/2015\/05\/liberacion-total1-229x300.jpg 229w\" sizes=\"auto, (max-width: 494px) 100vw, 494px\" \/><\/a> <a href=\"https:\/\/vozcomoarma.noblogs.org\/files\/2015\/05\/liberacion-total2.jpg\"><img loading=\"lazy\" decoding=\"async\" class=\"aligncenter size-full wp-image-7977\" src=\"https:\/\/vozcomoarma.noblogs.org\/files\/2015\/05\/liberacion-total2.jpg\" alt=\"liberacion-total2\" width=\"531\" height=\"669\" srcset=\"https:\/\/vozcomoarma.noblogs.org\/files\/2015\/05\/liberacion-total2.jpg 531w, https:\/\/vozcomoarma.noblogs.org\/files\/2015\/05\/liberacion-total2-238x300.jpg 238w\" sizes=\"auto, (max-width: 531px) 100vw, 531px\" \/><\/a><\/p>\n","protected":false},"excerpt":{"rendered":"<p>Tras recogerla de Contra Info, sigue a continuaci\u00f3n una cr\u00f3nica de la manifestaci\u00f3n que el pasado 9 de mayo tuvo lugar en la capital chilena para exigir el cierre del zool\u00f3gico. Durante esta mani, convocada en principio por un colectivo &hellip; <a href=\"https:\/\/vozcomoarma.noblogs.org\/?p=7974\">Sigue leyendo <span class=\"meta-nav\">&rarr;<\/span><\/a><\/p>\n","protected":false},"author":7045,"featured_media":0,"comment_status":"closed","ping_status":"open","sticky":false,"template":"","format":"standard","meta":{"footnotes":""},"categories":[58,61,9],"tags":[47,39,78,16,42,24,19],"class_list":["post-7974","post","type-post","status-publish","format-standard","hentry","category-acciones","category-noticias","category-noticias-y-comunicados","tag-anti-desarrollismo","tag-anti-especismo","tag-chile","tag-guerra-social","tag-movimientos-sociales","tag-reflexion","tag-represion"],"_links":{"self":[{"href":"https:\/\/vozcomoarma.noblogs.org\/index.php?rest_route=\/wp\/v2\/posts\/7974","targetHints":{"allow":["GET"]}}],"collection":[{"href":"https:\/\/vozcomoarma.noblogs.org\/index.php?rest_route=\/wp\/v2\/posts"}],"about":[{"href":"https:\/\/vozcomoarma.noblogs.org\/index.php?rest_route=\/wp\/v2\/types\/post"}],"author":[{"embeddable":true,"href":"https:\/\/vozcomoarma.noblogs.org\/index.php?rest_route=\/wp\/v2\/users\/7045"}],"replies":[{"embeddable":true,"href":"https:\/\/vozcomoarma.noblogs.org\/index.php?rest_route=%2Fwp%2Fv2%2Fcomments&post=7974"}],"version-history":[{"count":1,"href":"https:\/\/vozcomoarma.noblogs.org\/index.php?rest_route=\/wp\/v2\/posts\/7974\/revisions"}],"predecessor-version":[{"id":7978,"href":"https:\/\/vozcomoarma.noblogs.org\/index.php?rest_route=\/wp\/v2\/posts\/7974\/revisions\/7978"}],"wp:attachment":[{"href":"https:\/\/vozcomoarma.noblogs.org\/index.php?rest_route=%2Fwp%2Fv2%2Fmedia&parent=7974"}],"wp:term":[{"taxonomy":"category","embeddable":true,"href":"https:\/\/vozcomoarma.noblogs.org\/index.php?rest_route=%2Fwp%2Fv2%2Fcategories&post=7974"},{"taxonomy":"post_tag","embeddable":true,"href":"https:\/\/vozcomoarma.noblogs.org\/index.php?rest_route=%2Fwp%2Fv2%2Ftags&post=7974"}],"curies":[{"name":"wp","href":"https:\/\/api.w.org\/{rel}","templated":true}]}}