{"id":8001,"date":"2015-05-18T17:24:41","date_gmt":"2015-05-18T15:24:41","guid":{"rendered":"http:\/\/vozcomoarma.noblogs.org\/?p=8001"},"modified":"2016-02-21T05:53:04","modified_gmt":"2016-02-21T04:53:04","slug":"chile-presos-subversivos-en-huelga-de-hambre-en-solidaridad-con-la-huelga-de-nataly-guillermo-y-juan","status":"publish","type":"post","link":"https:\/\/vozcomoarma.noblogs.org\/?p=8001","title":{"rendered":"Chile &#8211; Presos subversivos en huelga de hambre en solidaridad con la huelga de Nataly, Guillermo y Juan"},"content":{"rendered":"<div class=\"post-bodycopy clearfix\">\n<p style=\"text-align: justify\">El siguiente comunicado informa de que los compa\u00f1eros del Caso Security junto a los compa\u00f1eros Hans Niemeyer, Alejandro Astorga y Alfredo Canales, se han puesto en huelga de hambre en solidaridad con la que ya emprendieron hace algunas semanas lxs compa\u00f1erxs Nataly Casanova, Juan Flores y Guillermo Dur\u00e1n:<\/p>\n<p style=\"text-align: justify\">&#8212;&#8212;&#8212;&#8212;&#8212;&#8212;&#8212;&#8211;<\/p>\n<p style=\"text-align: justify\"><em>Compa\u00f1erxs Informamos:<\/em><\/p>\n<p style=\"text-align: justify\"><em>Que como subversivos que habitamos la C\u00e1rcel de Alta Seguridad desde las 00:00 horas de hoy, 18 de mayo de 2015, nos sumamos a la huelga de hambre que han asumido como forma de lucha Juan Flores, Guillermo Dur\u00e1n y Nataly Casanova.<\/em><\/p>\n<p style=\"text-align: justify\"><em>Que lo hacemos con un profundo sentimiento de solidaridad anticarcelaria y que levantamos los mismos requerimientos que nuestrxs compa\u00f1erxs que ya completan 34 dias en Huelga de Hambre:<\/em><\/p>\n<p style=\"text-align: justify\"><em>\u2013 La excarcelaci\u00f3n inmediata de Enrique Alfonso Guzm\u00e1n Amadeo, teniendo en consideraci\u00f3n la rid\u00edcula acusaci\u00f3n y delirantes pruebas presentadas por fiscal\u00eda.<\/em><\/p>\n<p style=\"text-align: justify\"><em>\u2013 Exigimos la soluci\u00f3n inmediata a la situaci\u00f3n de nuestra compa\u00f1era Nataly Antonieta Casanova Mu\u00f1oz, ya que desde su llegada al penal de San Miguel, se encuentra en r\u00e9gimen de castigo y aislamiento severo.<\/em><\/p>\n<p style=\"text-align: justify\"><em>\u2013 Exigimos el cese al hostigamiento y persecuciones que las fuerzas represivas han desatado contra nuestro entorno mas cercano.<\/em><\/p>\n<p style=\"text-align: justify\"><em>\u2013 Establecer la validez cient\u00edfica de las pruebas de ADN.<\/em><\/p>\n<p style=\"text-align: justify\"><em>LLAMAMOS ENTONCES A LA PROPAGANDA POR TODOS LOS MEDIOS<\/em><\/p>\n<p style=\"text-align: justify\"><em>Contra Toda Autoridad: Guerra Social.<\/em><\/p>\n<p style=\"text-align: justify\"><em>Juventud Combatiente, Insurrecci\u00f3n Permanente<\/em><br \/>\n<em> Mientras Exista Miseria Habr\u00e1 Rebeli\u00f3n<\/em><\/p>\n<p style=\"text-align: justify\"><em>Marcelo Villarroel<\/em><br \/>\n<em> Freddy Fuentevilla<\/em><br \/>\n<em> Carlos Guti\u00e9rrez<\/em><br \/>\n<em> Juan Aliste<\/em><br \/>\n<em> Alejandro Astorga<\/em><br \/>\n<em> Hans Niemeyer<\/em><br \/>\n<em> Alfredo Canales<\/em><\/p>\n<p style=\"text-align: justify\"><em>C\u00e1rcel de Alta Seguridad<\/em><br \/>\n<em> Santiago Chile<\/em><\/p>\n<\/div>\n","protected":false},"excerpt":{"rendered":"<p>El siguiente comunicado informa de que los compa\u00f1eros del Caso Security junto a los compa\u00f1eros Hans Niemeyer, Alejandro Astorga y Alfredo Canales, se han puesto en huelga de hambre en solidaridad con la que ya emprendieron hace algunas semanas lxs &hellip; <a href=\"https:\/\/vozcomoarma.noblogs.org\/?p=8001\">Sigue leyendo <span class=\"meta-nav\">&rarr;<\/span><\/a><\/p>\n","protected":false},"author":7045,"featured_media":0,"comment_status":"closed","ping_status":"open","sticky":false,"template":"","format":"standard","meta":{"footnotes":""},"categories":[58,103,85,61,9,7],"tags":[17,78,16,24,19,11],"class_list":["post-8001","post","type-post","status-publish","format-standard","hentry","category-acciones","category-caso-security","category-hans-niemeyer","category-noticias","category-noticias-y-comunicados","category-presxs","tag-carcel","tag-chile","tag-guerra-social","tag-reflexion","tag-represion","tag-solidaridad"],"_links":{"self":[{"href":"https:\/\/vozcomoarma.noblogs.org\/index.php?rest_route=\/wp\/v2\/posts\/8001","targetHints":{"allow":["GET"]}}],"collection":[{"href":"https:\/\/vozcomoarma.noblogs.org\/index.php?rest_route=\/wp\/v2\/posts"}],"about":[{"href":"https:\/\/vozcomoarma.noblogs.org\/index.php?rest_route=\/wp\/v2\/types\/post"}],"author":[{"embeddable":true,"href":"https:\/\/vozcomoarma.noblogs.org\/index.php?rest_route=\/wp\/v2\/users\/7045"}],"replies":[{"embeddable":true,"href":"https:\/\/vozcomoarma.noblogs.org\/index.php?rest_route=%2Fwp%2Fv2%2Fcomments&post=8001"}],"version-history":[{"count":2,"href":"https:\/\/vozcomoarma.noblogs.org\/index.php?rest_route=\/wp\/v2\/posts\/8001\/revisions"}],"predecessor-version":[{"id":8109,"href":"https:\/\/vozcomoarma.noblogs.org\/index.php?rest_route=\/wp\/v2\/posts\/8001\/revisions\/8109"}],"wp:attachment":[{"href":"https:\/\/vozcomoarma.noblogs.org\/index.php?rest_route=%2Fwp%2Fv2%2Fmedia&parent=8001"}],"wp:term":[{"taxonomy":"category","embeddable":true,"href":"https:\/\/vozcomoarma.noblogs.org\/index.php?rest_route=%2Fwp%2Fv2%2Fcategories&post=8001"},{"taxonomy":"post_tag","embeddable":true,"href":"https:\/\/vozcomoarma.noblogs.org\/index.php?rest_route=%2Fwp%2Fv2%2Ftags&post=8001"}],"curies":[{"name":"wp","href":"https:\/\/api.w.org\/{rel}","templated":true}]}}