{"id":8099,"date":"2015-05-27T16:03:40","date_gmt":"2015-05-27T14:03:40","guid":{"rendered":"http:\/\/vozcomoarma.noblogs.org\/?p=8099"},"modified":"2015-05-27T16:03:40","modified_gmt":"2015-05-27T14:03:40","slug":"fiesta-de-presentacion-de-la-nueva-programacion-de-la-radio-kalimera-radio-libre-de-compostela","status":"publish","type":"post","link":"https:\/\/vozcomoarma.noblogs.org\/?p=8099","title":{"rendered":"Fiesta de presentaci\u00f3n de la nueva programaci\u00f3n de la Radio Kalimera, radio libre de Compostela"},"content":{"rendered":"<p style=\"text-align: justify\">Lxs compas de <a href=\"http:\/\/akalimera.org\/\">Radio Kalimera<\/a>, emisora autogestionada de radio libre de Santiago de Compostela (Galiza) organizan en el Centro Social Okupado y Autogestionado Esc\u00e1rnio e Maldizer, en la calle Algalia de Arriba de la misma ciudad (al lado de la plaza de Cervantes, en el casco viejo) una fiesta para el pr\u00f3ximo viernes 29 de mayo, donde presentar\u00e1n su nueva programaci\u00f3n.<\/p>\n<p style=\"text-align: justify\">Como apuntan lxs compas, durante la jornada habr\u00e1 foliada, cena vegana, karaoke, concierto sorpresa y diversi\u00f3n garantizada.<\/p>\n<p style=\"text-align: justify\"><a href=\"https:\/\/vozcomoarma.noblogs.org\/files\/2015\/05\/11014687_848194658581438_3362866833406123875_n.jpg\"><img loading=\"lazy\" decoding=\"async\" class=\"aligncenter size-full wp-image-8100\" src=\"https:\/\/vozcomoarma.noblogs.org\/files\/2015\/05\/11014687_848194658581438_3362866833406123875_n.jpg\" alt=\"Cartel Kalimera\" width=\"960\" height=\"678\" srcset=\"https:\/\/vozcomoarma.noblogs.org\/files\/2015\/05\/11014687_848194658581438_3362866833406123875_n.jpg 960w, https:\/\/vozcomoarma.noblogs.org\/files\/2015\/05\/11014687_848194658581438_3362866833406123875_n-300x212.jpg 300w\" sizes=\"auto, (max-width: 960px) 100vw, 960px\" \/><\/a><\/p>\n","protected":false},"excerpt":{"rendered":"<p>Lxs compas de Radio Kalimera, emisora autogestionada de radio libre de Santiago de Compostela (Galiza) organizan en el Centro Social Okupado y Autogestionado Esc\u00e1rnio e Maldizer, en la calle Algalia de Arriba de la misma ciudad (al lado de la &hellip; <a href=\"https:\/\/vozcomoarma.noblogs.org\/?p=8099\">Sigue leyendo <span class=\"meta-nav\">&rarr;<\/span><\/a><\/p>\n","protected":false},"author":7045,"featured_media":0,"comment_status":"closed","ping_status":"open","sticky":false,"template":"","format":"standard","meta":{"footnotes":""},"categories":[59,61,9],"tags":[18,42],"class_list":["post-8099","post","type-post","status-publish","format-standard","hentry","category-convocatorias","category-noticias","category-noticias-y-comunicados","tag-galicia","tag-movimientos-sociales"],"_links":{"self":[{"href":"https:\/\/vozcomoarma.noblogs.org\/index.php?rest_route=\/wp\/v2\/posts\/8099","targetHints":{"allow":["GET"]}}],"collection":[{"href":"https:\/\/vozcomoarma.noblogs.org\/index.php?rest_route=\/wp\/v2\/posts"}],"about":[{"href":"https:\/\/vozcomoarma.noblogs.org\/index.php?rest_route=\/wp\/v2\/types\/post"}],"author":[{"embeddable":true,"href":"https:\/\/vozcomoarma.noblogs.org\/index.php?rest_route=\/wp\/v2\/users\/7045"}],"replies":[{"embeddable":true,"href":"https:\/\/vozcomoarma.noblogs.org\/index.php?rest_route=%2Fwp%2Fv2%2Fcomments&post=8099"}],"version-history":[{"count":1,"href":"https:\/\/vozcomoarma.noblogs.org\/index.php?rest_route=\/wp\/v2\/posts\/8099\/revisions"}],"predecessor-version":[{"id":8101,"href":"https:\/\/vozcomoarma.noblogs.org\/index.php?rest_route=\/wp\/v2\/posts\/8099\/revisions\/8101"}],"wp:attachment":[{"href":"https:\/\/vozcomoarma.noblogs.org\/index.php?rest_route=%2Fwp%2Fv2%2Fmedia&parent=8099"}],"wp:term":[{"taxonomy":"category","embeddable":true,"href":"https:\/\/vozcomoarma.noblogs.org\/index.php?rest_route=%2Fwp%2Fv2%2Fcategories&post=8099"},{"taxonomy":"post_tag","embeddable":true,"href":"https:\/\/vozcomoarma.noblogs.org\/index.php?rest_route=%2Fwp%2Fv2%2Ftags&post=8099"}],"curies":[{"name":"wp","href":"https:\/\/api.w.org\/{rel}","templated":true}]}}