{"id":8255,"date":"2015-06-12T16:10:56","date_gmt":"2015-06-12T14:10:56","guid":{"rendered":"http:\/\/vozcomoarma.noblogs.org\/?p=8255"},"modified":"2015-06-12T16:10:56","modified_gmt":"2015-06-12T14:10:56","slug":"lxs-anarquistas-tomamos-la-palabra-charla-en-torno-a-los-ultimos-casos-represivos-al-entorno-anarquista-21-de-junio-en-madrid","status":"publish","type":"post","link":"https:\/\/vozcomoarma.noblogs.org\/?p=8255","title":{"rendered":"\u00abLxs anarquistas tomamos la palabra\u00bb &#8211; Charla en torno a los \u00faltimos casos represivos al entorno anarquista (21 de junio en Madrid)"},"content":{"rendered":"<p style=\"text-align: justify\">Recibo en el correo electr\u00f3nico esta convocatoria para una charla el pr\u00f3ximo domingo 21 de junio a las 19:00 en la plaza Agust\u00edn Lara del barrio madrile\u00f1o de Lavapi\u00e9s, bajo el t\u00edtulo \u00abLxs anarquistas toman la palabra\u00bb y donde se reflexionar\u00e1 en torno a los \u00faltimos casos represivos que han afectado al entorno anarquista en el Estado espa\u00f1ol:<\/p>\n<p style=\"text-align: justify\"><a href=\"https:\/\/vozcomoarma.noblogs.org\/files\/2015\/06\/charlaagustinlara.jpg\"><img loading=\"lazy\" decoding=\"async\" class=\"aligncenter size-full wp-image-8257\" src=\"https:\/\/vozcomoarma.noblogs.org\/files\/2015\/06\/charlaagustinlara.jpg\" alt=\"charlaagustinlara\" width=\"2480\" height=\"1754\" srcset=\"https:\/\/vozcomoarma.noblogs.org\/files\/2015\/06\/charlaagustinlara.jpg 2480w, https:\/\/vozcomoarma.noblogs.org\/files\/2015\/06\/charlaagustinlara-300x212.jpg 300w, https:\/\/vozcomoarma.noblogs.org\/files\/2015\/06\/charlaagustinlara-1024x724.jpg 1024w\" sizes=\"auto, (max-width: 2480px) 100vw, 2480px\" \/><\/a><\/p>\n","protected":false},"excerpt":{"rendered":"<p>Recibo en el correo electr\u00f3nico esta convocatoria para una charla el pr\u00f3ximo domingo 21 de junio a las 19:00 en la plaza Agust\u00edn Lara del barrio madrile\u00f1o de Lavapi\u00e9s, bajo el t\u00edtulo \u00abLxs anarquistas toman la palabra\u00bb y donde se &hellip; <a href=\"https:\/\/vozcomoarma.noblogs.org\/?p=8255\">Sigue leyendo <span class=\"meta-nav\">&rarr;<\/span><\/a><\/p>\n","protected":false},"author":7045,"featured_media":0,"comment_status":"closed","ping_status":"open","sticky":false,"template":"","format":"standard","meta":{"footnotes":""},"categories":[132,59,61,9,7,209,193],"tags":[16,67,42,24,19,11],"class_list":["post-8255","post","type-post","status-publish","format-standard","hentry","category-acusadxs-comando-mateo-morral","category-convocatorias","category-noticias","category-noticias-y-comunicados","category-presxs","category-presxs-operacion-pinata","category-presxs-16-d-barna-y-madrid","tag-guerra-social","tag-madrid","tag-movimientos-sociales","tag-reflexion","tag-represion","tag-solidaridad"],"_links":{"self":[{"href":"https:\/\/vozcomoarma.noblogs.org\/index.php?rest_route=\/wp\/v2\/posts\/8255","targetHints":{"allow":["GET"]}}],"collection":[{"href":"https:\/\/vozcomoarma.noblogs.org\/index.php?rest_route=\/wp\/v2\/posts"}],"about":[{"href":"https:\/\/vozcomoarma.noblogs.org\/index.php?rest_route=\/wp\/v2\/types\/post"}],"author":[{"embeddable":true,"href":"https:\/\/vozcomoarma.noblogs.org\/index.php?rest_route=\/wp\/v2\/users\/7045"}],"replies":[{"embeddable":true,"href":"https:\/\/vozcomoarma.noblogs.org\/index.php?rest_route=%2Fwp%2Fv2%2Fcomments&post=8255"}],"version-history":[{"count":1,"href":"https:\/\/vozcomoarma.noblogs.org\/index.php?rest_route=\/wp\/v2\/posts\/8255\/revisions"}],"predecessor-version":[{"id":8259,"href":"https:\/\/vozcomoarma.noblogs.org\/index.php?rest_route=\/wp\/v2\/posts\/8255\/revisions\/8259"}],"wp:attachment":[{"href":"https:\/\/vozcomoarma.noblogs.org\/index.php?rest_route=%2Fwp%2Fv2%2Fmedia&parent=8255"}],"wp:term":[{"taxonomy":"category","embeddable":true,"href":"https:\/\/vozcomoarma.noblogs.org\/index.php?rest_route=%2Fwp%2Fv2%2Fcategories&post=8255"},{"taxonomy":"post_tag","embeddable":true,"href":"https:\/\/vozcomoarma.noblogs.org\/index.php?rest_route=%2Fwp%2Fv2%2Ftags&post=8255"}],"curies":[{"name":"wp","href":"https:\/\/api.w.org\/{rel}","templated":true}]}}