{"id":8267,"date":"2015-06-12T16:47:54","date_gmt":"2015-06-12T14:47:54","guid":{"rendered":"http:\/\/vozcomoarma.noblogs.org\/?p=8267"},"modified":"2015-06-12T16:48:38","modified_gmt":"2015-06-12T14:48:38","slug":"italia-disponible-en-castellano-el-no-5-de-la-publicacion-anarcoecologista-fenrir","status":"publish","type":"post","link":"https:\/\/vozcomoarma.noblogs.org\/?p=8267","title":{"rendered":"Italia &#8211; Disponible en castellano el n\u00ba 5 de la publicaci\u00f3n anarcoecologista Fenrir"},"content":{"rendered":"<p style=\"text-align: justify\">Recojo del blog de lxs compas de <a href=\"https:\/\/abordaxe.wordpress.com\/2015\/06\/10\/italia-n-5-de-fenrir-publicacion-anarquista-ecoloxista-version-en-castelan\/\">Instinto Salvaje<\/a> esta noticia que informa de que ya est\u00e1 disponible para su descarga y difusi\u00f3n la traducci\u00f3n al castellano del n\u00ba 5 de Fenrir, revista anarcoecologista italiana por la liberaci\u00f3n animal (humana y no-humana) y de la Tierra:<\/p>\n<p style=\"text-align: justify\">&#8212;&#8212;&#8212;&#8212;&#8212;&#8212;<\/p>\n<p style=\"text-align: justify\"><em>Est\u00e1 disponible la traducci\u00f3n en castellano del N\u00b0 5 de Fenrir, publicaci\u00f3n anarquista ecologista de Italia, de apoyo a lxs presxs, acci\u00f3n directa, actualizaciones y an\u00e1lisis sobre las luchas anarquistas y la liberaci\u00f3n animal, humana y de la tierra en todo el mundo. 72 p\u00e1ginas en formato A4.<\/em><\/p>\n<p style=\"text-align: justify\"><em>En este n\u00famero encontrar\u00e1s:<\/em><\/p>\n<p style=\"text-align: justify\"><em>&#8211; Editorial<br \/>\n<\/em><em>&#8211; \u00bfSi no es ahora cu\u00e1ndo? Acciones directas antiautoritarias en el mundo<br \/>\n<\/em><em>\u2013 Recordando a \u201cAngry\u201d<br \/>\n<\/em><em>\u2013 Se ve m\u00e1s claramente en la oscuridad\u2026 Cerrar las centrales nucleares, quitar el enchufe al capitalismo y al Estado<br \/>\n<\/em><em>&#8211; Individualidades Tendiendo a lo Salvaje<br \/>\n<\/em><em>&#8211; V\u00edctor Serge, \u201cEl individualista y la sociedad\u201d<br \/>\n<\/em><em>&#8211; \u00bfSabotaje amigo del pueblo?<br \/>\n<\/em><em>&#8211; Tensi\u00f3n individualista y tensi\u00f3n social<br \/>\n<\/em><em>&#8211; Bruno Philippi, \u201cIl me faut vivre ma vie\u201d<br \/>\n<\/em><em>&#8211; Colapso<br \/>\n<\/em><em>&#8211; Cartas desde la c\u00e1rcel<br \/>\n<\/em><em>&#8211; Despu\u00e9s de la prisi\u00f3n. Entrevista con Jeffrey \u201cFree\u201dLuers<br \/>\n<\/em><em>&#8211; Tensi\u00f3n social e intervenci\u00f3n anarquista en Suecia<br \/>\n<\/em><em>\u2013 Entornos de la lucha contra la construcci\u00f3n de una maxi-prisi\u00f3n en Bruselas<br \/>\n<\/em><em>&#8211; Noticias del necromundo<br \/>\n<\/em><em>&#8211; La revuelta de los smartphones<br \/>\n<\/em><em>&#8211; Actualizaciones sobre lxs prisionerxs y represi\u00f3n estatal<br \/>\n<\/em><em>&#8211; Lecturas sugeridas<\/em><\/p>\n<p><em>Contacto: fenrir[arroba]riseup.net<\/em><\/p>\n<p style=\"text-align: justify\"><a href=\"https:\/\/vozcomoarma.noblogs.org\/files\/2015\/06\/fenrir5_cover_659x768.jpg\"><img loading=\"lazy\" decoding=\"async\" class=\"aligncenter size-full wp-image-8268\" src=\"https:\/\/vozcomoarma.noblogs.org\/files\/2015\/06\/fenrir5_cover_659x768.jpg\" alt=\"fenrir5_cover_659x768\" width=\"543\" height=\"768\" srcset=\"https:\/\/vozcomoarma.noblogs.org\/files\/2015\/06\/fenrir5_cover_659x768.jpg 543w, https:\/\/vozcomoarma.noblogs.org\/files\/2015\/06\/fenrir5_cover_659x768-212x300.jpg 212w\" sizes=\"auto, (max-width: 543px) 100vw, 543px\" \/><\/a><\/p>\n","protected":false},"excerpt":{"rendered":"<p>Recojo del blog de lxs compas de Instinto Salvaje esta noticia que informa de que ya est\u00e1 disponible para su descarga y difusi\u00f3n la traducci\u00f3n al castellano del n\u00ba 5 de Fenrir, revista anarcoecologista italiana por la liberaci\u00f3n animal (humana &hellip; <a href=\"https:\/\/vozcomoarma.noblogs.org\/?p=8267\">Sigue leyendo <span class=\"meta-nav\">&rarr;<\/span><\/a><\/p>\n","protected":false},"author":7045,"featured_media":0,"comment_status":"closed","ping_status":"open","sticky":false,"template":"","format":"standard","meta":{"footnotes":""},"categories":[60,61,9,4],"tags":[47,39,16,38,24,11],"class_list":["post-8267","post","type-post","status-publish","format-standard","hentry","category-fanzines-y-revistas","category-noticias","category-noticias-y-comunicados","category-publicaciones","tag-anti-desarrollismo","tag-anti-especismo","tag-guerra-social","tag-italia","tag-reflexion","tag-solidaridad"],"_links":{"self":[{"href":"https:\/\/vozcomoarma.noblogs.org\/index.php?rest_route=\/wp\/v2\/posts\/8267","targetHints":{"allow":["GET"]}}],"collection":[{"href":"https:\/\/vozcomoarma.noblogs.org\/index.php?rest_route=\/wp\/v2\/posts"}],"about":[{"href":"https:\/\/vozcomoarma.noblogs.org\/index.php?rest_route=\/wp\/v2\/types\/post"}],"author":[{"embeddable":true,"href":"https:\/\/vozcomoarma.noblogs.org\/index.php?rest_route=\/wp\/v2\/users\/7045"}],"replies":[{"embeddable":true,"href":"https:\/\/vozcomoarma.noblogs.org\/index.php?rest_route=%2Fwp%2Fv2%2Fcomments&post=8267"}],"version-history":[{"count":2,"href":"https:\/\/vozcomoarma.noblogs.org\/index.php?rest_route=\/wp\/v2\/posts\/8267\/revisions"}],"predecessor-version":[{"id":8270,"href":"https:\/\/vozcomoarma.noblogs.org\/index.php?rest_route=\/wp\/v2\/posts\/8267\/revisions\/8270"}],"wp:attachment":[{"href":"https:\/\/vozcomoarma.noblogs.org\/index.php?rest_route=%2Fwp%2Fv2%2Fmedia&parent=8267"}],"wp:term":[{"taxonomy":"category","embeddable":true,"href":"https:\/\/vozcomoarma.noblogs.org\/index.php?rest_route=%2Fwp%2Fv2%2Fcategories&post=8267"},{"taxonomy":"post_tag","embeddable":true,"href":"https:\/\/vozcomoarma.noblogs.org\/index.php?rest_route=%2Fwp%2Fv2%2Ftags&post=8267"}],"curies":[{"name":"wp","href":"https:\/\/api.w.org\/{rel}","templated":true}]}}