{"id":8271,"date":"2015-06-12T16:53:57","date_gmt":"2015-06-12T14:53:57","guid":{"rendered":"http:\/\/vozcomoarma.noblogs.org\/?p=8271"},"modified":"2015-06-12T16:53:57","modified_gmt":"2015-06-12T14:53:57","slug":"en-la-calle-el-compa-javier-grijalbo-solo-queda-paul-jara-en-prision","status":"publish","type":"post","link":"https:\/\/vozcomoarma.noblogs.org\/?p=8271","title":{"rendered":"En la calle el compa Javier Grijalbo \u00a1S\u00f3lo queda Paul Jara en prisi\u00f3n!"},"content":{"rendered":"<p style=\"text-align: justify\">Seg\u00fan una nota publicada por lxs compas de <a href=\"https:\/\/abordaxe.wordpress.com\/2015\/06\/12\/operacion-pinata-javier-grijalbo-na-rua-so-fica-paul-jara-en-prison\/\">Abordaxe!<\/a>, que a su vez afirman obtener la informaci\u00f3n del segundo n\u00famero de la publicaci\u00f3n <a href=\"http:\/\/tokata.info\/wp-content\/uploads\/2015\/06\/C2.pdf\">Coraje<\/a>, el compa\u00f1ero Javier Grijalbo, uno de los dos compas detenidos en la Operaci\u00f3n Pi\u00f1ata que aun se encontraban en prisi\u00f3n preventiva, ha salido ayer, 11 de junio, a la calle, quedando s\u00f3lo el compa Paul Jara, el cual se espera que sea puesto en libertad en los pr\u00f3ximos d\u00edas.<\/p>\n<p style=\"text-align: justify\"><a href=\"https:\/\/vozcomoarma.noblogs.org\/?p=8247\">Las movilizaciones convocadas para ma\u00f1ana<\/a>, s\u00e1bado 13, por supuesto, se mantienen.<\/p>\n<p style=\"text-align: justify\"><a href=\"https:\/\/vozcomoarma.noblogs.org\/files\/2015\/06\/operacic3b3npinata-724x1024.jpg\"><img loading=\"lazy\" decoding=\"async\" class=\"aligncenter size-full wp-image-8272\" src=\"https:\/\/vozcomoarma.noblogs.org\/files\/2015\/06\/operacic3b3npinata-724x1024.jpg\" alt=\"operacic3b3npinata-724x1024\" width=\"724\" height=\"1024\" srcset=\"https:\/\/vozcomoarma.noblogs.org\/files\/2015\/06\/operacic3b3npinata-724x1024.jpg 724w, https:\/\/vozcomoarma.noblogs.org\/files\/2015\/06\/operacic3b3npinata-724x1024-212x300.jpg 212w\" sizes=\"auto, (max-width: 724px) 100vw, 724px\" \/><\/a><\/p>\n","protected":false},"excerpt":{"rendered":"<p>Seg\u00fan una nota publicada por lxs compas de Abordaxe!, que a su vez afirman obtener la informaci\u00f3n del segundo n\u00famero de la publicaci\u00f3n Coraje, el compa\u00f1ero Javier Grijalbo, uno de los dos compas detenidos en la Operaci\u00f3n Pi\u00f1ata que aun &hellip; <a href=\"https:\/\/vozcomoarma.noblogs.org\/?p=8271\">Sigue leyendo <span class=\"meta-nav\">&rarr;<\/span><\/a><\/p>\n","protected":false},"author":7045,"featured_media":0,"comment_status":"closed","ping_status":"open","sticky":false,"template":"","format":"standard","meta":{"footnotes":""},"categories":[61,9,7,209],"tags":[16,67,11],"class_list":["post-8271","post","type-post","status-publish","format-standard","hentry","category-noticias","category-noticias-y-comunicados","category-presxs","category-presxs-operacion-pinata","tag-guerra-social","tag-madrid","tag-solidaridad"],"_links":{"self":[{"href":"https:\/\/vozcomoarma.noblogs.org\/index.php?rest_route=\/wp\/v2\/posts\/8271","targetHints":{"allow":["GET"]}}],"collection":[{"href":"https:\/\/vozcomoarma.noblogs.org\/index.php?rest_route=\/wp\/v2\/posts"}],"about":[{"href":"https:\/\/vozcomoarma.noblogs.org\/index.php?rest_route=\/wp\/v2\/types\/post"}],"author":[{"embeddable":true,"href":"https:\/\/vozcomoarma.noblogs.org\/index.php?rest_route=\/wp\/v2\/users\/7045"}],"replies":[{"embeddable":true,"href":"https:\/\/vozcomoarma.noblogs.org\/index.php?rest_route=%2Fwp%2Fv2%2Fcomments&post=8271"}],"version-history":[{"count":2,"href":"https:\/\/vozcomoarma.noblogs.org\/index.php?rest_route=\/wp\/v2\/posts\/8271\/revisions"}],"predecessor-version":[{"id":8275,"href":"https:\/\/vozcomoarma.noblogs.org\/index.php?rest_route=\/wp\/v2\/posts\/8271\/revisions\/8275"}],"wp:attachment":[{"href":"https:\/\/vozcomoarma.noblogs.org\/index.php?rest_route=%2Fwp%2Fv2%2Fmedia&parent=8271"}],"wp:term":[{"taxonomy":"category","embeddable":true,"href":"https:\/\/vozcomoarma.noblogs.org\/index.php?rest_route=%2Fwp%2Fv2%2Fcategories&post=8271"},{"taxonomy":"post_tag","embeddable":true,"href":"https:\/\/vozcomoarma.noblogs.org\/index.php?rest_route=%2Fwp%2Fv2%2Ftags&post=8271"}],"curies":[{"name":"wp","href":"https:\/\/api.w.org\/{rel}","templated":true}]}}