{"id":8295,"date":"2015-06-14T21:32:58","date_gmt":"2015-06-14T19:32:58","guid":{"rendered":"http:\/\/vozcomoarma.noblogs.org\/?p=8295"},"modified":"2015-06-14T21:32:58","modified_gmt":"2015-06-14T19:32:58","slug":"alemania-bloqueada-una-de-las-megaexcavadoras-en-la-mina-de-inden","status":"publish","type":"post","link":"https:\/\/vozcomoarma.noblogs.org\/?p=8295","title":{"rendered":"Alemania &#8211; Bloqueada una de las megaexcavadoras en la mina de Inden"},"content":{"rendered":"<p style=\"text-align: justify\">Seg\u00fan informaron, <a href=\"http:\/\/hambachforest.blogsport.de\/2015\/06\/06\/action-updates-inden-occupation\/\">a trav\u00e9s de su blog<\/a>, lxs compas desde las okupaciones del bosque alem\u00e1n de Hambach, durante la pasada noche del viernes 5 al s\u00e1bado 6 de junio, y coincidiendo con la celebraci\u00f3n en el castillo de Elmau (cerca de M\u00fcnich) de una cumbre del G-7 (que fue, a su vez, respondida con varias acciones y protestas de diferente \u00edndole), cuatro activistas tomaron la iniciativa y ocuparon, durante m\u00e1s de 50 horas, una de las excavadoras gigantes de la mina de Inden, una de las tres grandes minas a cielo abierto de lignito de la regi\u00f3n de Renania, donde tambi\u00e9n se encuentra la mina de Hambach.<\/p>\n<p style=\"text-align: justify\">Lxs compas treparon a primera hora de la madrugada hasta lo alto de la m\u00e1quina, a unos 70 metros de altura, usando arneses y material de escalada. Seg\u00fan la noticia que fue actualizando los hechos a medida que suced\u00edan (pod\u00e9is consultar el \u00abTicker\u00bb en ingl\u00e9s <a href=\"http:\/\/hambachforest.blogsport.de\/2015\/06\/06\/action-updates-inden-occupation\/\">aqu\u00ed<\/a>), a las 3 de la ma\u00f1ana apareci\u00f3 la primera patrulla policial a husmear, con menos de 10 agentes que subieron a la excavadora aunque s\u00f3lo una peque\u00f1a parte, desapareciendo m\u00e1s tarde sin incidentes, despu\u00e9s de que lxs activistas les gritasen desde lo alto que se encontraban bien.<\/p>\n<p style=\"text-align: justify\">A las 7 de la ma\u00f1ana, seg\u00fan lxs compas, amanec\u00eda sin presencia policial, pero con una ambulancia en los alrededores.<\/p>\n<p style=\"text-align: justify\"><a href=\"https:\/\/vozcomoarma.noblogs.org\/files\/2015\/06\/20150607173553-6928fecb-me.jpg\"><img loading=\"lazy\" decoding=\"async\" class=\"aligncenter size-full wp-image-8296\" src=\"https:\/\/vozcomoarma.noblogs.org\/files\/2015\/06\/20150607173553-6928fecb-me.jpg\" alt=\"20150607173553-6928fecb-me\" width=\"445\" height=\"594\" srcset=\"https:\/\/vozcomoarma.noblogs.org\/files\/2015\/06\/20150607173553-6928fecb-me.jpg 445w, https:\/\/vozcomoarma.noblogs.org\/files\/2015\/06\/20150607173553-6928fecb-me-225x300.jpg 225w\" sizes=\"auto, (max-width: 445px) 100vw, 445px\" \/><\/a>Siendo las 12:00, la mina continuaba en silencio, y a la 13:00 se alcanzaron las primeras 12 horas de ocupaci\u00f3n continuada de la excavadora. A las 14:30, seg\u00fan lxs compas, algunxs de lxs activistas descendieron parcialmente para poder ver mejor cu\u00e1l era la situaci\u00f3n en el suelo, y vieron que hab\u00eda llegado un cami\u00f3n de bomberos y alguna patrulla policial, que no pudieron ver a lxs activistas.<\/p>\n<p style=\"text-align: justify\">A las 16:30, lxs compas efectuaron un llamado a acudir al agujero de la mina o a la propia excavadora, se\u00f1alando que desde la localidad cercana de Schopoven s\u00f3lo hab\u00eda unas pocas carreteras de distancia hasta llegar al lugar, que en aquel momento era de f\u00e1cil acceso.<\/p>\n<p style=\"text-align: justify\"><a href=\"https:\/\/vozcomoarma.noblogs.org\/files\/2015\/06\/145312_1008x756.jpg\"><img loading=\"lazy\" decoding=\"async\" class=\"aligncenter size-full wp-image-8300\" src=\"https:\/\/vozcomoarma.noblogs.org\/files\/2015\/06\/145315_1008x756.jpg\" alt=\"145315_1008x756\" width=\"1008\" height=\"756\" srcset=\"https:\/\/vozcomoarma.noblogs.org\/files\/2015\/06\/145315_1008x756.jpg 1008w, https:\/\/vozcomoarma.noblogs.org\/files\/2015\/06\/145315_1008x756-300x225.jpg 300w\" sizes=\"auto, (max-width: 1008px) 100vw, 1008px\" \/><img loading=\"lazy\" decoding=\"async\" class=\"aligncenter size-full wp-image-8297\" src=\"https:\/\/vozcomoarma.noblogs.org\/files\/2015\/06\/145312_1008x756.jpg\" alt=\"145312_1008x756\" width=\"1008\" height=\"756\" srcset=\"https:\/\/vozcomoarma.noblogs.org\/files\/2015\/06\/145312_1008x756.jpg 1008w, https:\/\/vozcomoarma.noblogs.org\/files\/2015\/06\/145312_1008x756-300x225.jpg 300w\" sizes=\"auto, (max-width: 1008px) 100vw, 1008px\" \/><\/a>Continuando con las actualizaciones dispuestas por lxs compas, a la 1 de la ma\u00f1ana, tras 24 horas de ocupaci\u00f3n, un grupo de activistas solidarixs se concentr\u00f3 al borde del agujero de la mina de Inden y encendieron una bengala adem\u00e1s de gritar, con la intenci\u00f3n de saludar y comunicarse con lxs compas de la excavadora.<\/p>\n<p style=\"text-align: justify\">A las 9:10 de la ma\u00f1ana del domingo, las 4 personas continuaban en la excavadora, mientras que otras 4 personas permanec\u00edan en el borde de la mina, hasta que a las 10:30 llegaron nuevamente patrullas policiales y varios coches de la seguridad privada de la mina, que cargaron arrestando a 2 de lxs compas que permanec\u00edan en el borde de la mina, mientras que lxs otrxs dos compas corrieron hacia el interior de la mina, siendo detenidxs, a su vez, ratos despu\u00e9s. Lxs 4 solidarixs fueron trasladadxs a la comisar\u00eda de D\u00fcren, donde fueron puestxs en libertad horas despu\u00e9s, a las 14:00.<\/p>\n<p style=\"text-align: justify\">A las 00:00 de la noche del domingo al lunes, la excavadora segu\u00eda paralizada y con lxs activistas en lo alto.<\/p>\n<p style=\"text-align: justify\">El lunes a las 7 de la ma\u00f1ana, nuevxs activistas se acercaron al borde de la mina, donde gritaron palabras de \u00e1nimo a lxs compas que se encontraban en lo alto de la excavadora, tras escucharles cantando. Seg\u00fan informaron, lxs compa\u00f1erxs que se acercaron a la mina habr\u00edan estado debatiendo con un guardia de seguridad que se les acerc\u00f3, acerca de su trabajo y de la degradaci\u00f3n ambiental que causa. \u00a1Un segurata con cerebro, llamad a National Geographic, \u00e9sto hay que registrarlo! Bromas aparte, el segurata habr\u00eda estado hablando con lxs compa\u00f1erxs hasta que fue interpelado por un supervisor.<\/p>\n<p style=\"text-align: justify\">El lunes a las 8 de la ma\u00f1ana se cumpl\u00eda la friolera de 55 horas de ocupaci\u00f3n de la excavadora, y finalmente, a las 9 de la ma\u00f1ana lxs compas descend\u00edan por su propia voluntad, y la seguridad privada de RWE les llev\u00f3 hasta el borde de la mina, donde fueron detenidxs y trasladadxs a la comisar\u00eda de D\u00fcren, siendo puestxs en libertad a la 13:00 de la tarde, tras negarse y resistirse a que la polic\u00eda obtuviese sus aut\u00e9nticos datos.<\/p>\n<p style=\"text-align: justify\">La acci\u00f3n se dedic\u00f3 no s\u00f3lo a reivindicar la defensa radical de la Tierra y la Naturaleza frente a la explotaci\u00f3n del Capitalismo industrial, sino tambi\u00e9n como rechazo a la reuni\u00f3n del G-7 en Elmau y al mundo que \u00e9sta propone, y como apoyo simb\u00f3lico a lxs que se movilizaron hasta all\u00ed en protesta contra la cumbre.<\/p>\n<p style=\"text-align: justify\">Para leer (en ingl\u00e9s) un comunicado de lxs compas exponiendo sus razones para la acci\u00f3n, click <a href=\"http:\/\/hambachforest.blogsport.de\/2015\/06\/06\/bucket-wheel-excavator-in-the-brown-coal-mine-inden-occupied\/\">aqu\u00ed<\/a>.<\/p>\n<p style=\"text-align: justify\"><a href=\"https:\/\/vozcomoarma.noblogs.org\/files\/2015\/06\/image4_576x432.jpg\"><img loading=\"lazy\" decoding=\"async\" class=\"aligncenter size-full wp-image-8301\" src=\"https:\/\/vozcomoarma.noblogs.org\/files\/2015\/06\/image4_576x432.jpg\" alt=\"image4_576x432\" width=\"576\" height=\"432\" srcset=\"https:\/\/vozcomoarma.noblogs.org\/files\/2015\/06\/image4_576x432.jpg 576w, https:\/\/vozcomoarma.noblogs.org\/files\/2015\/06\/image4_576x432-300x225.jpg 300w\" sizes=\"auto, (max-width: 576px) 100vw, 576px\" \/><\/a> <a href=\"https:\/\/vozcomoarma.noblogs.org\/files\/2015\/06\/20150607173545-7fa131f0-me.jpg\"><img loading=\"lazy\" decoding=\"async\" class=\"aligncenter size-full wp-image-8302\" src=\"https:\/\/vozcomoarma.noblogs.org\/files\/2015\/06\/20150607173545-7fa131f0-me.jpg\" alt=\"20150607173545-7fa131f0-me\" width=\"445\" height=\"594\" srcset=\"https:\/\/vozcomoarma.noblogs.org\/files\/2015\/06\/20150607173545-7fa131f0-me.jpg 445w, https:\/\/vozcomoarma.noblogs.org\/files\/2015\/06\/20150607173545-7fa131f0-me-225x300.jpg 225w\" sizes=\"auto, (max-width: 445px) 100vw, 445px\" \/><\/a><\/p>\n<p style=\"text-align: justify\">\n","protected":false},"excerpt":{"rendered":"<p>Seg\u00fan informaron, a trav\u00e9s de su blog, lxs compas desde las okupaciones del bosque alem\u00e1n de Hambach, durante la pasada noche del viernes 5 al s\u00e1bado 6 de junio, y coincidiendo con la celebraci\u00f3n en el castillo de Elmau (cerca &hellip; <a href=\"https:\/\/vozcomoarma.noblogs.org\/?p=8295\">Sigue leyendo <span class=\"meta-nav\">&rarr;<\/span><\/a><\/p>\n","protected":false},"author":7045,"featured_media":0,"comment_status":"closed","ping_status":"open","sticky":false,"template":"","format":"standard","meta":{"footnotes":""},"categories":[58,61,9],"tags":[51,47,30,16,42,19,10,11],"class_list":["post-8295","post","type-post","status-publish","format-standard","hentry","category-acciones","category-noticias","category-noticias-y-comunicados","tag-alemania","tag-anti-desarrollismo","tag-critica-anti-industrial","tag-guerra-social","tag-movimientos-sociales","tag-represion","tag-sabotaje","tag-solidaridad"],"_links":{"self":[{"href":"https:\/\/vozcomoarma.noblogs.org\/index.php?rest_route=\/wp\/v2\/posts\/8295","targetHints":{"allow":["GET"]}}],"collection":[{"href":"https:\/\/vozcomoarma.noblogs.org\/index.php?rest_route=\/wp\/v2\/posts"}],"about":[{"href":"https:\/\/vozcomoarma.noblogs.org\/index.php?rest_route=\/wp\/v2\/types\/post"}],"author":[{"embeddable":true,"href":"https:\/\/vozcomoarma.noblogs.org\/index.php?rest_route=\/wp\/v2\/users\/7045"}],"replies":[{"embeddable":true,"href":"https:\/\/vozcomoarma.noblogs.org\/index.php?rest_route=%2Fwp%2Fv2%2Fcomments&post=8295"}],"version-history":[{"count":1,"href":"https:\/\/vozcomoarma.noblogs.org\/index.php?rest_route=\/wp\/v2\/posts\/8295\/revisions"}],"predecessor-version":[{"id":8303,"href":"https:\/\/vozcomoarma.noblogs.org\/index.php?rest_route=\/wp\/v2\/posts\/8295\/revisions\/8303"}],"wp:attachment":[{"href":"https:\/\/vozcomoarma.noblogs.org\/index.php?rest_route=%2Fwp%2Fv2%2Fmedia&parent=8295"}],"wp:term":[{"taxonomy":"category","embeddable":true,"href":"https:\/\/vozcomoarma.noblogs.org\/index.php?rest_route=%2Fwp%2Fv2%2Fcategories&post=8295"},{"taxonomy":"post_tag","embeddable":true,"href":"https:\/\/vozcomoarma.noblogs.org\/index.php?rest_route=%2Fwp%2Fv2%2Ftags&post=8295"}],"curies":[{"name":"wp","href":"https:\/\/api.w.org\/{rel}","templated":true}]}}