{"id":8319,"date":"2015-06-17T14:26:37","date_gmt":"2015-06-17T12:26:37","guid":{"rendered":"http:\/\/vozcomoarma.noblogs.org\/?p=8319"},"modified":"2015-06-17T14:26:37","modified_gmt":"2015-06-17T12:26:37","slug":"italia-texto-las-palabras-y-las-cosas","status":"publish","type":"post","link":"https:\/\/vozcomoarma.noblogs.org\/?p=8319","title":{"rendered":"Italia &#8211; [Texto] Las palabras y las cosas"},"content":{"rendered":"<p style=\"text-align: justify\">El siguiente texto corresponde a un panfleto que fue repartido en Latina, Italia, tras la revuelta del 1 de mayo en Mil\u00e1n, en el contexto de las movilizaciones contra las desorbitadas inversiones que el Estado italiano hab\u00eda realizado para la organizaci\u00f3n y desarrollo del macroevento (un escaparate m\u00e1s para su globalizaci\u00f3n y sus pol\u00edticas neoliberales disfrazadas de diplomacia), mientras que con la excusa de la austeridad aumentan la precariedad y la miseria.<\/p>\n<p style=\"text-align: justify\">El escrito, titulado \u00abLas palabras y las cosas\u00bb pretende responder a todas las voces ciudadanas, democr\u00e1ticas, c\u00edvicas y \u00abpac\u00edficas\u00bb (les gusta llamarse as\u00ed, aunque con su pasividad, su indiferencia, su conformismo y su obediencia ciega a la autoridad y sus leyes, maten a diario mucho m\u00e1s que cualquier disturbio) que pusieron el grito en el cielo para condenar los hechos, criticando los disturbios y los destrozos causados a bancos, comercios de grandes firmas, s\u00edmbolos del Poder y veh\u00edculos de alta gama, y pidiendo \u00abmano dura\u00bb para lxs revoltosxs.<\/p>\n<p style=\"text-align: justify\">A continuaci\u00f3n, os dejo el texto, si bien se trata de una reflexi\u00f3n que hemos escuchado y le\u00eddo muchas veces, y que hace referencia a un debate m\u00e1s que manido y trillado. Confieso que, para m\u00ed, la violencia antagonista ya no necesita ser justificada. Por supuesto, como cualquier otra acci\u00f3n, necesita y debe ser sometida a cr\u00edtica, debatida, y hay que pensar si de verdad nos ayuda a acercarnos a nuestros objetivos o si por el contrario es puro espect\u00e1culo, pero en cuanto a su justificaci\u00f3n, creo (y lo digo sin tapujos) que quien a estas alturas contin\u00fae condenando la contraviolencia y la autodefensa contra un sistema como \u00e9ste, es sencillamente imb\u00e9cil.<\/p>\n<p style=\"text-align: justify\">&#8212;&#8212;&#8212;&#8212;&#8212;&#8212;&#8212;&#8212;-<\/p>\n<p style=\"text-align: justify\"><em>Carta abierta a los ciudadanos indignados por las devastaciones de Mil\u00e1n:<\/em><\/p>\n<p style=\"text-align: justify\"><em>Querido ciudadano honesto y democr\u00e1tico, estas l\u00edneas est\u00e1n dirigidas justamente hacia ti.<\/em><\/p>\n<p style=\"text-align: justify\"><em>A ti, quien tuviste que asistir, espectador asombrado e indignado, al derrumbe que ha demolido el centro de Mil\u00e1n aquel fat\u00eddico 1 de mayo reci\u00e9n pasado.<\/em><\/p>\n<p style=\"text-align: justify\"><em>Durante d\u00edas y d\u00edas, t\u00fa y tus amigos los periodistas, los polic\u00edas y los pol\u00edticos hab\u00e9is dispensado desde vuestros rimbombantes y poderosos medios de informaci\u00f3n una oraci\u00f3n rellena de bellas palabras: \u201cBlack Block\u201d, \u201cmatones\u201d, \u201cv\u00e1ndalos\u201d, \u201cidiotas\u201d, \u201cdelincuentes\u201d. Hab\u00e9is hablado de \u201cdestrucci\u00f3n ciega y nihilista\u201d. Hab\u00e9is elogiado la \u201cgran profesionalidad de las fuerzas del orden\u201d. Hab\u00e9is gritado al ataque en equipo hacia vuestra democracia, vuestro orden, vuestro bienestar, vuestra paz. Hab\u00e9is pedido \u201ccastigos ejemplares\u201d para los responsables de aquella \u201cintolerable violencia\u201d\u2026<\/em><\/p>\n<p style=\"text-align: justify\"><em>Bien. Ahora, si nos lo permites, nosotrxs tambi\u00e9n querr\u00edamos intentar explicarte nuestra opini\u00f3n acerca de lo ocurrido ese d\u00eda.<\/em><\/p>\n<p style=\"text-align: justify\"><em>Vamos a empezar por una premisa: nosotrxs hablamos idiomas muy diferentes, querido ciudadano. Lo que para ti puede significar una cosa, para nosotrxs puede significar otra. Las palabras son importantes porque, seg\u00fan el uso que se haga de ellas, se puede determinar el sentido de las cosas. As\u00ed con las palabras se puede construir la realidad. Pero si es verdad, como dice el fil\u00f3sofo, que \u201cno existen hechos sino s\u00f3lo interpretaciones\u201d y la realidad se construye a partir de la perspectiva en la que nos ponemos, queremos que t\u00fa conozcas nuestro punto de vista.<\/em><\/p>\n<p style=\"text-align: justify\"><em>Lo que t\u00fa llamas vandalismo nosotrxs lo llamamos conflicto social.<\/em><\/p>\n<p style=\"text-align: justify\"><em>Lo que t\u00fa llamas destrucci\u00f3n ciega y nihilista nosotrxs lo llamamos revuelta.<\/em><\/p>\n<p style=\"text-align: justify\"><em>Los que t\u00fa llamas Black Block nosotrxs lo llamamos insurrectxs, y lxs reivindicamos como nuestrxs c\u00f3mplices y compa\u00f1erxs de viaje.<\/em><\/p>\n<p style=\"text-align: justify\"><em>Las que t\u00fa llamas fuerzas del orden, para nosotrxs s\u00f3lo son aporreadores, asesinos, violadores y torturadores en uniforme.<\/em><\/p>\n<p style=\"text-align: justify\"><em>Lo que t\u00fa llamas orden, nosotrxs lo llamamos control y represi\u00f3n.<\/em><\/p>\n<p style=\"text-align: justify\"><em>Lo que t\u00fa llamas bienestar, nosotrxs lo llamamos explotaci\u00f3n, alienaci\u00f3n y devastaci\u00f3n ambiental.<\/em><\/p>\n<p style=\"text-align: justify\"><em>La que t\u00fa llamas democracia, nosotrxs la llamamos servidumbre voluntaria.<\/em><\/p>\n<p style=\"text-align: justify\"><em>La que t\u00fa llamas paz, para nosotrxs tan s\u00f3lo es la guerra permanente del Dominio para cada una de las formas de vida no esclavizadas.<\/em><\/p>\n<p style=\"text-align: justify\"><em>\u00bfTe ha quedado claro?<\/em><\/p>\n<p style=\"text-align: justify\"><em>Nosotrxs nos damos cuenta de cu\u00e1n dif\u00edcil puede ser para ti tan s\u00f3lo entender nuestras palabras. Te lo hemos dicho: los nuestros son idiomas diferentes. El tuyo lo conocemos hasta demasiado bien, lo escuchamos desde que nacimos, pero lo hemos desaprendido. Nos hemos vuelto B\u00e1rbarxs. El idioma del Imperio nos da horror: es el hierro con el que, desde siempre, se forjan las cadenas de la humanidad.<\/em><\/p>\n<p style=\"text-align: justify\"><em>Nosotrxs no podemos ni queremos convencerte con nuestras razones. Si quieres seguir \u201ctomando por buenas las verdades de la televisi\u00f3n\u201d, si crees en el \u201cmilagro econ\u00f3mico\u201d, si piensas que, a pesar de todo, este es el mejor de los mundos posibles, si est\u00e1s convencido de que la violencia siempre est\u00e1 equivocada y es in\u00fatil, y que las tortuosidades de este sistema se pueden solucionar por el \u201cbuen gobierno\u201d y las reformas, pues hazlo.<\/em><\/p>\n<p style=\"text-align: justify\"><em>Sigue con tu existencia d\u00f3cil y tranquila, sigue bienpensando y tartamudeando el idioma de la sumisi\u00f3n. Contin\u00faa produciendo, consumiendo, votando, para luego palmarla como un ciudadano honesto y democr\u00e1tico.<\/em><\/p>\n<p style=\"text-align: justify\"><em>Si t\u00fa a esto le llamas vida, nosotros le llamamos supervivencia.<\/em><\/p>\n<p style=\"text-align: justify\"><em>En lo que a nosotrxs respecta, no podemos hacer otra cosa que seguir siendo lo que siempre hemos sido: lxs enemigxs de este existente. Para tu opini\u00f3n seremos matones, pero vamos a ser honestxs, nosotrxs sabemos muy bien en qu\u00e9 lado posicionarnos\u2026 \u00a1y sin embargo no es el tuyo!<\/em><\/p>\n<p style=\"text-align: justify\"><em>No s\u00e9 si habr\u00e1s escuchado a ese periodista que, en un famoso programa de la tele, afirm\u00f3, cono tono preocupado y perentorio, que \u201cla guerrilla urbana ser\u00e1 el futuro de la guerra en nuestra Europa\u201d. Que sepas que esto es precisamente nuestro mayor presagio. Si as\u00ed ser\u00e1, puedes estar seguro de que nos encontrar\u00e1s en las barricadas, con toda nuestra carga de rabia y odio hacia este mundo podrido.<\/em><\/p>\n<p style=\"text-align: justify\"><em>Vengativos saludos.<\/em><\/p>\n<p style=\"text-align: justify\"><strong><em>Lxs enemigxs internxs de siempre<\/em><\/strong><\/p>\n<p style=\"text-align: justify\"><a href=\"https:\/\/vozcomoarma.noblogs.org\/files\/2015\/06\/1430497858058.jpg\"><img loading=\"lazy\" decoding=\"async\" class=\"aligncenter size-full wp-image-8320\" src=\"https:\/\/vozcomoarma.noblogs.org\/files\/2015\/06\/1430497858058.jpg\" alt=\"Italy Expo Protests\" width=\"646\" height=\"391\" srcset=\"https:\/\/vozcomoarma.noblogs.org\/files\/2015\/06\/1430497858058.jpg 646w, https:\/\/vozcomoarma.noblogs.org\/files\/2015\/06\/1430497858058-300x182.jpg 300w\" sizes=\"auto, (max-width: 646px) 100vw, 646px\" \/><\/a><\/p>\n","protected":false},"excerpt":{"rendered":"<p>El siguiente texto corresponde a un panfleto que fue repartido en Latina, Italia, tras la revuelta del 1 de mayo en Mil\u00e1n, en el contexto de las movilizaciones contra las desorbitadas inversiones que el Estado italiano hab\u00eda realizado para la &hellip; <a href=\"https:\/\/vozcomoarma.noblogs.org\/?p=8319\">Sigue leyendo <span class=\"meta-nav\">&rarr;<\/span><\/a><\/p>\n","protected":false},"author":7045,"featured_media":0,"comment_status":"closed","ping_status":"open","sticky":false,"template":"","format":"standard","meta":{"footnotes":""},"categories":[27,4,20],"tags":[21,16,26,38,24,19],"class_list":["post-8319","post","type-post","status-publish","format-standard","hentry","category-panfletos","category-publicaciones","category-textos","tag-disturbios","tag-guerra-social","tag-insurreccionalismo","tag-italia","tag-reflexion","tag-represion"],"_links":{"self":[{"href":"https:\/\/vozcomoarma.noblogs.org\/index.php?rest_route=\/wp\/v2\/posts\/8319","targetHints":{"allow":["GET"]}}],"collection":[{"href":"https:\/\/vozcomoarma.noblogs.org\/index.php?rest_route=\/wp\/v2\/posts"}],"about":[{"href":"https:\/\/vozcomoarma.noblogs.org\/index.php?rest_route=\/wp\/v2\/types\/post"}],"author":[{"embeddable":true,"href":"https:\/\/vozcomoarma.noblogs.org\/index.php?rest_route=\/wp\/v2\/users\/7045"}],"replies":[{"embeddable":true,"href":"https:\/\/vozcomoarma.noblogs.org\/index.php?rest_route=%2Fwp%2Fv2%2Fcomments&post=8319"}],"version-history":[{"count":2,"href":"https:\/\/vozcomoarma.noblogs.org\/index.php?rest_route=\/wp\/v2\/posts\/8319\/revisions"}],"predecessor-version":[{"id":8322,"href":"https:\/\/vozcomoarma.noblogs.org\/index.php?rest_route=\/wp\/v2\/posts\/8319\/revisions\/8322"}],"wp:attachment":[{"href":"https:\/\/vozcomoarma.noblogs.org\/index.php?rest_route=%2Fwp%2Fv2%2Fmedia&parent=8319"}],"wp:term":[{"taxonomy":"category","embeddable":true,"href":"https:\/\/vozcomoarma.noblogs.org\/index.php?rest_route=%2Fwp%2Fv2%2Fcategories&post=8319"},{"taxonomy":"post_tag","embeddable":true,"href":"https:\/\/vozcomoarma.noblogs.org\/index.php?rest_route=%2Fwp%2Fv2%2Ftags&post=8319"}],"curies":[{"name":"wp","href":"https:\/\/api.w.org\/{rel}","templated":true}]}}