{"id":8323,"date":"2015-06-18T20:48:24","date_gmt":"2015-06-18T18:48:24","guid":{"rendered":"http:\/\/vozcomoarma.noblogs.org\/?p=8323"},"modified":"2015-06-18T20:48:54","modified_gmt":"2015-06-18T18:48:54","slug":"fanzine-apuntes-de-negacion-poesia-y-conspiracion","status":"publish","type":"post","link":"https:\/\/vozcomoarma.noblogs.org\/?p=8323","title":{"rendered":"[Fanzine] Apuntes de negaci\u00f3n: Poes\u00eda y Conspiraci\u00f3n"},"content":{"rendered":"<div class=\"textLayer\">\n<p><em>\u00abVuelvo<\/em><br \/>\n<em>a escribir<\/em><br \/>\n<em>porque necesito crear,<\/em><br \/>\n<em>porque nada me satisface<\/em><br \/>\n<em>en este gran estercolero<\/em><br \/>\n<em>de la producci\u00f3n mercantil.<\/em><br \/>\n<em>Mi inconsciente es indomable.<\/em><br \/>\n<em>Estos papeles est\u00e1n en revuelta.\u00bb<\/em><\/p>\n<\/div>\n<p style=\"text-align: justify\">Tras pedirle permiso a la persona autora, compa\u00f1erx y amigx personal de quien \u00e9sto escribe, quisiera dejar por aqu\u00ed el fanzine \u00abApuntes de Negaci\u00f3n\u00bb, un proyecto de un\/a compa\u00f1erx que contiene reflexiones suyas y extractos de otras obras y pensamientos, sobre la necesidad de negar lo existente, de romper los condicionamientos y las esperanzas que nos encadenan a la eterna derrota, para por fin poder empezar a vivir.<\/p>\n<p style=\"text-align: justify\">Para descargar el fanzine, click <a href=\"https:\/\/vozcomoarma.noblogs.org\/files\/2015\/06\/APUNTES-DE-NEGACI\u00d3N.pdf\">aqu\u00ed<\/a>.<\/p>\n<p style=\"text-align: justify\"><a href=\"https:\/\/vozcomoarma.noblogs.org\/files\/2015\/06\/Dibujo.jpg\"><img loading=\"lazy\" decoding=\"async\" class=\"aligncenter size-full wp-image-8326\" src=\"https:\/\/vozcomoarma.noblogs.org\/files\/2015\/06\/Dibujo.jpg\" alt=\"Portada Poes\u00eda y Conspi\" width=\"394\" height=\"559\" srcset=\"https:\/\/vozcomoarma.noblogs.org\/files\/2015\/06\/Dibujo.jpg 394w, https:\/\/vozcomoarma.noblogs.org\/files\/2015\/06\/Dibujo-211x300.jpg 211w\" sizes=\"auto, (max-width: 394px) 100vw, 394px\" \/><\/a><\/p>\n","protected":false},"excerpt":{"rendered":"<p>\u00abVuelvo a escribir porque necesito crear, porque nada me satisface en este gran estercolero de la producci\u00f3n mercantil. Mi inconsciente es indomable. Estos papeles est\u00e1n en revuelta.\u00bb Tras pedirle permiso a la persona autora, compa\u00f1erx y amigx personal de quien &hellip; <a href=\"https:\/\/vozcomoarma.noblogs.org\/?p=8323\">Sigue leyendo <span class=\"meta-nav\">&rarr;<\/span><\/a><\/p>\n","protected":false},"author":7045,"featured_media":0,"comment_status":"closed","ping_status":"open","sticky":false,"template":"","format":"standard","meta":{"footnotes":""},"categories":[60,4],"tags":[18,16,26,24],"class_list":["post-8323","post","type-post","status-publish","format-standard","hentry","category-fanzines-y-revistas","category-publicaciones","tag-galicia","tag-guerra-social","tag-insurreccionalismo","tag-reflexion"],"_links":{"self":[{"href":"https:\/\/vozcomoarma.noblogs.org\/index.php?rest_route=\/wp\/v2\/posts\/8323","targetHints":{"allow":["GET"]}}],"collection":[{"href":"https:\/\/vozcomoarma.noblogs.org\/index.php?rest_route=\/wp\/v2\/posts"}],"about":[{"href":"https:\/\/vozcomoarma.noblogs.org\/index.php?rest_route=\/wp\/v2\/types\/post"}],"author":[{"embeddable":true,"href":"https:\/\/vozcomoarma.noblogs.org\/index.php?rest_route=\/wp\/v2\/users\/7045"}],"replies":[{"embeddable":true,"href":"https:\/\/vozcomoarma.noblogs.org\/index.php?rest_route=%2Fwp%2Fv2%2Fcomments&post=8323"}],"version-history":[{"count":3,"href":"https:\/\/vozcomoarma.noblogs.org\/index.php?rest_route=\/wp\/v2\/posts\/8323\/revisions"}],"predecessor-version":[{"id":8328,"href":"https:\/\/vozcomoarma.noblogs.org\/index.php?rest_route=\/wp\/v2\/posts\/8323\/revisions\/8328"}],"wp:attachment":[{"href":"https:\/\/vozcomoarma.noblogs.org\/index.php?rest_route=%2Fwp%2Fv2%2Fmedia&parent=8323"}],"wp:term":[{"taxonomy":"category","embeddable":true,"href":"https:\/\/vozcomoarma.noblogs.org\/index.php?rest_route=%2Fwp%2Fv2%2Fcategories&post=8323"},{"taxonomy":"post_tag","embeddable":true,"href":"https:\/\/vozcomoarma.noblogs.org\/index.php?rest_route=%2Fwp%2Fv2%2Ftags&post=8323"}],"curies":[{"name":"wp","href":"https:\/\/api.w.org\/{rel}","templated":true}]}}