{"id":8348,"date":"2015-06-23T19:18:11","date_gmt":"2015-06-23T17:18:11","guid":{"rendered":"http:\/\/vozcomoarma.noblogs.org\/?p=8348"},"modified":"2016-02-21T05:52:10","modified_gmt":"2016-02-21T04:52:10","slug":"en-la-calle-paul-jara-el-ultimo-de-los-cinco-companeros-encarcelados-por-la-operacion-pinata-que-seguia-en-prision","status":"publish","type":"post","link":"https:\/\/vozcomoarma.noblogs.org\/?p=8348","title":{"rendered":"En la calle Paul Jara, el \u00faltimo de los cinco compa\u00f1eros encarcelados por la Operaci\u00f3n Pi\u00f1ata que segu\u00eda en prisi\u00f3n."},"content":{"rendered":"<p style=\"text-align: justify\">Seg\u00fan inform\u00f3 un correo electr\u00f3nico enviado por lxs compa\u00f1erxs de <a href=\"https:\/\/claudicarnuncarendirsejamas.noblogs.org\/\">Claudicar Nunca, Rendirse Jam\u00e1s<\/a>, Paul Jara, el \u00faltimo compa\u00f1ero que restaba por salir de la prisi\u00f3n preventiva en la que permanec\u00eda desde su arresto en el contexto de la llamada Operaci\u00f3n Pi\u00f1ata, ha sido puesto ya en \u00ablibertad\u00bb, si bien, al igual que el resto de compa\u00f1eros, se mantienen los cargos en su contra.<\/p>\n<p style=\"text-align: justify\">&#8212;&#8212;&#8212;&#8212;&#8212;-<\/p>\n<p align=\"JUSTIFY\"><em>El compa\u00f1ero que se encontraba en la prisi\u00f3n de Estremera es puesto el libertad hoy con cargos y como el resto, a la espera de juicio.<\/em><\/p>\n<p align=\"JUSTIFY\"><em>Tras varios errores y descuidos burocr\u00e1ticos por parte del juzgado y los funcionarios a quienes les compete el caso, finaliza este \u00faltimo capitulo de Operaciones Policiales contra lxs anarquistas y antiautoritarixs en el Estado Espa\u00f1ol.<\/em><\/p>\n<p align=\"JUSTIFY\"><em>No bajamos la guardia, ya que dentro de este entramado de detenciones y encarcelamientos que est\u00e1n aconteciendo, M\u00f3nica y Francisco contin\u00faan privadxs de libertad preventivamente sin juicio a la espera del mismo.<\/em><\/p>\n<p align=\"JUSTIFY\"><em>De igual forma, las c\u00e1rceles contin\u00faan llenas de personas y vidas encerradas bajo cuatro muros. Compa\u00f1erxs anarquistas y rebeldes presxs por luchar contra el Estado, contra el poder y lo socialmente aceptado.<\/em><\/p>\n<p align=\"JUSTIFY\"><em>Presxs secuestrados por no ser ser capaces o no querer aceptar el entramado de leyes democr\u00e1ticas que te califican como ciudadanx modelo. Personas que ven c\u00f3mo su futuro termina entre barrotes por tratar de buscarse la vida.<\/em><\/p>\n<p align=\"JUSTIFY\"><em>Que contin\u00fae la solidaridad, la acci\u00f3n y la difusi\u00f3n anarquistas.<\/em><\/p>\n<p align=\"JUSTIFY\"><em>LIBERTAD ANARQUISTAS PRESXS<br \/>\n<\/em><em>ABAJO LOS MUROS DE LAS PRISIONES<\/em><\/p>\n","protected":false},"excerpt":{"rendered":"<p>Seg\u00fan inform\u00f3 un correo electr\u00f3nico enviado por lxs compa\u00f1erxs de Claudicar Nunca, Rendirse Jam\u00e1s, Paul Jara, el \u00faltimo compa\u00f1ero que restaba por salir de la prisi\u00f3n preventiva en la que permanec\u00eda desde su arresto en el contexto de la llamada &hellip; <a href=\"https:\/\/vozcomoarma.noblogs.org\/?p=8348\">Sigue leyendo <span class=\"meta-nav\">&rarr;<\/span><\/a><\/p>\n","protected":false},"author":7045,"featured_media":0,"comment_status":"closed","ping_status":"open","sticky":false,"template":"","format":"standard","meta":{"footnotes":""},"categories":[61,9,7,209],"tags":[17,16,24,19,11],"class_list":["post-8348","post","type-post","status-publish","format-standard","hentry","category-noticias","category-noticias-y-comunicados","category-presxs","category-presxs-operacion-pinata","tag-carcel","tag-guerra-social","tag-reflexion","tag-represion","tag-solidaridad"],"_links":{"self":[{"href":"https:\/\/vozcomoarma.noblogs.org\/index.php?rest_route=\/wp\/v2\/posts\/8348","targetHints":{"allow":["GET"]}}],"collection":[{"href":"https:\/\/vozcomoarma.noblogs.org\/index.php?rest_route=\/wp\/v2\/posts"}],"about":[{"href":"https:\/\/vozcomoarma.noblogs.org\/index.php?rest_route=\/wp\/v2\/types\/post"}],"author":[{"embeddable":true,"href":"https:\/\/vozcomoarma.noblogs.org\/index.php?rest_route=\/wp\/v2\/users\/7045"}],"replies":[{"embeddable":true,"href":"https:\/\/vozcomoarma.noblogs.org\/index.php?rest_route=%2Fwp%2Fv2%2Fcomments&post=8348"}],"version-history":[{"count":2,"href":"https:\/\/vozcomoarma.noblogs.org\/index.php?rest_route=\/wp\/v2\/posts\/8348\/revisions"}],"predecessor-version":[{"id":8351,"href":"https:\/\/vozcomoarma.noblogs.org\/index.php?rest_route=\/wp\/v2\/posts\/8348\/revisions\/8351"}],"wp:attachment":[{"href":"https:\/\/vozcomoarma.noblogs.org\/index.php?rest_route=%2Fwp%2Fv2%2Fmedia&parent=8348"}],"wp:term":[{"taxonomy":"category","embeddable":true,"href":"https:\/\/vozcomoarma.noblogs.org\/index.php?rest_route=%2Fwp%2Fv2%2Fcategories&post=8348"},{"taxonomy":"post_tag","embeddable":true,"href":"https:\/\/vozcomoarma.noblogs.org\/index.php?rest_route=%2Fwp%2Fv2%2Ftags&post=8348"}],"curies":[{"name":"wp","href":"https:\/\/api.w.org\/{rel}","templated":true}]}}