{"id":839,"date":"2013-09-09T19:50:27","date_gmt":"2013-09-09T17:50:27","guid":{"rendered":"http:\/\/vozcomoarma.noblogs.org\/?p=839"},"modified":"2013-09-09T19:55:19","modified_gmt":"2013-09-09T17:55:19","slug":"libres-lxs-compas-elisa-di-bernardo-y-stefano-gabriele-fosco","status":"publish","type":"post","link":"https:\/\/vozcomoarma.noblogs.org\/?p=839","title":{"rendered":"\u00a1Libres lxs compas Elisa di Bernardo y Stefano Gabriele Fosco!"},"content":{"rendered":"<p style=\"text-align: justify\">Seg\u00fan ha informado <a href=\"http:\/\/es.contrainfo.espiv.net\/2013\/09\/09\/italia-operacion-osadia-stefano-fosco-y-elisa-di-bernardo-en-la-calle\/\">Contrainfo<\/a>, tras haber sido aceptada una petici\u00f3n de libertad por expiraci\u00f3n del plazo de la prisi\u00f3n preventiva, lxs compa\u00f1erxs Elisa di Bernardo y Stefano Gabriele Fosco fueron excarceladxs, uni\u00e9ndose a lxs ya \u00ablibres\u00bb Giusseppe Lo Turco y Alessandro Settepani (excarcelados ya a mediados de junio de este a\u00f1o). Ahora se encuentran con medidas restrictivas como obligaci\u00f3n de firmar en comisar\u00eda y mantener una residencia obligatoria, a la espera del juicio.<\/p>\n<p style=\"text-align: justify\">Por lo tanto, el \u00faltimo de lxs compas de la Operaci\u00f3n Osad\u00eda que queda en el talego es Sergio Maria Stefani.<\/p>\n<p style=\"text-align: justify\">\u00a1Fuerza a lxs compa\u00f1erxs de la Operaci\u00f3n Osad\u00eda!<\/p>\n<p style=\"text-align: center\"><a href=\"https:\/\/vozcomoarma.noblogs.org\/files\/2013\/09\/tumblr_mi6qq2IlPu1rj5a51o1_500.jpg\"><img loading=\"lazy\" decoding=\"async\" class=\"alignnone size-medium wp-image-840\" alt=\"\u00c1rbol cuervos\" src=\"https:\/\/vozcomoarma.noblogs.org\/files\/2013\/09\/tumblr_mi6qq2IlPu1rj5a51o1_500-290x300.jpg\" width=\"381\" height=\"394\" srcset=\"https:\/\/vozcomoarma.noblogs.org\/files\/2013\/09\/tumblr_mi6qq2IlPu1rj5a51o1_500-290x300.jpg 290w, https:\/\/vozcomoarma.noblogs.org\/files\/2013\/09\/tumblr_mi6qq2IlPu1rj5a51o1_500.jpg 500w\" sizes=\"auto, (max-width: 381px) 100vw, 381px\" \/><\/a><\/p>\n","protected":false},"excerpt":{"rendered":"<p>Seg\u00fan ha informado Contrainfo, tras haber sido aceptada una petici\u00f3n de libertad por expiraci\u00f3n del plazo de la prisi\u00f3n preventiva, lxs compa\u00f1erxs Elisa di Bernardo y Stefano Gabriele Fosco fueron excarceladxs, uni\u00e9ndose a lxs ya \u00ablibres\u00bb Giusseppe Lo Turco y &hellip; <a href=\"https:\/\/vozcomoarma.noblogs.org\/?p=839\">Sigue leyendo <span class=\"meta-nav\">&rarr;<\/span><\/a><\/p>\n","protected":false},"author":7045,"featured_media":0,"comment_status":"closed","ping_status":"open","sticky":false,"template":"","format":"standard","meta":{"footnotes":""},"categories":[61,9,56,7],"tags":[17,16,38,19,11],"class_list":["post-839","post","type-post","status-publish","format-standard","hentry","category-noticias","category-noticias-y-comunicados","category-operacion-osadia","category-presxs","tag-carcel","tag-guerra-social","tag-italia","tag-represion","tag-solidaridad"],"_links":{"self":[{"href":"https:\/\/vozcomoarma.noblogs.org\/index.php?rest_route=\/wp\/v2\/posts\/839","targetHints":{"allow":["GET"]}}],"collection":[{"href":"https:\/\/vozcomoarma.noblogs.org\/index.php?rest_route=\/wp\/v2\/posts"}],"about":[{"href":"https:\/\/vozcomoarma.noblogs.org\/index.php?rest_route=\/wp\/v2\/types\/post"}],"author":[{"embeddable":true,"href":"https:\/\/vozcomoarma.noblogs.org\/index.php?rest_route=\/wp\/v2\/users\/7045"}],"replies":[{"embeddable":true,"href":"https:\/\/vozcomoarma.noblogs.org\/index.php?rest_route=%2Fwp%2Fv2%2Fcomments&post=839"}],"version-history":[{"count":2,"href":"https:\/\/vozcomoarma.noblogs.org\/index.php?rest_route=\/wp\/v2\/posts\/839\/revisions"}],"predecessor-version":[{"id":843,"href":"https:\/\/vozcomoarma.noblogs.org\/index.php?rest_route=\/wp\/v2\/posts\/839\/revisions\/843"}],"wp:attachment":[{"href":"https:\/\/vozcomoarma.noblogs.org\/index.php?rest_route=%2Fwp%2Fv2%2Fmedia&parent=839"}],"wp:term":[{"taxonomy":"category","embeddable":true,"href":"https:\/\/vozcomoarma.noblogs.org\/index.php?rest_route=%2Fwp%2Fv2%2Fcategories&post=839"},{"taxonomy":"post_tag","embeddable":true,"href":"https:\/\/vozcomoarma.noblogs.org\/index.php?rest_route=%2Fwp%2Fv2%2Ftags&post=839"}],"curies":[{"name":"wp","href":"https:\/\/api.w.org\/{rel}","templated":true}]}}