{"id":8636,"date":"2015-07-16T12:58:24","date_gmt":"2015-07-16T10:58:24","guid":{"rendered":"http:\/\/vozcomoarma.noblogs.org\/?p=8636"},"modified":"2015-07-16T13:27:10","modified_gmt":"2015-07-16T11:27:10","slug":"8636","status":"publish","type":"post","link":"https:\/\/vozcomoarma.noblogs.org\/?p=8636","title":{"rendered":"Pablo Iglesias ficha para sus listas a un picoleto que defendi\u00f3 expresamente en varias ocasiones el uso de pelotas de goma"},"content":{"rendered":"<p style=\"text-align: justify\">Pablo Iglesias, el aclamado l\u00edder del \u00abcambio\u00bb que nos promete la socialdemocracia reconstitu\u00edda de Podemos (PSOE 2.0), al m\u00e1s puro estilo del partido griego Syriza, decidi\u00f3 incluir en sus listas para las primarias a nada menos que un guardia civil, que adem\u00e1s, en su d\u00eda fue portavoz de la asociaci\u00f3n unificada de este cuerpo represivo.<\/p>\n<p style=\"text-align: justify\">Pero no termina aqu\u00ed la cosa, y por lo visto, el picoleto al que \u00abPablemos\u00bb ha decidido incluir en sus listas es Juan Antonio Delgado, el mismo que desde su cargo como portavoz de la asociaci\u00f3n unificada de la GC, se mostr\u00f3 a favor en varias ocasiones del uso de las pelotas de goma, alegando que quitarle a un antidisturbios las pelotas de goma era <em>\u00abigual que quitarle a un m\u00e9dico su bistur\u00ed\u00bb<\/em>. No le faltaba raz\u00f3n a este bastardo, pues todxs sabemos que un madero sin armas no puede trabajar, porque no es capaz de pensar en otros t\u00e9rminos que no sean los de la sumisi\u00f3n y la obediencia a trav\u00e9s de la fuerza.<\/p>\n<p style=\"text-align: justify\">Al recuperador profesional Pablo Iglesias se le cae poco a poco la careta. Su \u00abfichaje\u00bb es otra muestra m\u00e1s de ello. La m\u00e1scara ya se le cay\u00f3 cuando intent\u00f3 vender al movimiento okupa madrile\u00f1o al ayuntamiento, y cuando se mov\u00eda por los ambientillos altermundistas y antiglobalizaci\u00f3n buscando carnaza. Por entonces era s\u00f3lo un ni\u00f1ato jugando a la desobediencia civil, con aires marxistas y tonynegrismos cutres y panfletarios. Ahora, sin embargo, se ve que el chaval ha evolucionado, y su faceta de socialdem\u00f3crata queda a la vista, aunque \u00e9sto no impide a lxs dem\u00f3cratas m\u00e1s obstinados del Estado espa\u00f1ol el seguir apoy\u00e1ndole y excus\u00e1ndole con pretextos est\u00fapidos.<\/p>\n<p style=\"text-align: justify\">No obstante, y aunque a muchxs no nos sorprende, me parece interesante difundir la siguiente noticia, aunque no proceda de un medio directamente af\u00edn, para poner en evidencia de nuevo a este nuevo jerifalte salvapatrias, y dejar claro de una vez que Podemos no es distinto de otros partidos izquierdistas que en su d\u00eda traicionaron al mismo pueblo que les hab\u00eda subido al poder y acabaron mostr\u00e1ndose como lo que siempre hab\u00edan sido: siervos de la clase dominante, la cadena de transmisi\u00f3n entre los intereses de \u00e9sta y lxs oprimidxs, y lxs encargadxs de mantener el orden social que mantiene los privilegios de las \u00e9lites explotadoras.<\/p>\n<p style=\"text-align: justify\">&#8212;&#8212;&#8212;&#8212;&#8212;&#8212;&#8212;&#8212;&#8212;&#8212;&#8212;&#8212;-<\/p>\n<p class=\"p1\" style=\"text-align: justify\"><em>Juan Antonio Delgado, guardia civil y exportavoz de la asociaci\u00f3n unificada de la Guardia Civil, es uno de los miembros\u00a0de la lista que Pablo Iglesias ha incluido en el proceso de primarias en el que se encuentra inmerso Podemos. Desde su cargo de portavoz de la asociaci\u00f3n, Delgado se ha mostrado en diferentes ocasiones a favor de la utilizaci\u00f3n de\u00a0las balas\u00a0de goma, material antidisturbios muy agresivo que ha ocasionado diferentes lesiones en manifestaciones y otros eventos como es el caso de <a href=\"https:\/\/www.youtube.com\/watch?v=ksm7f3ey1bc\" target=\"_blank\">Ester Quintana<\/a> y <a href=\"http:\/\/politica.elpais.com\/politica\/2014\/03\/14\/actualidad\/1394824361_334879.html\" target=\"_blank\">Consuelo Baud\u00edn<\/a>, e incluso la muerte como el caso de <a href=\"http:\/\/www.elmundo.es\/elmundo\/2012\/04\/10\/paisvasco\/1334072731.html\" target=\"_blank\">I\u00f1igo Cabacas<\/a>.<\/em><\/p>\n<p class=\"p1\" style=\"text-align: justify\"><em><span class=\"s1\">En febrero de 2014 se produjo una tragedia\u00a0en la playa del Tarajal. La Guardia Civil us\u00f3 balas de goma que acabaron con la muerte de 15 inmigrantes que intentaban llegar a Espa\u00f1a nadando. En los d\u00edas posteriores, tras la presi\u00f3n medi\u00e1tica que se gener\u00f3, el Ministerio del Interior anunci\u00f3 que se dejar\u00eda de usar este tipo de material antidisturbios. Juan Antonio Delgado se mostr\u00f3 entonces contrario a la eliminaci\u00f3n de este tipo de arma. En una entrevista en la Cadena Cope declar\u00f3 que eliminar las pelotas de goma ser\u00eda <a href=\"http:\/\/www.20minutos.es\/noticia\/2068277\/0\/guardia-civil\/prohibicion\/pelota-de-goma\/\" target=\"_blank\">\u201ccomo quitar a un m\u00e9dico un bistur\u00ed\u201d<\/a>. La misma comparaci\u00f3n quir\u00fargica us\u00f3 en un reportaje en el diario El Mundo en<a href=\"http:\/\/quiosco.elmundo.orbyt.es\/ModoTexto\/PaginaNoticiaImprimir.aspx?id=20984772&amp;sec=El%20Mundo&amp;fecha=26_02_2014&amp;pla=pla_11014_Madrid&amp;tipo=1\" target=\"_blank\"> febrero de 2014<\/a>: \u201cEs como el m\u00e9dico, que tiene el bistur\u00ed para casos concretos, pero no lo usa con el primero que llega diciendo que le duele la garganta\u201d.\u00a0<\/span><\/em><\/p>\n<p class=\"p1\" style=\"text-align: justify\"><em><span class=\"s1\">En los mismos t\u00e9rminos se expres\u00f3 en un reportaje en P\u00fablico, cuando declar\u00f3 que <a href=\"http:\/\/www.publico.es\/politica\/interior-prohibe-utilizar-pelotas-goma.html\" target=\"_blank\">\u201clas pelotas de goma son una herramienta fundamental de trabajo\u201d<\/a>. El miembro de la lista de Pablo Iglesias defendi\u00f3 la necesidad del uso de este material y diferenci\u00f3: \u201cEl inmigrante no es una persona que quema un contenedor en una manifestaci\u00f3n y, por tanto, hay que dar una respuesta diferente\u201d.<\/span><\/em><\/p>\n<p class=\"p1\" style=\"text-align: justify\"><em>La inclusi\u00f3n en la lista de un guardia civil que defiende el uso de las balas de goma contrasta con la opini\u00f3n que Pablo Iglesias ha defendido en multitud de ocasiones sobre este material antidisturbios.<\/em><\/p>\n<p class=\"p1\" style=\"text-align: justify\"><a href=\"https:\/\/vozcomoarma.noblogs.org\/files\/2015\/07\/dibujo3.jpg\"><img loading=\"lazy\" decoding=\"async\" class=\" size-full wp-image-8640 aligncenter\" src=\"https:\/\/vozcomoarma.noblogs.org\/files\/2015\/07\/dibujo3.jpg\" alt=\"dibujo3\" width=\"321\" height=\"364\" srcset=\"https:\/\/vozcomoarma.noblogs.org\/files\/2015\/07\/dibujo3.jpg 321w, https:\/\/vozcomoarma.noblogs.org\/files\/2015\/07\/dibujo3-265x300.jpg 265w\" sizes=\"auto, (max-width: 321px) 100vw, 321px\" \/><\/a><\/p>\n","protected":false},"excerpt":{"rendered":"<p>Pablo Iglesias, el aclamado l\u00edder del \u00abcambio\u00bb que nos promete la socialdemocracia reconstitu\u00edda de Podemos (PSOE 2.0), al m\u00e1s puro estilo del partido griego Syriza, decidi\u00f3 incluir en sus listas para las primarias a nada menos que un guardia civil, &hellip; <a href=\"https:\/\/vozcomoarma.noblogs.org\/?p=8636\">Sigue leyendo <span class=\"meta-nav\">&rarr;<\/span><\/a><\/p>\n","protected":false},"author":7045,"featured_media":0,"comment_status":"closed","ping_status":"open","sticky":false,"template":"","format":"standard","meta":{"footnotes":""},"categories":[61,9],"tags":[16,67,42,24,19],"class_list":["post-8636","post","type-post","status-publish","format-standard","hentry","category-noticias","category-noticias-y-comunicados","tag-guerra-social","tag-madrid","tag-movimientos-sociales","tag-reflexion","tag-represion"],"_links":{"self":[{"href":"https:\/\/vozcomoarma.noblogs.org\/index.php?rest_route=\/wp\/v2\/posts\/8636","targetHints":{"allow":["GET"]}}],"collection":[{"href":"https:\/\/vozcomoarma.noblogs.org\/index.php?rest_route=\/wp\/v2\/posts"}],"about":[{"href":"https:\/\/vozcomoarma.noblogs.org\/index.php?rest_route=\/wp\/v2\/types\/post"}],"author":[{"embeddable":true,"href":"https:\/\/vozcomoarma.noblogs.org\/index.php?rest_route=\/wp\/v2\/users\/7045"}],"replies":[{"embeddable":true,"href":"https:\/\/vozcomoarma.noblogs.org\/index.php?rest_route=%2Fwp%2Fv2%2Fcomments&post=8636"}],"version-history":[{"count":4,"href":"https:\/\/vozcomoarma.noblogs.org\/index.php?rest_route=\/wp\/v2\/posts\/8636\/revisions"}],"predecessor-version":[{"id":8642,"href":"https:\/\/vozcomoarma.noblogs.org\/index.php?rest_route=\/wp\/v2\/posts\/8636\/revisions\/8642"}],"wp:attachment":[{"href":"https:\/\/vozcomoarma.noblogs.org\/index.php?rest_route=%2Fwp%2Fv2%2Fmedia&parent=8636"}],"wp:term":[{"taxonomy":"category","embeddable":true,"href":"https:\/\/vozcomoarma.noblogs.org\/index.php?rest_route=%2Fwp%2Fv2%2Fcategories&post=8636"},{"taxonomy":"post_tag","embeddable":true,"href":"https:\/\/vozcomoarma.noblogs.org\/index.php?rest_route=%2Fwp%2Fv2%2Ftags&post=8636"}],"curies":[{"name":"wp","href":"https:\/\/api.w.org\/{rel}","templated":true}]}}