{"id":8645,"date":"2015-07-17T12:57:09","date_gmt":"2015-07-17T10:57:09","guid":{"rendered":"http:\/\/vozcomoarma.noblogs.org\/?p=8645"},"modified":"2015-07-17T12:59:53","modified_gmt":"2015-07-17T10:59:53","slug":"unio-mystika","status":"publish","type":"post","link":"https:\/\/vozcomoarma.noblogs.org\/?p=8645","title":{"rendered":"[M\u00fasica] Brasil &#8211; Unio Mystika: Proyecto antiautoritario de difusi\u00f3n musical y cultural"},"content":{"rendered":"<p align=\"JUSTIFY\">El compa de este proyecto musical y cultural desde Brasil se puso en contacto para difundir su web y su m\u00fasica, a lo que accedo con gusto, no sin antes agradecer al compa\u00f1ero que incluyese este blog en su lista de recomendadxs, y tambi\u00e9n el trabajo que realiza.<\/p>\n<p align=\"JUSTIFY\">Unio Mystika es un proyecto musical y de difusi\u00f3n antiautoritario afincado en Brasil, y ligado a la ecolog\u00eda profunda y las luchas contra la dominaci\u00f3n. Siguen a continuaci\u00f3n fragmentos tomados del texto de presentaci\u00f3n del proyecto publicado en su web, y traducidos al castellano. Para visitar el sitio web de Unio Mystika, mira <a href=\"http:\/\/www.uniomystikaum.org\/\">aqu\u00ed<\/a>.<\/p>\n<p align=\"JUSTIFY\">&#8212;&#8212;&#8212;&#8212;&#8212;&#8212;&#8212;&#8212;&#8212;-<\/p>\n<p align=\"JUSTIFY\"><em>Unio Mystika eres t\u00fa.<\/em><\/p>\n<p align=\"JUSTIFY\"><em>La iniciativa es un proyecto personal que se volvi\u00f3 abierto y popular teniendo como propuesta idealizar la promoci\u00f3n y construcci\u00f3n de ideas y pr\u00e1cticas de elementos que envuelvan acciones libertarias.<\/em><\/p>\n<p align=\"JUSTIFY\"><em>Inicialmente musical, ingresa tambi\u00e9n en el medio de la escritura para expandir los abordajes y con eso promulgar realizaciones pr\u00f3ximas a una edificaci\u00f3n social anarquista. Por medio de la m\u00fasica o de otras expresiones y pr\u00e1cticas art\u00edsticas y no art\u00edsticas, busca unir y colectivizar o incluso individualmente por visionarios circulares a acciones directas de esp\u00edritu \u201cHazlo T\u00fa Mismx\u201d en torno a temas que aborden toda una organizaci\u00f3n social de fuerza popular e individual autogestionaria, autosostenible y autodeterminante.<\/em><\/p>\n<p align=\"JUSTIFY\"><img loading=\"lazy\" decoding=\"async\" class=\" aligncenter\" src=\"http:\/\/1.bp.blogspot.com\/-dUdymqWw6-g\/VXh4Df3HTmI\/AAAAAAAADUA\/mzz8HBMOkBs\/s640\/arte%2Boficial.png\" alt=\"\" width=\"438\" height=\"452\" \/><\/p>\n<p align=\"JUSTIFY\"><em>El nombre \u201cUni\u00f3n M\u00edstica\u201dviene no para ser interpretado literalmente, no exactamente, sino para tener un amplio sentido. Es metaf\u00f3rico, una met\u00e1fora para ser an\u00e1loga a la representaci\u00f3n de lo arcano y lo profano, sin embargo transmitiendo un car\u00e1cter dial\u00e9ctico pol\u00edtico-social y no exclusivamente espiritual. Si el m\u00edstico dentro del mundo espiritual es el ser libre, la \u201cUni\u00f3n M\u00edstica\u201d ser\u00eda una legi\u00f3n de seres libres y libertadores, portadores del conocimiento oculto y prohibido y amantes de la osad\u00eda apasionante de liberar; nihilistas insumisos a la cultura de masas y destructores de cualquier manifestaci\u00f3n de la c\u00e1rcel y otros contaminantes de corazones profanos, desesperanzados y ajenos. El arte-sabotaje con esp\u00edritu insurreccional y antiautoritario de ruptura total. Una met\u00e1fora. La \u201cUni\u00f3n M\u00edstica\u201d quiere decir primordialmente \u201cUni\u00f3n de libertos y libertarios\u201d, una legi\u00f3n de seres auto-entendidos y autogobernados detentores de saberes destructores de la realidad impuesta, superflua y limitada y deseos del estado natural humano, la anarqu\u00eda. Soy yo, eres t\u00fa, o cualquier otrx visionarix.<\/em><\/p>\n<p align=\"JUSTIFY\"><em>\u00danete a la Uni\u00f3n.<\/em><\/p>\n<p style=\"text-align: center\" align=\"JUSTIFY\">[vsw id=\u00bbBUBgmAXSwq8&#8243; source=\u00bbyoutube\u00bb width=\u00bb425&#8243; height=\u00bb344&#8243; autoplay=0]<\/p>\n","protected":false},"excerpt":{"rendered":"<p>El compa de este proyecto musical y cultural desde Brasil se puso en contacto para difundir su web y su m\u00fasica, a lo que accedo con gusto, no sin antes agradecer al compa\u00f1ero que incluyese este blog en su lista &hellip; <a href=\"https:\/\/vozcomoarma.noblogs.org\/?p=8645\">Sigue leyendo <span class=\"meta-nav\">&rarr;<\/span><\/a><\/p>\n","protected":false},"author":7045,"featured_media":0,"comment_status":"closed","ping_status":"open","sticky":false,"template":"","format":"standard","meta":{"footnotes":""},"categories":[108,61,9],"tags":[47,30,16,26,42,24],"class_list":["post-8645","post","type-post","status-publish","format-standard","hentry","category-musica","category-noticias","category-noticias-y-comunicados","tag-anti-desarrollismo","tag-critica-anti-industrial","tag-guerra-social","tag-insurreccionalismo","tag-movimientos-sociales","tag-reflexion"],"_links":{"self":[{"href":"https:\/\/vozcomoarma.noblogs.org\/index.php?rest_route=\/wp\/v2\/posts\/8645","targetHints":{"allow":["GET"]}}],"collection":[{"href":"https:\/\/vozcomoarma.noblogs.org\/index.php?rest_route=\/wp\/v2\/posts"}],"about":[{"href":"https:\/\/vozcomoarma.noblogs.org\/index.php?rest_route=\/wp\/v2\/types\/post"}],"author":[{"embeddable":true,"href":"https:\/\/vozcomoarma.noblogs.org\/index.php?rest_route=\/wp\/v2\/users\/7045"}],"replies":[{"embeddable":true,"href":"https:\/\/vozcomoarma.noblogs.org\/index.php?rest_route=%2Fwp%2Fv2%2Fcomments&post=8645"}],"version-history":[{"count":3,"href":"https:\/\/vozcomoarma.noblogs.org\/index.php?rest_route=\/wp\/v2\/posts\/8645\/revisions"}],"predecessor-version":[{"id":8649,"href":"https:\/\/vozcomoarma.noblogs.org\/index.php?rest_route=\/wp\/v2\/posts\/8645\/revisions\/8649"}],"wp:attachment":[{"href":"https:\/\/vozcomoarma.noblogs.org\/index.php?rest_route=%2Fwp%2Fv2%2Fmedia&parent=8645"}],"wp:term":[{"taxonomy":"category","embeddable":true,"href":"https:\/\/vozcomoarma.noblogs.org\/index.php?rest_route=%2Fwp%2Fv2%2Fcategories&post=8645"},{"taxonomy":"post_tag","embeddable":true,"href":"https:\/\/vozcomoarma.noblogs.org\/index.php?rest_route=%2Fwp%2Fv2%2Ftags&post=8645"}],"curies":[{"name":"wp","href":"https:\/\/api.w.org\/{rel}","templated":true}]}}