{"id":8674,"date":"2015-07-29T13:29:11","date_gmt":"2015-07-29T11:29:11","guid":{"rendered":"http:\/\/vozcomoarma.noblogs.org\/?p=8674"},"modified":"2015-07-29T13:30:12","modified_gmt":"2015-07-29T11:30:12","slug":"8674","status":"publish","type":"post","link":"https:\/\/vozcomoarma.noblogs.org\/?p=8674","title":{"rendered":"M\u00e9xico &#8211; Ataque incendiario contra concesionario Toyota"},"content":{"rendered":"<p style=\"text-align: justify\">El comunicado a continuaci\u00f3n, tomado de <a href=\"es.contrainfo.espiv.net\/2015\/07\/22\/mexico-ataque-incendiario-a-concesionaria-de-toyota\/\">Contra Info<\/a>, reclama un ataque incendiario dirigido contra un concesionario de autom\u00f3viles de la marca Toyota en M\u00e9xico D. F. en la noche del 25 de junio:<\/p>\n<p style=\"text-align: justify\">&#8212;&#8212;&#8212;&#8212;&#8212;&#8212;&#8212;&#8212;&#8212;-<\/p>\n<p style=\"text-align: justify\"><em>\u201cEl progreso, la tecnolog\u00eda y la civilizaci\u00f3n nos obligan a dar guerra aqu\u00ed y ahora contra toda dominaci\u00f3n y sus tent\u00e1culos que nos amordazan\u201d<\/em><\/p>\n<p style=\"text-align: justify\"><em>A primeras horas de la madrugada del jueves 25 de junio hicimos detonar un artefacto incendiario en una concesionaria de Toyota ubicada sobre avenida Vallejo burlando sus medidas de seguridad y esquivando su sistema de patrullaje y despistando sus c\u00e1maras de espionaje, demostrando que la guerra es aqu\u00ed y ahora, que ni todas sus c\u00e1maras, patrullas, balas y todo de lo que se valgan para contrarrestar nuestro accionar es in\u00fatil pues aunque tapicen de c\u00e1maras de espionaje masivo las calles y aunque desplieguen sus esbirros por todo el territorio seguiremos atacando, ganando terreno a pasos agigantados contra la dominaci\u00f3n.<\/em><\/p>\n<p style=\"text-align: justify\"><em>En esta acci\u00f3n reivindicamos a cada compa\u00f1erx asesinadx, secuestradx, amenazadx, torturadx, presx y enjuiciadx de M\u00e9xico y el mundo, que les quede claro que cada bala se va a devolver, que aunque nos maten o encierren tengan presente que ustedes van a correr la misma suerte, por cada compa muertx, mataremos a mil m\u00e1s de ustedes. por el junio negro que bien lo dicen, junio no acaba el 7 ni ning\u00fan otro mes o d\u00eda, esto es un llamado a seguir la guerra permanente.<\/em><\/p>\n<p style=\"text-align: justify\"><em>\u00a1\u00a1Contra su tecnolog\u00eda y sus medios que intoxican y asesinan la naturaleza salvaje!!<br \/>\n<\/em><em>\u00a1\u00a1No por un Junio, sino por una guerra negra permanente!!<br \/>\n<\/em><em>\u00a1\u00a1Fuego a la civilizaci\u00f3n!!<\/em><\/p>\n<p style=\"text-align: justify\"><em>Saludamos tambi\u00e9n a lxs compas en fuga Felicity, Chivo, Tripa reciban un fuerte abrazo, desde la clandestinidad la guerra sigue. Tambi\u00e9n abrazamos la huelga de hambre de la Coordinadora Informal de Presxs, sepan compas que es posible emprender la fuga, salud y libertad a lxs presxs de todas las geograf\u00edas.<\/em><\/p>\n<p style=\"text-align: justify\"><img loading=\"lazy\" decoding=\"async\" class=\" aligncenter\" src=\"http:\/\/es.contrainfo.espiv.net\/files\/2012\/09\/burnin.jpg\" alt=\"\" width=\"600\" height=\"337\" \/><\/p>\n","protected":false},"excerpt":{"rendered":"<p>El comunicado a continuaci\u00f3n, tomado de Contra Info, reclama un ataque incendiario dirigido contra un concesionario de autom\u00f3viles de la marca Toyota en M\u00e9xico D. F. en la noche del 25 de junio: &#8212;&#8212;&#8212;&#8212;&#8212;&#8212;&#8212;&#8212;&#8212;- \u201cEl progreso, la tecnolog\u00eda y la &hellip; <a href=\"https:\/\/vozcomoarma.noblogs.org\/?p=8674\">Sigue leyendo <span class=\"meta-nav\">&rarr;<\/span><\/a><\/p>\n","protected":false},"author":7045,"featured_media":0,"comment_status":"closed","ping_status":"open","sticky":false,"template":"","format":"standard","meta":{"footnotes":""},"categories":[58,61,9],"tags":[47,30,16,26,53,24,19,10,11],"class_list":["post-8674","post","type-post","status-publish","format-standard","hentry","category-acciones","category-noticias","category-noticias-y-comunicados","tag-anti-desarrollismo","tag-critica-anti-industrial","tag-guerra-social","tag-insurreccionalismo","tag-mexico","tag-reflexion","tag-represion","tag-sabotaje","tag-solidaridad"],"_links":{"self":[{"href":"https:\/\/vozcomoarma.noblogs.org\/index.php?rest_route=\/wp\/v2\/posts\/8674","targetHints":{"allow":["GET"]}}],"collection":[{"href":"https:\/\/vozcomoarma.noblogs.org\/index.php?rest_route=\/wp\/v2\/posts"}],"about":[{"href":"https:\/\/vozcomoarma.noblogs.org\/index.php?rest_route=\/wp\/v2\/types\/post"}],"author":[{"embeddable":true,"href":"https:\/\/vozcomoarma.noblogs.org\/index.php?rest_route=\/wp\/v2\/users\/7045"}],"replies":[{"embeddable":true,"href":"https:\/\/vozcomoarma.noblogs.org\/index.php?rest_route=%2Fwp%2Fv2%2Fcomments&post=8674"}],"version-history":[{"count":2,"href":"https:\/\/vozcomoarma.noblogs.org\/index.php?rest_route=\/wp\/v2\/posts\/8674\/revisions"}],"predecessor-version":[{"id":8676,"href":"https:\/\/vozcomoarma.noblogs.org\/index.php?rest_route=\/wp\/v2\/posts\/8674\/revisions\/8676"}],"wp:attachment":[{"href":"https:\/\/vozcomoarma.noblogs.org\/index.php?rest_route=%2Fwp%2Fv2%2Fmedia&parent=8674"}],"wp:term":[{"taxonomy":"category","embeddable":true,"href":"https:\/\/vozcomoarma.noblogs.org\/index.php?rest_route=%2Fwp%2Fv2%2Fcategories&post=8674"},{"taxonomy":"post_tag","embeddable":true,"href":"https:\/\/vozcomoarma.noblogs.org\/index.php?rest_route=%2Fwp%2Fv2%2Ftags&post=8674"}],"curies":[{"name":"wp","href":"https:\/\/api.w.org\/{rel}","templated":true}]}}