{"id":8736,"date":"2015-08-25T17:37:11","date_gmt":"2015-08-25T15:37:11","guid":{"rendered":"http:\/\/vozcomoarma.noblogs.org\/?p=8736"},"modified":"2015-08-25T17:37:11","modified_gmt":"2015-08-25T15:37:11","slug":"llamado-a-la-solidaridad-por-parte-de-lxs-compas-represaliadxs-en-la-operacion-pinata","status":"publish","type":"post","link":"https:\/\/vozcomoarma.noblogs.org\/?p=8736","title":{"rendered":"Llamado a la solidaridad por parte de lxs compas represaliadxs en la Operaci\u00f3n Pi\u00f1ata"},"content":{"rendered":"<p style=\"text-align: justify\">Recibo en el correo electr\u00f3nico el siguiente llamado a la solidaridad con las personas que fueron represaliadas en el marco de la Operaci\u00f3n Pi\u00f1ata:<\/p>\n<p style=\"text-align: justify\">&#8212;&#8212;&#8212;&#8212;&#8212;&#8212;&#8212;&#8212;&#8212;&#8212;<\/p>\n<p style=\"text-align: justify\"><em>Ya han pasado casi cinco meses desde el d\u00eda en que nos detuvieron bajo la acusaci\u00f3n de pertenencia a organizaci\u00f3n criminal con fines terroristas y tal vez pueda resultar un poco extra\u00f1o ver un llamamiento a la solidaridad a estas alturas. Pero, pese a las acusaciones de la polic\u00eda y del juez, no somos ni \u00e9ramos un grupo organizado con un trabajo en com\u00fan; por ello y por haber tenido durante casi dos meses a cinco de nosotros en la c\u00e1rcel, con todo el trabajo que ello comporta, no es f\u00e1cil juntarnos para hablar ni para hacer ni un comunicado ni un posicionamiento frente a nada. Por eso, sale ahora este texto consensuado y que tal vez sea aplicable a la solidaridad con otras personas y colectivos.<\/em><\/p>\n<p><em>Como bien es sabido, el pasado 30 de marzo tuvo lugar la llamada \u201cOperaci\u00f3n Pi\u00f1ata\u201d a cargo de la Polic\u00eda Nacional, en la que fuimos detenidas 15 personas entre las ciudades de Barcelona, Madrid y Palencia, todas nosotras de militancia anarquista y\/o antiautoritaria.<\/em><\/p>\n<p style=\"text-align: justify\"><em>5 personas fueron secuestradas por el Estado en forma de prisi\u00f3n preventiva durante 2 meses, mientras que las 10 restantes fuimos puestas en libertad con cargos a espera de juicio, todas acusadas de organizaci\u00f3n criminal con fines terroristas.<\/em><\/p>\n<p><em>En todos estos meses, (teniendo en cuenta tambi\u00e9n las muestras de solidaridad en relaci\u00f3n a la anterior \u201cOperaci\u00f3n Pandora\u201d), los gestos solidarios para visualizar y mostrar el rechazo a estas operaciones represivas se han dado alrededor de todo el globo y nos han hecho sonre\u00edr en ciertos momentos grises. La solidaridad es una herramienta inherente a toda lucha y m\u00e1s cuando el Estado golpea. Para que \u00e9sta responda verdaderamente a su nombre no es, ni puede ser, controlable ni dirigible por nadie. La expresi\u00f3n solidaria no entiende ni de normas ni de jerarqu\u00edas siendo as\u00ed v\u00e1lidas todas sus expresiones.<\/em><\/p>\n<p style=\"text-align: justify\"><em>La legitimidad de analizar un golpe represivo, o de marcar cu\u00e1les son los l\u00edmites tanto discursivos como pr\u00e1cticos de los actos solidarios, no son ni pueden venir dados s\u00f3lo por aquellas personas imputadas o las m\u00e1s cercanas a los casos, sobre todo cuando se puede valorar que los grupos fijos o de apoyo espec\u00edfico no son lo \u00fanico v\u00e1lido como perspectiva de lucha para confrontar la represi\u00f3n, sino que la solidaridad tiene que ir de la mano de la iniciativa individual y aut\u00f3noma as\u00ed como de su capacidad de adaptaci\u00f3n en cada caso y momento de conflicto.<\/em><\/p>\n<p><em>Considerando que no tenemos la potestad de decir ni c\u00f3mo ni cuando, pero s\u00ed con la intencionalidad de hacer un llamamiento a la solidaridad y buscando que esta se extienda en todas sus formas y remarcando que, a pesar de lo que considera la acusaci\u00f3n, las aqu\u00ed fuera presentes, no tenemos ni ten\u00edamos un trabajo pol\u00edtico previo en com\u00fan, queremos definir una l\u00ednea de m\u00ednimos en este llamamiento a la solidaridad:<\/em><\/p>\n<p><em>&#8211; Que nadie hable en nuestro nombre, como nosotrxs no hablamos en nombre de ninguna otra persona ni de ning\u00fan colectivo.<\/em><\/p>\n<p><em>&#8211; No queremos ning\u00fan tipo de vinculaci\u00f3n con, ni que se busque el apoyo de, partidos ni instituciones pol\u00edticas. Porque, como es evidente, no s\u00f3lo significa un choque frontal con nuestras ideas pol\u00edticas, sino porque tampoco queremos que ning\u00fan partido ni instituci\u00f3n del Estado saque r\u00e9dito pol\u00edtico a nuestra costa.<\/em><\/p>\n<p><em>&#8211; Que no se plantee la dualidad inocencia\/culpabilidad. Sabemos que \u00e9ste es un ataque a la disidencia y no somos nosotrxs las que actuaremos en t\u00e9rminos de inocencia o culpabilidad. Buscar la absoluci\u00f3n de \u00ablas inocentes\u00bb puede significar se\u00f1alar a \u00ablxs culpables\u00bb adem\u00e1s de obligar (a lxs imputadxs) a posicionarse sobre determinadas pr\u00e1cticas en vez de analizar en s\u00ed la situaci\u00f3n represiva. Adem\u00e1s lo reduce todo a un mero conflicto legal \u2014si se tiene relaci\u00f3n con el delito o no\u2014 en lugar de valorar la represi\u00f3n como un hecho pol\u00edtico.<\/em><\/p>\n<p><em>&#8211; Que no se hable de montaje policial, pese a que en este caso se da una clara construcci\u00f3n de un enemigo interno gracias a la tan manida literatura policial. La palabra montaje ha sido utilizada abusivamente por parte de los diferentes movimientos de izquierda en el pasado, y su abuso deslegitima las pr\u00e1cticas de lucha de mucha gente adem\u00e1s de enfrentarse a la represi\u00f3n s\u00f3lo desde el posicionamiento del binomio inocencia-culpabilidad. Siguiendo la l\u00f3gica anterior hablar de montaje policial en algunos casos deja entender que en el resto la actuaci\u00f3n policial estar\u00eda justificada. Aun as\u00ed, es evidente que la polic\u00eda miente y se inventa pruebas, que los medios de comunicaci\u00f3n propagan estas mentiras y que los jueces encarcelan sin contrastar toda la literatura policial que se les presenta en cada caso. Y esto sucede siempre, desde el atestado policial exagerado que ayuda a encarcelar al carterista reincidente hasta la en\u00e9sima operaci\u00f3n antiterrorista. Este posicionamiento, en s\u00ed mismo, es fruto de obviar la existencia de un conflicto abierto entre el Estado y todo aquel que se posicione y act\u00fae en contra de sus intereses y su orden establecido y de cuya confrontaci\u00f3n se deriva una represi\u00f3n l\u00f3gica. No consideramos dicha represi\u00f3n ni m\u00e1s ni menos leg\u00edtima cuando se efect\u00faa en base a pruebas sobre actos que el Estado decide que son delictivos (y penalizables de tal o cual modo) seg\u00fan sus intereses o cuando se materializa en forma de una construcci\u00f3n policial en la que se encajan las piezas a su gusto&#8230; al fin y al cabo, el objetivo es el mismo: eliminar, paralizar y silenciar un discurso y unas pr\u00e1cticas pol\u00edticas que confrontan directamente sus intereses y que por lo tanto resultan inc\u00f3modas al poder.<\/em><\/p>\n<p><em>&#8211; No consideramos los medios de comunicaci\u00f3n de masas como canales utilizables ya que dichos medios desarrollan un papel crucial, entre muchas otras cosas, en la construcci\u00f3n de la imagen del enemigo necesario en cada momento. Es clara la vinculaci\u00f3n de todos ellos con los diferentes intereses pol\u00edticos as\u00ed como su total dependencia de sus benefactores econ\u00f3micos. Es el circo medi\u00e1tico el que criminaliza, apunta y legitima la represi\u00f3n. Especialmente delicada es la situaci\u00f3n de todas aquellas personas que est\u00e1n siendo acusadas de yihadismo en un nuevo intento de crear un enemigo exterior que vaya mano a mano con el enemigo interior. Ambos legitiman la existencia de todo el aparato antiterrorista.<\/em><\/p>\n<p><em>&#8211; No es un ataque contra las ideas como algo abstracto. Detr\u00e1s de las palabras hay unas pr\u00e1cticas consideradas mucho m\u00e1s peligrosas por el statu quo actual y contra las que se lanzan estas acusaciones de terrorismo. La misma definici\u00f3n de terrorismo es voluntariamente ambigua para poder adaptarla en funci\u00f3n de los deseos y necesidades de la polic\u00eda y los jueces. Son la auto-organizaci\u00f3n, la creaci\u00f3n de redes de apoyo mutuo y de puntos de encuentro con otras luchas, la extensi\u00f3n de la solidaridad, la creaci\u00f3n de comunidades&#8230; lo que se ataca. Y es por ello que los \u00faltimos golpes represivos, amparados en la ley antiterrorista, no est\u00e1n alejados de los que han golpeado a los compa\u00f1eros de Galicia o al entorno de la izquierda abertzale. De la misma manera que se est\u00e1 atacando a los huelguistas, o a las compa\u00f1eras detenidas durante manifestaciones y\/o desalojos, etc\u00e9tera.<\/em><\/p>\n<p><em>-Tambi\u00e9n nos gustar\u00eda remarcar el hecho de que entre las personas imputadas en esta operaci\u00f3n hay compa\u00f1eras que se definen como anarquistas y otras que no y que tampoco necesitan definirse de ninguna manera. Esto es importante se\u00f1alarlo porque ver en estas operaciones \u00fanicamente un ataque contra el entorno anarquista significa simplificar y reducir el conflicto a un entorno, definido como tal desde la represi\u00f3n misma y aislarlo del resto de las luchas. No olvidemos que se trata de un ataque contra un conjunto de pr\u00e1cticas utilizadas, en el pasado y esperemos que muchas se mantengan en el futuro, por diferentes movimientos pol\u00edticos.<\/em><\/p>\n<p><em>Dicho todo \u00e9sto, s\u00f3lo nos queda mandar un fraternal saludo lleno de fuerza a todas las compa\u00f1eras represaliadas bajo diferentes casos, circunstancias e ideas pol\u00edticas, especialmente a las que se encuentran secuestradas en prisi\u00f3n.<\/em><\/p>\n<p><em>Entendemos la represi\u00f3n como algo inherente a toda lucha que busque transformar nuestra realidad de miseria y explotaci\u00f3n. Por ello&#8230;<\/em><\/p>\n<p style=\"text-align: justify\"><em>&#8230; la lucha es el \u00fanico camino.<\/em><\/p>\n<p style=\"text-align: justify\"><a href=\"https:\/\/vozcomoarma.noblogs.org\/files\/2015\/08\/la-lucha-es-el-\u00fanico-camino.png\"><img loading=\"lazy\" decoding=\"async\" class=\" size-full wp-image-8737 aligncenter\" src=\"https:\/\/vozcomoarma.noblogs.org\/files\/2015\/08\/la-lucha-es-el-\u00fanico-camino.png\" alt=\"la-lucha-es-el-\u00fanico-camino\" width=\"643\" height=\"487\" srcset=\"https:\/\/vozcomoarma.noblogs.org\/files\/2015\/08\/la-lucha-es-el-\u00fanico-camino.png 643w, https:\/\/vozcomoarma.noblogs.org\/files\/2015\/08\/la-lucha-es-el-\u00fanico-camino-300x227.png 300w\" sizes=\"auto, (max-width: 643px) 100vw, 643px\" \/><\/a><\/p>\n","protected":false},"excerpt":{"rendered":"<p>Recibo en el correo electr\u00f3nico el siguiente llamado a la solidaridad con las personas que fueron represaliadas en el marco de la Operaci\u00f3n Pi\u00f1ata: &#8212;&#8212;&#8212;&#8212;&#8212;&#8212;&#8212;&#8212;&#8212;&#8212; Ya han pasado casi cinco meses desde el d\u00eda en que nos detuvieron bajo la &hellip; <a href=\"https:\/\/vozcomoarma.noblogs.org\/?p=8736\">Sigue leyendo <span class=\"meta-nav\">&rarr;<\/span><\/a><\/p>\n","protected":false},"author":7045,"featured_media":0,"comment_status":"closed","ping_status":"open","sticky":false,"template":"","format":"standard","meta":{"footnotes":""},"categories":[132,59,61,9,7,209,193],"tags":[107,16,67,42,160,24,19,11],"class_list":["post-8736","post","type-post","status-publish","format-standard","hentry","category-acusadxs-comando-mateo-morral","category-convocatorias","category-noticias","category-noticias-y-comunicados","category-presxs","category-presxs-operacion-pinata","category-presxs-16-d-barna-y-madrid","tag-barcelona","tag-guerra-social","tag-madrid","tag-movimientos-sociales","tag-palencia","tag-reflexion","tag-represion","tag-solidaridad"],"_links":{"self":[{"href":"https:\/\/vozcomoarma.noblogs.org\/index.php?rest_route=\/wp\/v2\/posts\/8736","targetHints":{"allow":["GET"]}}],"collection":[{"href":"https:\/\/vozcomoarma.noblogs.org\/index.php?rest_route=\/wp\/v2\/posts"}],"about":[{"href":"https:\/\/vozcomoarma.noblogs.org\/index.php?rest_route=\/wp\/v2\/types\/post"}],"author":[{"embeddable":true,"href":"https:\/\/vozcomoarma.noblogs.org\/index.php?rest_route=\/wp\/v2\/users\/7045"}],"replies":[{"embeddable":true,"href":"https:\/\/vozcomoarma.noblogs.org\/index.php?rest_route=%2Fwp%2Fv2%2Fcomments&post=8736"}],"version-history":[{"count":1,"href":"https:\/\/vozcomoarma.noblogs.org\/index.php?rest_route=\/wp\/v2\/posts\/8736\/revisions"}],"predecessor-version":[{"id":8738,"href":"https:\/\/vozcomoarma.noblogs.org\/index.php?rest_route=\/wp\/v2\/posts\/8736\/revisions\/8738"}],"wp:attachment":[{"href":"https:\/\/vozcomoarma.noblogs.org\/index.php?rest_route=%2Fwp%2Fv2%2Fmedia&parent=8736"}],"wp:term":[{"taxonomy":"category","embeddable":true,"href":"https:\/\/vozcomoarma.noblogs.org\/index.php?rest_route=%2Fwp%2Fv2%2Fcategories&post=8736"},{"taxonomy":"post_tag","embeddable":true,"href":"https:\/\/vozcomoarma.noblogs.org\/index.php?rest_route=%2Fwp%2Fv2%2Ftags&post=8736"}],"curies":[{"name":"wp","href":"https:\/\/api.w.org\/{rel}","templated":true}]}}