{"id":8851,"date":"2015-09-13T00:53:54","date_gmt":"2015-09-12T22:53:54","guid":{"rendered":"http:\/\/vozcomoarma.noblogs.org\/?p=8851"},"modified":"2015-09-13T01:13:31","modified_gmt":"2015-09-12T23:13:31","slug":"suiza-llamado-a-la-movilizacion-contra-el-ejercicio-conex15-de-la-otan-en-basilea","status":"publish","type":"post","link":"https:\/\/vozcomoarma.noblogs.org\/?p=8851","title":{"rendered":"Suiza &#8211; Llamado a la movilizaci\u00f3n contra el ejercicio militar Conex15 en Basilea"},"content":{"rendered":"<p style=\"text-align: justify\">Compas enviaron al correo electr\u00f3nico de este blog el siguiente llamado abierto a acudir a Suiza para participar en diferentes movilizaciones y acciones que se preparan en contra de los ejercicios denominados Conex15 que el ej\u00e9rcito su\u00edzo pretende llevar a cabo en la ciudad de Basilea y otras localizaciones en el Norte del pa\u00eds, y que consiste en desarrollar un control militar real sobre determinadas \u00e1reas de la urbe, dentro de un escenario simulado que se situar\u00eda en una hipot\u00e9tica Europa post-colapso donde Suiza habr\u00eda sido la \u00fanica naci\u00f3n capaz de superar la crisis, y que tendr\u00eda que \u00abdefenderse\u00bb de toda amenaza, incluyendo unos flujos migratorios cada vez m\u00e1s densos (a medida que la inestabilidad m\u00e1s absoluta aumenta en gran parte del mundo, y genera multitudes huyendo del desastre), y por supuesto, \u00abenemigos internos\u00bb, \u00abterroristas\u00bb, es decir, cualquier persona que act\u00fae en contra de las causas reales de esta debacle, o cualquier enemigo fabricado por los mass-media para mantener la alarma y el miedo social y justificar de ese modo los avances en \u00abseguridad\u00bb y vigilancia.<\/p>\n<p style=\"text-align: justify\">Las maniobras tienen un fin evidente: por un lado, pretenden que normalicemos la presencia militar en la calle, el control de masas y el estado de sitio permanente dentro de las metr\u00f3polis europeas; por otro, se busca experimentar estrategias para el nuevo terreno, y poner a prueba sobre \u00e9l las t\u00e9cnicas y los medios de los que disponen para mantener bajo control un mundo cada vez m\u00e1s desestructurado y convulso, avanzando en su militarizaci\u00f3n del territorio y de nuestras vidas.<\/p>\n<p style=\"text-align: justify\">Sigue a continuaci\u00f3n la convocatoria recibida en el correo en castellano. Para m\u00e1s datos, <a href=\"https:\/\/noconex15.noblogs.org\/\">visitad el blog NOCONEX15<\/a>, donde pod\u00e9is hallar m\u00e1s informaci\u00f3n en distintos idiomas (alem\u00e1n, franc\u00e9s, italiano, castellano, ingl\u00e9s y galego):<\/p>\n<p style=\"text-align: justify\">&#8212;&#8212;&#8212;&#8212;&#8212;&#8212;&#8212;&#8212;&#8211;<\/p>\n<h3 style=\"text-align: justify\"><em>Una llamada contra la militarizaci\u00f3n de nuestras vidas.<\/em><\/h3>\n<p style=\"text-align: justify\"><em>Del 16 al 25 de septiembre del 2015 en Basilea y en el noroeste de Suiza se desarrollar\u00e1 un ejercicio militar federal denominado CONEX15. Durante este ejercicio, en algunos puntos neur\u00e1lgicos de la ciudad como la estaci\u00f3n, las fronteras o el puerto, se pondr\u00e1 en marcha un control militar real. El escenario sobre el que se basan estas maniobras es el de una situaci\u00f3n de una Europa post-crash en la cual Suiza, \u00fanica isla que ha evitado la crisis mundial, debe protegerse contra todos y todas, especialmente contra lxs inmigrantes y lxs enemigxs internxs.<\/em><\/p>\n<p style=\"text-align: justify\"><em>\u00a1Venid en septiembre a Basilea y participad en las acciones!<\/em><\/p>\n<p style=\"text-align: justify\"><em>O bien auto-organizaos, haced acciones, poco importa d\u00f3nde y c\u00f3mo, contra aquellxs que se enriquecen con las expulsiones y la reclusi\u00f3n, contra las instituciones y las empresas que construyen la fortaleza Europa, que colaboran con los ej\u00e9rcitos, etc.<\/em><\/p>\n<p style=\"text-align: justify\"><em>El viernes 18 de septiembre, en el contexto de la resistencia contra este ejercicio militar, se desarrollar\u00e1 la manifestaci\u00f3n \u201cNo a las fronteras, No a las naciones \u2013 No al CONEX\u201d, la concentraci\u00f3n es a las 19:00 h en Claraplatz (Basilea).<\/em><\/p>\n<p style=\"text-align: justify\"><em>A continuaci\u00f3n la llamada a la manifestaci\u00f3n:<\/em><\/p>\n<h3 style=\"text-align: justify\"><em>Ni fronteras ni naciones. Saboteemos CONEX15.<\/em><\/h3>\n<p style=\"text-align: justify\"><em>Las maniobras de las tropas del ej\u00e9rcito su\u00edzo, \u201cCONEX15\u2033, que se llevar\u00e1n a cabo del 16 al 25 de septiembre en el noroeste de Suiza, describen el escenario de amenaza de este modo:<\/em><\/p>\n<p style=\"text-align: justify\"><em>\u201cEn una ficticia Europa del futuro, con tierras y fronteras diversas, domina la crisis econ\u00f3mica. Las consecuencias repercuten tambi\u00e9n en Suiza: reducci\u00f3n de las reservas, comercio clandestino, organizaciones criminales. Los grandes centros provistos de aceite, gas y cereales se vuelven objetivos del sabotaje y los saqueos. Adem\u00e1s, las tensiones \u00e9tnicas conducen a un aumento de los flujos de refugiados en Suiza.\u201d<\/em><\/p>\n<p style=\"text-align: justify\"><em>En Europa en la actualidad, la crisis econ\u00f3mica empuja a un n\u00famero creciente de personas a la pobreza y las necesidades vitales m\u00e1s esenciales no pueden ser ya satisfechas. Para millones de personas, existe s\u00f3lo una realidad: Las carteras vac\u00edas y las batallas cotidianas para poder mantener en un modo u otro la cabeza fuera del agua.<\/em><\/p>\n<p style=\"text-align: justify\"><em>En Europa en la actualidad como tambi\u00e9n en Suiza, las fronteras est\u00e1n ya militarizadas. Lxs inmigrantes, que huyen de la guerra, de la opresi\u00f3n y de la miseria para tratar de encontrar una vida mejor en Europa, deben hacer frente a los sistemas de protecci\u00f3n de las fronteras, ven el camino acordonado por los aviones, drones, naves y la vigilancia por sat\u00e9lite. Todo es a\u00fan m\u00e1s grotesco en cuanto unx se da cuenta de la manera en la cual los Estados europeos est\u00e1n implicados en la explotaci\u00f3n y la \u201cdesestabilizaci\u00f3n\u201d de otros pa\u00edses.<\/em><\/p>\n<p style=\"text-align: justify\"><em>Lo que les espera a las personas que logran superar la peligrosa entrada son los Lager (centro de detenci\u00f3n) y las c\u00e1rceles de la Europa de la democracia: una vida bajo control y vigilancia, a merced de los engranajes de las leyes de asilo y expuestas a la amenaza continua de ser nuevamente expulsadas.<\/em><\/p>\n<p style=\"text-align: justify\"><em>Al mismo tiempo, la ley del beneficio golpea a las personas que son explotadas como mano de obra a bajo costo o bien privadas de la capacidad de autodeterminar su vida.<\/em><\/p>\n<p style=\"text-align: justify\"><em>Tambi\u00e9n en Suiza un gran n\u00famero de empresas como por ejemplo ORS, SECURITAS, etc\u2026 se lucran con la gesti\u00f3n de los centros de detenci\u00f3n, el control de lxs inmigrantes, etc\u2026<\/em><\/p>\n<p style=\"text-align: justify\"><em>Las preguntas, los escenarios planteados en los cuales se espera obtener las respuestas en el cuadro de este ejercicio militar, son seg\u00fan nosotrxs los interrogantes de lxs gobernantes y de quienes poseen el poder en este sistema capitalista y\/o que operan por su permanencia: es entregar las preguntas sobre el modo de c\u00f3mo poder mantener las posiciones sociales y pol\u00edticas del poder en el mundo y se puedan asegurar las rentas del capital; el modo de convencer a la gente para dejarse explotar cada vez m\u00e1s; el modo de c\u00f3mo impedir a lxs inmigrantes venir a Europa y a Suiza; y finalmente, el modo de c\u00f3mo callar a quien lucha contra todo esto o aspira \u00fanicamente y simplemente a la auto-emancipaci\u00f3n.<\/em><\/p>\n<p style=\"text-align: justify\"><em>Sus respuestas son siempre las mismas: reforzamiento de las leyes, desarrollo del aparato represivo con sus esbirros y sus prisiones y para cuando sea necesario, la utilizaci\u00f3n del ej\u00e9rcito.<\/em><\/p>\n<p style=\"text-align: justify\"><em>Las maniobras militares CONEX15 son una panor\u00e1mica de las estrategias y de los objetivos de lxs que dominan y es un ejemplo de c\u00f3mo responden a sus interrogantes.<\/em><\/p>\n<p style=\"text-align: justify\"><em>Es m\u00e1s, se trata de saber qu\u00e9 efecto psicol\u00f3gico tendr\u00e1n estas maniobras sobre la poblaci\u00f3n: ha sido evocada como si la amenaza viniese del \u201cexterior\u201d y al mismo tiempo estudiada como \u201cdebemos defender la democracia y su econom\u00eda\u201d. La militarizaci\u00f3n y la represi\u00f3n ser\u00edan entonces legitimadas: la gente debe habituarse a la presencia de soldados por la calle y al hecho de que las personas sean reclu\u00eddas en campos de concentraci\u00f3n.<\/em><\/p>\n<p style=\"text-align: justify\"><em>Nosotrxs no pedimos una democracia m\u00e1s directa o un capitalismo m\u00e1s justo. Porque la democracia misma es solamente una forma de gobierno que sirve para controlar, para gestionar a las personas en el sistema capitalista, para desanimar el pensamiento individual y para actuar mientras se nos hace enga\u00f1ar por la co-gesti\u00f3n. La democracia, el Estado-naci\u00f3n, el capitalismo, siguen la misma l\u00f3gica: el servilismo y el control de las personas. Continuando con esta l\u00f3gica, las fronteras, los campos de concentraci\u00f3n, las c\u00e1rceles y las expulsiones continuar\u00e1n existiendo\u2026<\/em><\/p>\n<p style=\"text-align: justify\"><em>No tenemos ninguna respuesta acerca de estas preguntas en el interior de este orden social y este sistema. Nuestra \u00fanica respuesta es la rabia contra este mundo con sus muros y sus fronteras, y la solidaridad con todxs aquellxs que desaparecen en los campos de concentraci\u00f3n y en las c\u00e1rceles de este sistema, el cual no prev\u00e9 un sitio para ellxs.<\/em><\/p>\n<p style=\"text-align: justify\"><em><strong>\u00a1Por un mundo sin fronteras ni naciones!<br \/>\n\u00a1Por un mundo sin Lager ni c\u00e1rceles!<br \/>\n\u00a1Bloqueemos y saboteemos CONEX15 y el r\u00e9gimen migratorio en su conjunto!<\/strong><\/em><\/p>\n<p style=\"text-align: justify\"><em><a href=\"https:\/\/vozcomoarma.noblogs.org\/files\/2015\/09\/NOCONEX15.jpg\"><img loading=\"lazy\" decoding=\"async\" class=\"  aligncenter wp-image-8852 size-large\" src=\"https:\/\/vozcomoarma.noblogs.org\/files\/2015\/09\/NOCONEX15-455x1024.jpg\" alt=\"NOCONEX15\" width=\"455\" height=\"1024\" srcset=\"https:\/\/vozcomoarma.noblogs.org\/files\/2015\/09\/NOCONEX15-455x1024.jpg 455w, https:\/\/vozcomoarma.noblogs.org\/files\/2015\/09\/NOCONEX15-133x300.jpg 133w, https:\/\/vozcomoarma.noblogs.org\/files\/2015\/09\/NOCONEX15.jpg 1890w\" sizes=\"auto, (max-width: 455px) 100vw, 455px\" \/><\/a><\/em><\/p>\n","protected":false},"excerpt":{"rendered":"<p>Compas enviaron al correo electr\u00f3nico de este blog el siguiente llamado abierto a acudir a Suiza para participar en diferentes movilizaciones y acciones que se preparan en contra de los ejercicios denominados Conex15 que el ej\u00e9rcito su\u00edzo pretende llevar a &hellip; <a href=\"https:\/\/vozcomoarma.noblogs.org\/?p=8851\">Sigue leyendo <span class=\"meta-nav\">&rarr;<\/span><\/a><\/p>\n","protected":false},"author":7045,"featured_media":0,"comment_status":"closed","ping_status":"open","sticky":false,"template":"","format":"standard","meta":{"footnotes":""},"categories":[59,61,9],"tags":[47,16,42,34,24,19,55],"class_list":["post-8851","post","type-post","status-publish","format-standard","hentry","category-convocatorias","category-noticias","category-noticias-y-comunicados","tag-anti-desarrollismo","tag-guerra-social","tag-movimientos-sociales","tag-racismo","tag-reflexion","tag-represion","tag-suiza"],"_links":{"self":[{"href":"https:\/\/vozcomoarma.noblogs.org\/index.php?rest_route=\/wp\/v2\/posts\/8851","targetHints":{"allow":["GET"]}}],"collection":[{"href":"https:\/\/vozcomoarma.noblogs.org\/index.php?rest_route=\/wp\/v2\/posts"}],"about":[{"href":"https:\/\/vozcomoarma.noblogs.org\/index.php?rest_route=\/wp\/v2\/types\/post"}],"author":[{"embeddable":true,"href":"https:\/\/vozcomoarma.noblogs.org\/index.php?rest_route=\/wp\/v2\/users\/7045"}],"replies":[{"embeddable":true,"href":"https:\/\/vozcomoarma.noblogs.org\/index.php?rest_route=%2Fwp%2Fv2%2Fcomments&post=8851"}],"version-history":[{"count":5,"href":"https:\/\/vozcomoarma.noblogs.org\/index.php?rest_route=\/wp\/v2\/posts\/8851\/revisions"}],"predecessor-version":[{"id":8854,"href":"https:\/\/vozcomoarma.noblogs.org\/index.php?rest_route=\/wp\/v2\/posts\/8851\/revisions\/8854"}],"wp:attachment":[{"href":"https:\/\/vozcomoarma.noblogs.org\/index.php?rest_route=%2Fwp%2Fv2%2Fmedia&parent=8851"}],"wp:term":[{"taxonomy":"category","embeddable":true,"href":"https:\/\/vozcomoarma.noblogs.org\/index.php?rest_route=%2Fwp%2Fv2%2Fcategories&post=8851"},{"taxonomy":"post_tag","embeddable":true,"href":"https:\/\/vozcomoarma.noblogs.org\/index.php?rest_route=%2Fwp%2Fv2%2Ftags&post=8851"}],"curies":[{"name":"wp","href":"https:\/\/api.w.org\/{rel}","templated":true}]}}