{"id":8944,"date":"2015-09-26T19:33:05","date_gmt":"2015-09-26T17:33:05","guid":{"rendered":"http:\/\/vozcomoarma.noblogs.org\/?p=8944"},"modified":"2015-09-28T13:18:14","modified_gmt":"2015-09-28T11:18:14","slug":"chile-septiembre-negro-2015-recuentos-de-fuego-y-memoria","status":"publish","type":"post","link":"https:\/\/vozcomoarma.noblogs.org\/?p=8944","title":{"rendered":"Chile &#8211; Septiembre Negro 2015 \/\/ Recuentos de fuego y memoria"},"content":{"rendered":"<p style=\"text-align: justify\">Lxs compas de <a href=\"http:\/\/www.noticiasdelaguerrasocial.wordpress.com\">Noticias de la Guerra Social<\/a> enviaron tambi\u00e9n su recuento de lo ocurrido a lo largo y ancho de la geograf\u00eda chilena en el contexto de las movilizaciones, un a\u00f1o m\u00e1s, para no olvidar\u00a0el Golpe de Estado militar del 11 de septiembre de 1973 y continuar rechazando y atacando la que es su herencia directa, la Democracia.<\/p>\n<p style=\"text-align: justify\">Disturbios, enfrentamientos con la polic\u00eda, ataques a s\u00edmbolos del poder, pancartas, pintadas y barricadas hicieron de las calles de las ciudades chilenas y sus poblaciones selvas de hogueras donde ardi\u00f3 otro a\u00f1o m\u00e1s la inmortal memoria de aquellxs rebeldes que ya no est\u00e1n no est\u00e1n.<\/p>\n<p style=\"text-align: justify\">&#8212;&#8212;&#8212;&#8212;&#8212;&#8212;&#8212;&#8212;&#8212;-<\/p>\n<p style=\"text-align: justify\"><em>2015\u00a0Septiembre\u00a0Negro.\u00a0Recuentos\u00a0de\u00a0fuego\u00a0y\u00a0memoria<\/em><\/p>\n<p style=\"text-align: justify\"><em>[Noticias\u00a0de\u00a0la\u00a0Guerra\u00a0Social]<\/em><\/p>\n<p style=\"text-align: justify\"><em>Un nuevo aniversario de aquel golpe de Estado ocurrido el 11 de Septiembre de 1973<\/em><\/p>\n<p style=\"text-align: justify\"><em>Esta jornada del 2015, vuelve a traer a la memoria la desaparici\u00f3n del joven mapuche Jos\u00e9 Huenante de 16 a\u00f1os en Puerto Montt por parte de los bastardos uniformados hace 10 a\u00f1os. La madrugada del 3 de Septiembre de 2005, Jos\u00e9 fue apresado por carabineros en su poblaci\u00f3n de Mirasol de Puerto Montt, el sargento 2\u00ba Juan Ricardo Altamirano Figueroa; el cabo 1\u00ba Patricio Alejandro Mena Hern\u00e1ndez; y el cabo 2\u00ba C\u00e9sar Antonio Vidal C\u00e1rdenas, fueron quienes subieron al menor al carro policial (RP n\u00ba 1375) y desde aquella noche que no se sabe nada m\u00e1s de \u00e9l.<\/em><\/p>\n<p style=\"text-align: justify\"><em>Tambi\u00e9n siempre presente se encuentra la vida y la memoria de combate por la compa\u00f1era Claudia L\u00f3pez, anarquista asesinada por la polic\u00eda en las barricadas de La Pincoya en 1998.<\/em><\/p>\n<p style=\"text-align: justify\"><em>Una nueva jornada de combate, un nuevo ejercicio de revuelta, un nuevo impulso destructor a lo existente.<\/em><\/p>\n<p style=\"text-align: justify\"><em>Septiembre\u00a0Negro\u00a02015.<\/em><\/p>\n<p style=\"text-align: justify\"><em>A\u00a0continuaci\u00f3n\u00a0algunas\u00a0reflexiones\u00a0difundidas\u00a0durante\u00a0estos\u00a0d\u00edas:<\/em><\/p>\n<p style=\"text-align: justify\"><em>*<a href=\"http:\/\/es.contrainfo.espiv.net\/2015\/09\/10\/hile-11-de-septiembre-a-la-calle-con-el-fuego-y-la-memoria\/\">Sin Banderas ni Fronteras<\/a><\/em><br \/>\n<em>*<a href=\"http:\/\/www.hommodolars.org\/web\/spip.php?article5386\">NAC<\/a><\/em><br \/>\n<em>*<a href=\"https:\/\/publicacionrefractario.wordpress.com\/2015\/09\/07\/memoria-anticarcelaria-para-claudia-lopez-11-de-septiembre-desde-la-carcel-hasta-la-calle\/\">Refractario: Memoria anticarcelaria para Claudia L\u00f3pez :11 de Septiembre desde la c\u00e1rcel hasta la calle<\/a><\/em><br \/>\n<em>*<a href=\"http:\/\/es.contrainfo.espiv.net\/2015\/09\/15\/chile-ni-izquierda-ni-derecha-ni-fascismo-ni-democracia\">Algunxs Encapuchadxs Antiautoritarixs<\/a><\/em><\/p>\n<p style=\"text-align: justify\"><em>:::Esperando\u2026<\/em><\/p>\n<p style=\"text-align: justify\"><em>Septiembre Negro, comenz\u00f3 el primer d\u00eda durante tempranas horas de la ma\u00f1ana, un grupo de encapuchados decide cortar Avenida Grecia con Salvador, interrumpiendo la normalidad con 12 neum\u00e1ticos. La Acci\u00f3n se realiza para recordar a los combatientes que se enfrentaron al Estado durante la dictadura, y en recuerdo de Jose Huenante (ver <a href=\"http:\/\/hommodolars.org\/web\/spip.php?article5380\">aqu\u00ed<\/a>\u00a0el comunicado de la acci\u00f3n).<\/em><\/p>\n<p style=\"text-align: justify\"><em><a href=\"http:\/\/es.contrainfo.espiv.net\/2015\/09\/08\/santiago-mural-y-barricadas-en-villa-francia-ante-un-nuevo-11-de-septiembre\/\">En la poblaci\u00f3n Villa Francia, se realizo un nuevo mural<\/a>:\u00a0\u201cContra sus alzas y su corrupci\u00f3n los pobladores recuperamos memoria y organizaci\u00f3n. Villa Francia presente 11 de Sept. a la calle\u201d, adem\u00e1s de barricadas incendiarias.<\/em><\/p>\n<p style=\"text-align: justify\"><em>Distintos enfrentamientos se suceden durante los d\u00edas previos al 11 en distintas universidades a lo largo de todo el territorio dominado por el Estado Chileno. Encapuchados, barricadas y bombas molotov al igual que anteriores a\u00f1os \u00a0encend\u00edan con fuego la memoria. Asi el 04 de Septiembre, el \u201cCord\u00f3n Macul\u201d sale a las afueras del ex \u2013 Pedag\u00f3gico cortando la calle, colgando un lienzo que dec\u00eda: \u00a0\u201cCon memoria combativa fomentamos la guerra entre clases d\u00eda a d\u00eda-Cord\u00f3n Macul-\u201c y enfrent\u00e1ndose a la polic\u00eda. (ver <a href=\"http:\/\/hommodolars.org\/web\/spip.php?article5383\">aqu\u00ed<\/a> el panfleto de la acci\u00f3n).<\/em><\/p>\n<p style=\"text-align: justify\"><em><a href=\"http:\/\/es.contrainfo.espiv.net\/2015\/09\/10\/santiago-accion-en-la-memoria-de-andres-soto-pantoja\/\">Propaganda en las cercan\u00edas del centro comercial Apumanque en recuerdo a 23 a\u00f1os de la ca\u00edda en combate de Andres Soto Pantoja, el papi.<\/a><\/em><\/p>\n<p style=\"text-align: justify\"><em>El 09 de Septiembre se producen enfrentamientos con la polic\u00eda afuera del Liceo Manuel Barros Borgo\u00f1o en conmemoraci\u00f3n del 11 de Septiembre. La represi\u00f3n ingresa al liceo deteniendo a mansalva a cerca de 70 estudiantes, entre ellos el compa\u00f1ero Bastian Pardo Andrade, quien es formalizado por ley de control de arma con un plazo de investigaci\u00f3n de 50 d\u00edas, al ser mayor de edad (18 a\u00f1os) ingresa a la Carcel\/Empresa Santiago 1. <a href=\"https:\/\/publicacionrefractario.wordpress.com\/2015\/09\/17\/companero-detenido-por-lucha-callejera-afuera-del-liceo-manuel-barros-borgono-carta-desde-la-prision\/\">Aqu\u00ed<\/a>\u00a0m\u00e1s informaci\u00f3n.<\/em><\/p>\n<p style=\"text-align: justify\"><em>En Valpara\u00edso decenas de encapuchados prenden fuego a barricadas y se enfrentan a la polic\u00eda durante horas a las afueras de la facultad de arquitectura de la Universidad de Valparaiso.<\/em><\/p>\n<p style=\"text-align: justify\"><em>El 10 de Septiembre estudiantes del INBA se toman el liceo por demandas internas adem\u00e1s de una nueva conmemoraci\u00f3n del Golpe de Estado, la manifestaci\u00f3n y toma fue reprimida salvajemente por las fuerzas represivas. Ese mismo d\u00eda, compa\u00f1erxs colocan un lienzo y lanzan panfletos en la poblaci\u00f3n Simon Bolivar: \u201cSeptiembre Negro Trayendo a la calle la memoria combativa: Claudia L\u00f3pez Presente\u201d. <a href=\"http:\/\/es.contrainfo.espiv.net\/2015\/09\/16\/santiago-propaganda-previa-a-un-septiembre-negro\/\">Aqu\u00ed<\/a>\u00a0m\u00e1s informaci\u00f3n.<\/em><\/p>\n<p style=\"text-align: justify\"><em>Distintos lienzos son colgados en el Liceo 1 y distintos puntos de la capital, mientras que en el Liceo de Aplicaci\u00f3n se producen enfrentamientos de la polic\u00eda con encapuchados.<\/em><br \/>\n<em>Durante la noche del 10 de Septiembre, encapuchados levantan barricadas y lanzan c\u00f3cteles molotov contra la polic\u00eda a las afueras de la USACH en Matucana con Alameda, mientras que se producen algunos enfrentamientos y disturbios en San Bernardo.<\/em><br \/>\n<em><a href=\"http:\/\/es.contrainfo.espiv.net\/2015\/09\/12\/santiago-fuego-y-plomo-a-la-bastarda-policia\/\">Es colgado un lienzo que se\u00f1ala \u201cFuego y Plomo a la polic\u00eda Bastarda\u201d<\/a>.<\/em><\/p>\n<p style=\"text-align: justify\"><em>Noches\u00a0de\u00a0combate\u00a0hace\u00a042\u00a0a\u00f1os\u2026<\/em><\/p>\n<p style=\"text-align: justify\"><em>En distintas ciudades y territorios se realizan actos, marchas y mitines, en Vi\u00f1a del mar \u00a0se instalan barricadas en Camino Tocornal Urbano afuera de la Universidad Federico Santa Mar\u00eda, mientras que en Valpara\u00edso se producen enfrentamientos afuera de la Universidad de Valparaiso.<\/em><\/p>\n<p style=\"text-align: justify\"><em>En paralelo,<a href=\"https:\/\/publicacionrefractario.wordpress.com\/2015\/09\/17\/otro-milico-torturador-muerto-en-la-carcel-punta-peuco\/\"> el bastardo General en retiro Moren Brito, part\u00edcipe activo de la dictadura muere en el hospital militar.<\/a><\/em><\/p>\n<p style=\"text-align: justify\"><em>Al llegar la noche, comienzan a sucederse los disturbios, es as\u00ed como en Villa Francia un camar\u00f3grafo resulta herido cuando recibe un perdig\u00f3n en el rostro. R\u00e1pidamente las barricadas se extienden por La Victoria, La pincoya, Quinta normal, San Bernardo, Pe\u00f1alolen junto con los cortes de luz permitiendo el enfrentamiento con la polic\u00eda. Escopetas hechizas, pistolas, bombas molotov, pintura, piedras y fuego se enfrentan a veh\u00edculos blindados, lacrim\u00f3genas y profesionales de la represi\u00f3n.<\/em><\/p>\n<p style=\"text-align: justify\"><em>Un bus del Transantiago es incendiado en la comuna de Lo Prado, las bodegas de un supermercado consiguen ser incendiadas en San Bernardo en las intersecciones de Eyzaguirre con el Acceso Sur, adem\u00e1s del tradicional ataque a la comisar\u00eda del sector, mientras que un segundo bus de la locomoci\u00f3n colectiva consigue ser incendiado en un terminal en la comuna de Quinta Normal.<\/em><\/p>\n<p style=\"text-align: justify\"><em>En el sector de San Joaqu\u00edn, barricadas incendiarias interrumpen el tr\u00e1nsito, la polic\u00eda es recibida con bombas de \u201cru\u00eddo\u201d y panfletos que se\u00f1alaban (extracto):<\/em><\/p>\n<p style=\"text-align: justify\"><em><strong>\u00abGru\u00f1idos en la noche, reclamando a lxs hermanxs; reclamando a muertxs y encarceladxs, vengando sin remordimiento, preparando la mordedura para arrancar tragaeros, y vomitar la carne podrida.<\/strong><\/em><\/p>\n<p style=\"text-align: justify\"><em><strong>A 42 a\u00f1os del golpe, rearfimamos ser ligeras molestias dentro de su normalidad impuesta.<\/strong><\/em><\/p>\n<p style=\"text-align: justify\"><em><strong>Algunxs\u00a0desordenadxs\u00bb<\/strong><\/em><\/p>\n<p style=\"text-align: justify\"><em>Los enfrentamientos se extienden de igual forma por todo el territorio dominado por el Estado Chileno, y as\u00ed en Valdivia es atacada una tenencia en M\u00e1fil dejando a dos polic\u00edas heridos.<\/em><\/p>\n<p style=\"text-align: justify\"><em>Finalmente un miserable bastardo es herido en La Florida. \u00a0\u00c1ngelo Sobarzo Guti\u00e9rrez, teniente de carabineros de la 36 comisaria de La Florida es alcanzado por un proyectil en el muslo, al par de horas un segundo polic\u00eda es herido en la comuna de Lo Prado.<\/em><\/p>\n<p style=\"text-align: justify\"><em>El nuevo General Director Bruno Villalobos, ex DIPOLCAR, se\u00f1ala a la prensa: \u201c<strong>Ninguna persona va a quedar impune ante una situaci\u00f3n de estas caracter\u00edsticas\u201d<\/strong>.<\/em><\/p>\n<p style=\"text-align: justify\"><em>Al finalizar la jornada en el opulento sector de Vitacura, fuegos artificiales lanzados por ciudadanos celebraban el inicio de la dictadura y la \u201cliberaci\u00f3n\u201d del yugo marxista.<\/em><\/p>\n<p style=\"text-align: justify\"><strong><em>:::D\u00edas\u00a0de\u00a0enfrentamiento:::<\/em><\/strong><\/p>\n<p style=\"text-align: justify\"><em>El 13 de Septiembre se realiza la tradicional marcha hacia el cementerio general, distintas organizaciones pol\u00edticas de izquierda se dan espacio, pero entre tanto desfile de colores la presencia an\u00e1rquica de quienes recuerdan un pasado y presente de combate al Estado sea en dictadura o democracia.<\/em><\/p>\n<p style=\"text-align: justify\"><em>Al igual que en jornadas anteriores la violencia estall\u00f3 contra s\u00edmbolos del domino, esta vez son atacadas sucursales de bancos, una de ellas quemada casi por completo y una caseta de seguridad, se saquean gasolineras, se montan barricadas y\u00a0se\u00a0producen enfrentamientos con la polic\u00eda por parte de encapuchadxs quienes lanzan c\u00f3cteles molotov y piedras contra los veh\u00edculos y las fuerzas represivas. Al interior del cementerio es destrozada y profanada la tumba del fascista Jaime Guzm\u00e1n, ejecutado por un comando del FPMR durante los &#8217;90.<\/em><\/p>\n<p style=\"text-align: justify\"><em>La jornada culmina con varixs detenidxs, entre ellxs Fabi\u00e1n Dur\u00e1n y Claudio Valenzuela, este \u00faltimo compa\u00f1ero antiautoritario, acusados de porte de bombas molotov quedando en prisi\u00f3n en la c\u00e1rcel\/Empresa Santiago 1. <a href=\"https:\/\/publicacionrefractario.wordpress.com\/2015\/09\/17\/dos-detenidos-por-porte-de-molotov-en-la-manifestacion-por-el-11-de-septiembre-informativo-claudio-valenzuela-y-fabian-duran\/\">Aqu\u00ed<\/a>\u00a0m\u00e1s informaci\u00f3n.<\/em><\/p>\n<p style=\"text-align: justify\"><em>El\u00a014\u00a0de\u00a0Septiembre\u00a0el\u00a0<a href=\"http:\/\/es.contrainfo.espiv.net\/2015\/09\/18\/santiago-continuando-con-la-irrupcion-solidaridad-con-lxs-presxs-subversivxs-14092015\/\">Grupo\u00a0Anarquista\u00a0Coordinado\u00a0\u2013\u00a0GAC.\u00a0<\/a><\/em><em><a href=\"http:\/\/es.contrainfo.espiv.net\/2015\/09\/18\/santiago-continuando-con-la-irrupcion-solidaridad-con-lxs-presxs-subversivxs-14092015\/\">Banda Organizada Mauricio Morales \/ C\u00e9lula Incendiaria Sebasti\u00e1n Oversluij<\/a>\u00a0<\/em><em>levanta una barricada en el centro de Santiago dejando un lienzo: \u201cAvivando la llama de la anark\u00eda. \u00a1Presxs subversivxs a la kalle!\u00bb<\/em><\/p>\n<p style=\"text-align: justify\"><em>Desde la prisi\u00f3n el compa\u00f1ero Juan Flores, a casi un a\u00f1o de su detenci\u00f3n bajo ley antiterrorista, pronto a fijar fecha para su juicio con enormes condenas sobre su cuello, <a href=\"https:\/\/publicacionrefractario.wordpress.com\/2015\/09\/15\/9412\/\">escribe unas palabras para la calle avivando y agitando la memoria insurrecta. \u201cEl enemigo es el poder\u201d<\/a>.<\/em><\/p>\n<p style=\"text-align: justify\"><strong><em>\u00a1Por\u00a0un\u00a0Septiembre\u00a0Negro!<\/em><\/strong><\/p>\n<p style=\"text-align: center\"><a href=\"https:\/\/vozcomoarma.noblogs.org\/files\/2015\/09\/liceo1.jpg\"><img loading=\"lazy\" decoding=\"async\" class=\"aligncenter wp-image-8945 size-full\" src=\"https:\/\/vozcomoarma.noblogs.org\/files\/2015\/09\/liceo1.jpg\" alt=\"liceo1\" width=\"960\" height=\"720\" srcset=\"https:\/\/vozcomoarma.noblogs.org\/files\/2015\/09\/liceo1.jpg 960w, https:\/\/vozcomoarma.noblogs.org\/files\/2015\/09\/liceo1-300x225.jpg 300w\" sizes=\"auto, (max-width: 960px) 100vw, 960px\" \/><\/a> <a href=\"https:\/\/vozcomoarma.noblogs.org\/files\/2015\/09\/loprado.jpg\"><img loading=\"lazy\" decoding=\"async\" class=\"aligncenter wp-image-8946 size-full\" src=\"https:\/\/vozcomoarma.noblogs.org\/files\/2015\/09\/loprado.jpg\" alt=\"loprado\" width=\"640\" height=\"473\" srcset=\"https:\/\/vozcomoarma.noblogs.org\/files\/2015\/09\/loprado.jpg 640w, https:\/\/vozcomoarma.noblogs.org\/files\/2015\/09\/loprado-300x222.jpg 300w\" sizes=\"auto, (max-width: 640px) 100vw, 640px\" \/><\/a> <a href=\"https:\/\/vozcomoarma.noblogs.org\/files\/2015\/09\/upla1.jpg\"><img loading=\"lazy\" decoding=\"async\" class=\"aligncenter wp-image-8947 size-full\" src=\"https:\/\/vozcomoarma.noblogs.org\/files\/2015\/09\/upla1.jpg\" alt=\"upla1\" width=\"960\" height=\"640\" srcset=\"https:\/\/vozcomoarma.noblogs.org\/files\/2015\/09\/upla1.jpg 960w, https:\/\/vozcomoarma.noblogs.org\/files\/2015\/09\/upla1-300x200.jpg 300w\" sizes=\"auto, (max-width: 960px) 100vw, 960px\" \/><\/a> <a href=\"https:\/\/vozcomoarma.noblogs.org\/files\/2015\/09\/usach10septiembre.jpg\"><img loading=\"lazy\" decoding=\"async\" class=\"aligncenter wp-image-8948 size-full\" src=\"https:\/\/vozcomoarma.noblogs.org\/files\/2015\/09\/usach10septiembre.jpg\" alt=\"usach10septiembre\" width=\"599\" height=\"337\" srcset=\"https:\/\/vozcomoarma.noblogs.org\/files\/2015\/09\/usach10septiembre.jpg 599w, https:\/\/vozcomoarma.noblogs.org\/files\/2015\/09\/usach10septiembre-300x169.jpg 300w\" sizes=\"auto, (max-width: 599px) 100vw, 599px\" \/><\/a> <a href=\"https:\/\/vozcomoarma.noblogs.org\/files\/2015\/09\/valpoarquitectura06.jpg\"><img loading=\"lazy\" decoding=\"async\" class=\"aligncenter wp-image-8949 size-full\" src=\"https:\/\/vozcomoarma.noblogs.org\/files\/2015\/09\/valpoarquitectura06.jpg\" alt=\"valpoarquitectura06\" width=\"960\" height=\"640\" srcset=\"https:\/\/vozcomoarma.noblogs.org\/files\/2015\/09\/valpoarquitectura06.jpg 960w, https:\/\/vozcomoarma.noblogs.org\/files\/2015\/09\/valpoarquitectura06-300x200.jpg 300w\" sizes=\"auto, (max-width: 960px) 100vw, 960px\" \/><\/a> <a href=\"https:\/\/vozcomoarma.noblogs.org\/files\/2015\/09\/valpoarquitectura11.jpg\"><img loading=\"lazy\" decoding=\"async\" class=\"aligncenter wp-image-8950 size-full\" src=\"https:\/\/vozcomoarma.noblogs.org\/files\/2015\/09\/valpoarquitectura11.jpg\" alt=\"valpoarquitectura11\" width=\"960\" height=\"640\" srcset=\"https:\/\/vozcomoarma.noblogs.org\/files\/2015\/09\/valpoarquitectura11.jpg 960w, https:\/\/vozcomoarma.noblogs.org\/files\/2015\/09\/valpoarquitectura11-300x200.jpg 300w\" sizes=\"auto, (max-width: 960px) 100vw, 960px\" \/><\/a> <a href=\"https:\/\/vozcomoarma.noblogs.org\/files\/2015\/09\/camarografomega.jpg\"><img loading=\"lazy\" decoding=\"async\" class=\"aligncenter wp-image-8951 size-full\" src=\"https:\/\/vozcomoarma.noblogs.org\/files\/2015\/09\/camarografomega.jpg\" alt=\"camarografomega\" width=\"210\" height=\"210\" \/><\/a> <a href=\"https:\/\/vozcomoarma.noblogs.org\/files\/2015\/09\/celebrandoenvitacura.jpg\"><img loading=\"lazy\" decoding=\"async\" class=\"aligncenter wp-image-8952 size-full\" src=\"https:\/\/vozcomoarma.noblogs.org\/files\/2015\/09\/celebrandoenvitacura.jpg\" alt=\"celebrandoenvitacura\" width=\"600\" height=\"541\" srcset=\"https:\/\/vozcomoarma.noblogs.org\/files\/2015\/09\/celebrandoenvitacura.jpg 600w, https:\/\/vozcomoarma.noblogs.org\/files\/2015\/09\/celebrandoenvitacura-300x271.jpg 300w\" sizes=\"auto, (max-width: 600px) 100vw, 600px\" \/><\/a> <a href=\"https:\/\/vozcomoarma.noblogs.org\/files\/2015\/09\/cementerio17.jpg\"><img loading=\"lazy\" decoding=\"async\" class=\"aligncenter wp-image-8953 size-full\" src=\"https:\/\/vozcomoarma.noblogs.org\/files\/2015\/09\/cementerio17.jpg\" alt=\"cementerio17\" width=\"517\" height=\"343\" srcset=\"https:\/\/vozcomoarma.noblogs.org\/files\/2015\/09\/cementerio17.jpg 517w, https:\/\/vozcomoarma.noblogs.org\/files\/2015\/09\/cementerio17-300x199.jpg 300w\" sizes=\"auto, (max-width: 517px) 100vw, 517px\" \/><\/a> <a href=\"https:\/\/vozcomoarma.noblogs.org\/files\/2015\/09\/cementerio21.jpg\"><img loading=\"lazy\" decoding=\"async\" class=\"aligncenter wp-image-8954 size-full\" src=\"https:\/\/vozcomoarma.noblogs.org\/files\/2015\/09\/cementerio21.jpg\" alt=\"cementerio21\" width=\"640\" height=\"960\" srcset=\"https:\/\/vozcomoarma.noblogs.org\/files\/2015\/09\/cementerio21.jpg 640w, https:\/\/vozcomoarma.noblogs.org\/files\/2015\/09\/cementerio21-200x300.jpg 200w\" sizes=\"auto, (max-width: 640px) 100vw, 640px\" \/><\/a> <a href=\"https:\/\/vozcomoarma.noblogs.org\/files\/2015\/09\/cementerio41.jpg\"><img loading=\"lazy\" decoding=\"async\" class=\"aligncenter wp-image-8955 size-full\" src=\"https:\/\/vozcomoarma.noblogs.org\/files\/2015\/09\/cementerio41.jpg\" alt=\"cementerio41\" width=\"960\" height=\"618\" srcset=\"https:\/\/vozcomoarma.noblogs.org\/files\/2015\/09\/cementerio41.jpg 960w, https:\/\/vozcomoarma.noblogs.org\/files\/2015\/09\/cementerio41-300x193.jpg 300w\" sizes=\"auto, (max-width: 960px) 100vw, 960px\" \/><\/a> <a href=\"https:\/\/vozcomoarma.noblogs.org\/files\/2015\/09\/cementerio48.jpg\"><img loading=\"lazy\" decoding=\"async\" class=\"aligncenter wp-image-8956 size-full\" src=\"https:\/\/vozcomoarma.noblogs.org\/files\/2015\/09\/cementerio48.jpg\" alt=\"cementerio48\" width=\"960\" height=\"641\" srcset=\"https:\/\/vozcomoarma.noblogs.org\/files\/2015\/09\/cementerio48.jpg 960w, https:\/\/vozcomoarma.noblogs.org\/files\/2015\/09\/cementerio48-300x200.jpg 300w\" sizes=\"auto, (max-width: 960px) 100vw, 960px\" \/><\/a> <a href=\"https:\/\/vozcomoarma.noblogs.org\/files\/2015\/09\/cortevi\u00f1a.jpg\"><img loading=\"lazy\" decoding=\"async\" class=\"aligncenter wp-image-8957 size-full\" src=\"https:\/\/vozcomoarma.noblogs.org\/files\/2015\/09\/cortevi\u00f1a.jpg\" alt=\"cortevi\u00f1a\" width=\"960\" height=\"720\" srcset=\"https:\/\/vozcomoarma.noblogs.org\/files\/2015\/09\/cortevi\u00f1a.jpg 960w, https:\/\/vozcomoarma.noblogs.org\/files\/2015\/09\/cortevi\u00f1a-300x225.jpg 300w\" sizes=\"auto, (max-width: 960px) 100vw, 960px\" \/><\/a> <a href=\"https:\/\/vozcomoarma.noblogs.org\/files\/2015\/09\/enlanoche05.jpg\"><img loading=\"lazy\" decoding=\"async\" class=\"aligncenter wp-image-8958 size-full\" src=\"https:\/\/vozcomoarma.noblogs.org\/files\/2015\/09\/enlanoche05.jpg\" alt=\"enlanoche05\" width=\"920\" height=\"574\" srcset=\"https:\/\/vozcomoarma.noblogs.org\/files\/2015\/09\/enlanoche05.jpg 920w, https:\/\/vozcomoarma.noblogs.org\/files\/2015\/09\/enlanoche05-300x187.jpg 300w\" sizes=\"auto, (max-width: 920px) 100vw, 920px\" \/><\/a> <a href=\"https:\/\/vozcomoarma.noblogs.org\/files\/2015\/09\/laalamedaprevia.jpg\"><img loading=\"lazy\" decoding=\"async\" class=\"alignnone wp-image-8959 size-full\" src=\"https:\/\/vozcomoarma.noblogs.org\/files\/2015\/09\/laalamedaprevia.jpg\" alt=\"laalamedaprevia\" width=\"960\" height=\"640\" srcset=\"https:\/\/vozcomoarma.noblogs.org\/files\/2015\/09\/laalamedaprevia.jpg 960w, https:\/\/vozcomoarma.noblogs.org\/files\/2015\/09\/laalamedaprevia-300x200.jpg 300w\" sizes=\"auto, (max-width: 960px) 100vw, 960px\" \/><\/a><\/p>\n","protected":false},"excerpt":{"rendered":"<p>Lxs compas de Noticias de la Guerra Social enviaron tambi\u00e9n su recuento de lo ocurrido a lo largo y ancho de la geograf\u00eda chilena en el contexto de las movilizaciones, un a\u00f1o m\u00e1s, para no olvidar\u00a0el Golpe de Estado militar &hellip; <a href=\"https:\/\/vozcomoarma.noblogs.org\/?p=8944\">Sigue leyendo <span class=\"meta-nav\">&rarr;<\/span><\/a><\/p>\n","protected":false},"author":7045,"featured_media":0,"comment_status":"closed","ping_status":"open","sticky":false,"template":"","format":"standard","meta":{"footnotes":""},"categories":[58,242,243,61,9,7],"tags":[35,78,21,16,26,24,19,10,11],"class_list":["post-8944","post","type-post","status-publish","format-standard","hentry","category-acciones","category-bastian-pardo-andrade","category-claudio-valenzuela","category-noticias","category-noticias-y-comunicados","category-presxs","tag-asesinato-de-estado","tag-chile","tag-disturbios","tag-guerra-social","tag-insurreccionalismo","tag-reflexion","tag-represion","tag-sabotaje","tag-solidaridad"],"_links":{"self":[{"href":"https:\/\/vozcomoarma.noblogs.org\/index.php?rest_route=\/wp\/v2\/posts\/8944","targetHints":{"allow":["GET"]}}],"collection":[{"href":"https:\/\/vozcomoarma.noblogs.org\/index.php?rest_route=\/wp\/v2\/posts"}],"about":[{"href":"https:\/\/vozcomoarma.noblogs.org\/index.php?rest_route=\/wp\/v2\/types\/post"}],"author":[{"embeddable":true,"href":"https:\/\/vozcomoarma.noblogs.org\/index.php?rest_route=\/wp\/v2\/users\/7045"}],"replies":[{"embeddable":true,"href":"https:\/\/vozcomoarma.noblogs.org\/index.php?rest_route=%2Fwp%2Fv2%2Fcomments&post=8944"}],"version-history":[{"count":2,"href":"https:\/\/vozcomoarma.noblogs.org\/index.php?rest_route=\/wp\/v2\/posts\/8944\/revisions"}],"predecessor-version":[{"id":8971,"href":"https:\/\/vozcomoarma.noblogs.org\/index.php?rest_route=\/wp\/v2\/posts\/8944\/revisions\/8971"}],"wp:attachment":[{"href":"https:\/\/vozcomoarma.noblogs.org\/index.php?rest_route=%2Fwp%2Fv2%2Fmedia&parent=8944"}],"wp:term":[{"taxonomy":"category","embeddable":true,"href":"https:\/\/vozcomoarma.noblogs.org\/index.php?rest_route=%2Fwp%2Fv2%2Fcategories&post=8944"},{"taxonomy":"post_tag","embeddable":true,"href":"https:\/\/vozcomoarma.noblogs.org\/index.php?rest_route=%2Fwp%2Fv2%2Ftags&post=8944"}],"curies":[{"name":"wp","href":"https:\/\/api.w.org\/{rel}","templated":true}]}}