{"id":9053,"date":"2015-10-07T18:17:06","date_gmt":"2015-10-07T16:17:06","guid":{"rendered":"http:\/\/vozcomoarma.noblogs.org\/?p=9053"},"modified":"2016-07-08T23:49:32","modified_gmt":"2016-07-08T21:49:32","slug":"holanda-solidaridad-con-lxs-antiespecistas-natasha-y-sven","status":"publish","type":"post","link":"https:\/\/vozcomoarma.noblogs.org\/?p=9053","title":{"rendered":"Pa\u00edses Bajos &#8211; \u00a1Solidaridad con lxs antiespecistas Natasha y Sven!"},"content":{"rendered":"<p style=\"text-align: justify\">Recibo en el correo electr\u00f3nico la siguiente informaci\u00f3n acerca del caso de lxs compas Natasha y Sven, dos de lxs compas del caso conocido como Blackmail 3, en el que 3 compa\u00f1erxs fueron arrestadxs en julio de 2012 y acusadxs de haber planeado acciones orientadas a chantajear y presionar a los laboratorios de experimentaci\u00f3n animal HLS para forzar su cierre. La otra persona acusada en este caso,\u00a0Debbie Vincent, fue condenada en mayo de 2014 a 6 a\u00f1os de talego (m\u00e1s 5 de ASBO,\u00a0<em>Anti-Social Behaviour Order<\/em>, Orden de Comportamiento Antisocial, medida cautelar que prohibe a la persona sobre quien se aplica el acceso a ciertos lugares \u2013 por ejemplo una mani o una tienda \u2013 o a ciertas actividades \u2013 beber alcohol, relacionarse con cierto tipo de personas\u2026 \u2013 para as\u00ed supuestamente intentar \u201ccorregir\u201d un comportamiento considerado\u00a0\u201cantisocial\u201d), tras ser declarada culpable de un presunto delito de<em>\u201cconspiraci\u00f3n para el chantaje<\/em><em>\u201c\u00a0<\/em>y actualmente cumple condena en Reino Unido. Antes de recibir su sentencia, Debbie declar\u00f3:\u00a0<em>\u201cLo que es terror\u00edfico es en este mundo es la opresi\u00f3n y la injusticia, cuando las personas da\u00f1an a otras personas, a los animales y a la naturaleza. Lo que es bello en este mundo es la resistencia, cuando las personas dicen que \u2018ya basta\u2019 y act\u00faan. La opresi\u00f3n y la injusticia est\u00e1n en todas partes, pero tambi\u00e9n lo est\u00e1 la resistencia. Porque algunas personas saben que si luchas podr\u00edas perder pero si no luchas ya habr\u00e1s perdido.\u201d<\/em><\/p>\n<p style=\"text-align: justify\">Ahora, Natasha y Sven, quienes hasta ahora hab\u00edan permanecido pendientes de juicio y bajo amenaza de ser extraditadxs, corren el riesgo de terminar tambi\u00e9n en prisi\u00f3n, enfrent\u00e1ndose a posibles penas de hasta 14 a\u00f1os de c\u00e1rcel. Sigue a continuaci\u00f3n la informaci\u00f3n recibida, y donde adem\u00e1s de actualizar la situaci\u00f3n de lxs compas, se invita a contactar para preparar actos y charlas informativas de cara a la campa\u00f1a de solidaridad que se est\u00e1 preparando para finales de enero.<\/p>\n<p style=\"text-align: justify\">\u00a1Fuerza a quienes se juegan su libertad por luchar para devolverle la suya a lxs animales no-humanxs!<\/p>\n<p style=\"text-align: justify\">Nota del blog: La foto que acompa\u00f1a la entrada se corresponde con una muestra de solidaridad con lxs encausadxs en este caso por parte de compas de Sof\u00eda, en Bulgaria, en 2014.<\/p>\n<p style=\"text-align: justify\">&#8212;&#8212;&#8212;&#8212;&#8212;&#8212;&#8212;&#8212;&#8212;&#8212;&#8212;<\/p>\n<p style=\"text-align: justify\"><em>\u00a1Hola\u00a0compa\u00f1erxs,\u00a0amigxs\u00a0y\u00a0solidarixs!<\/em><\/p>\n<p style=\"text-align: justify\"><em>Os escribimos para informaros sobre el caso de Natasha y Sven del que muchxs ya sabr\u00e9is pero hay algunas novedades que queremos compartir.<\/em><\/p>\n<p style=\"text-align: justify\"><em>Natasha y Sven son dos compa\u00f1erxs que se encuentran en Pa\u00edses Bajos bajo la amenaza de ser extraditadxs a Gran Breta\u00f1a para all\u00ed ser acusadxs de amenazas y extorsi\u00f3n (Blackmail). Est\u00e1n dentro del golpe represivo \u00abSHAC 3\u00bb, el mismo por el que la compa\u00f1era DEBBIE se encuentra entre los muros cumpliendo sentencia.<\/em><\/p>\n<p style=\"text-align: justify\"><em>Natasha y Sven se encuentran fuera de la prisi\u00f3n todav\u00eda, pero existe el riesgo de que con su extraditaci\u00f3n se les pueda condenar hasta a 14 a\u00f1os de prisi\u00f3n.<\/em><\/p>\n<p style=\"text-align: justify\"><em>Se est\u00e1 realizando una campa\u00f1a para exigir su liberaci\u00f3n y conseguir parar la extraditaci\u00f3n a Gran Breta\u00f1a.<\/em><\/p>\n<p style=\"text-align: justify\"><em>Se est\u00e1 organizando una semana de solidaridad para finales de enero, y posiblemente un tour para extender la solidaridad y estrechar lazos para conseguir romper con el aislamiento y para que la represi\u00f3n no consiga sus objetivos.<\/em><\/p>\n<p style=\"text-align: justify\"><em>Podeis visitar la p\u00e1gina web de la campa\u00f1a: <a href=\"http:\/\/www.freesvenandnatasha.org\/\" target=\"_blank\" rel=\"noreferrer\">http:\/\/www.freesvenandnatasha.org\/<\/a>\u00a0y tambi\u00e9n podeis escribir a: <a class=\"moz-txt-link-abbreviated\" href=\"mailto:info@freesvenandnatasha.org\">info@freesvenandnatasha.org<\/a>\u00a0si podeis organizar una charla para el tour que est\u00e1n organizando o si se realiza alguna actividad en solidaridad a ellxs.<\/em><\/p>\n<p><em>Que\u00a0la\u00a0solidaridad\u00a0sea\u00a0algo\u00a0m\u00e1s\u00a0que\u00a0palabras.<\/em><\/p>\n<p><em>\u00a1Saludos!<\/em><\/p>\n<p><a href=\"https:\/\/vozcomoarma.noblogs.org\/files\/2015\/10\/blackmail3solibg.jpg\"><img loading=\"lazy\" decoding=\"async\" class=\"wp-image-9054 size-full aligncenter\" src=\"https:\/\/vozcomoarma.noblogs.org\/files\/2015\/10\/blackmail3solibg.jpg\" alt=\"blackmail3solibg\" width=\"1200\" height=\"800\" srcset=\"https:\/\/vozcomoarma.noblogs.org\/files\/2015\/10\/blackmail3solibg.jpg 1200w, https:\/\/vozcomoarma.noblogs.org\/files\/2015\/10\/blackmail3solibg-300x200.jpg 300w, https:\/\/vozcomoarma.noblogs.org\/files\/2015\/10\/blackmail3solibg-1024x683.jpg 1024w\" sizes=\"auto, (max-width: 1200px) 100vw, 1200px\" \/><\/a><\/p>\n","protected":false},"excerpt":{"rendered":"<p>Recibo en el correo electr\u00f3nico la siguiente informaci\u00f3n acerca del caso de lxs compas Natasha y Sven, dos de lxs compas del caso conocido como Blackmail 3, en el que 3 compa\u00f1erxs fueron arrestadxs en julio de 2012 y acusadxs &hellip; <a href=\"https:\/\/vozcomoarma.noblogs.org\/?p=9053\">Sigue leyendo <span class=\"meta-nav\">&rarr;<\/span><\/a><\/p>\n","protected":false},"author":7045,"featured_media":0,"comment_status":"closed","ping_status":"open","sticky":false,"template":"","format":"standard","meta":{"footnotes":""},"categories":[59,169,61,9],"tags":[39,94,24,90,19,11],"class_list":["post-9053","post","type-post","status-publish","format-standard","hentry","category-convocatorias","category-debbie-vincent","category-noticias","category-noticias-y-comunicados","tag-anti-especismo","tag-paises-bajos","tag-reflexion","tag-reino-unido","tag-represion","tag-solidaridad"],"_links":{"self":[{"href":"https:\/\/vozcomoarma.noblogs.org\/index.php?rest_route=\/wp\/v2\/posts\/9053","targetHints":{"allow":["GET"]}}],"collection":[{"href":"https:\/\/vozcomoarma.noblogs.org\/index.php?rest_route=\/wp\/v2\/posts"}],"about":[{"href":"https:\/\/vozcomoarma.noblogs.org\/index.php?rest_route=\/wp\/v2\/types\/post"}],"author":[{"embeddable":true,"href":"https:\/\/vozcomoarma.noblogs.org\/index.php?rest_route=\/wp\/v2\/users\/7045"}],"replies":[{"embeddable":true,"href":"https:\/\/vozcomoarma.noblogs.org\/index.php?rest_route=%2Fwp%2Fv2%2Fcomments&post=9053"}],"version-history":[{"count":6,"href":"https:\/\/vozcomoarma.noblogs.org\/index.php?rest_route=\/wp\/v2\/posts\/9053\/revisions"}],"predecessor-version":[{"id":13004,"href":"https:\/\/vozcomoarma.noblogs.org\/index.php?rest_route=\/wp\/v2\/posts\/9053\/revisions\/13004"}],"wp:attachment":[{"href":"https:\/\/vozcomoarma.noblogs.org\/index.php?rest_route=%2Fwp%2Fv2%2Fmedia&parent=9053"}],"wp:term":[{"taxonomy":"category","embeddable":true,"href":"https:\/\/vozcomoarma.noblogs.org\/index.php?rest_route=%2Fwp%2Fv2%2Fcategories&post=9053"},{"taxonomy":"post_tag","embeddable":true,"href":"https:\/\/vozcomoarma.noblogs.org\/index.php?rest_route=%2Fwp%2Fv2%2Ftags&post=9053"}],"curies":[{"name":"wp","href":"https:\/\/api.w.org\/{rel}","templated":true}]}}