{"id":9080,"date":"2015-10-21T19:59:28","date_gmt":"2015-10-21T17:59:28","guid":{"rendered":"http:\/\/vozcomoarma.noblogs.org\/?p=9080"},"modified":"2015-10-21T19:59:28","modified_gmt":"2015-10-21T17:59:28","slug":"grecia-incendiado-un-negocio-por-ser-propiedad-de-un-fascista-en-tesalonica","status":"publish","type":"post","link":"https:\/\/vozcomoarma.noblogs.org\/?p=9080","title":{"rendered":"Grecia &#8211; Incendiado un negocio por ser propiedad de un fascista en Tesal\u00f3nica"},"content":{"rendered":"<p style=\"text-align: justify\">El siguiente comunicado, de apenas dos l\u00edneas y recogido de <a href=\"http:\/\/es.contrainfo.espiv.net\/2015\/10\/09\/tesalonica-ataque-incendiario-contra-un-local-fascista\/\">Contra Info<\/a>,\u00a0reivindica un ataque incendiario dirigido contra una taberna situada en el barrio de Ano Poli en Tesal\u00f3nica, Grecia, mediante el lanzamiento de c\u00f3cteles molotov. El ataque se produjo porque el propietario del establecimiento es un conocido fascista de la ciudad.<\/p>\n<p style=\"text-align: justify\">\u00a1Atacar los negocios y dem\u00e1s propiedades y \u00e1mbitos de la vida personal de cada fascista es tambi\u00e9n un modo de combatir al fascismo mismo!<\/p>\n<p style=\"text-align: justify\">&#8212;&#8212;&#8212;&#8212;&#8212;&#8212;&#8211;<\/p>\n<div class=\"post-bodycopy clearfix\">\n<p style=\"text-align: justify\"><em>La noche del 6 de octubre realizamos un <a href=\"https:\/\/athens.indymedia.org\/post\/1549927\/\" target=\"_blank\">ataque<\/a> con bombas molotov contra una taberna fascista en el barrio de Ano Poli, en Tesal\u00f3nica.<\/em><\/p>\n<p style=\"text-align: justify\"><em>Destruyamos el Estado y el fascismo con ira y alegr\u00eda.<\/em><\/p>\n<p style=\"text-align: justify\"><a href=\"https:\/\/vozcomoarma.noblogs.org\/files\/2015\/10\/B4Ga_3RIYAAIeGd.jpg\"><img loading=\"lazy\" decoding=\"async\" class=\"size-medium wp-image-9081 aligncenter\" src=\"https:\/\/vozcomoarma.noblogs.org\/files\/2015\/10\/B4Ga_3RIYAAIeGd-300x298.jpg\" alt=\"B4Ga_3RIYAAIeGd\" width=\"300\" height=\"298\" srcset=\"https:\/\/vozcomoarma.noblogs.org\/files\/2015\/10\/B4Ga_3RIYAAIeGd-300x298.jpg 300w, https:\/\/vozcomoarma.noblogs.org\/files\/2015\/10\/B4Ga_3RIYAAIeGd.jpg 320w\" sizes=\"auto, (max-width: 300px) 100vw, 300px\" \/><\/a><\/p>\n<\/div>\n<p style=\"text-align: justify\">\n","protected":false},"excerpt":{"rendered":"<p>El siguiente comunicado, de apenas dos l\u00edneas y recogido de Contra Info,\u00a0reivindica un ataque incendiario dirigido contra una taberna situada en el barrio de Ano Poli en Tesal\u00f3nica, Grecia, mediante el lanzamiento de c\u00f3cteles molotov. El ataque se produjo porque &hellip; <a href=\"https:\/\/vozcomoarma.noblogs.org\/?p=9080\">Sigue leyendo <span class=\"meta-nav\">&rarr;<\/span><\/a><\/p>\n","protected":false},"author":7045,"featured_media":0,"comment_status":"closed","ping_status":"open","sticky":false,"template":"","format":"standard","meta":{"footnotes":""},"categories":[58,61,9],"tags":[14,15,16,26,10],"class_list":["post-9080","post","type-post","status-publish","format-standard","hentry","category-acciones","category-noticias","category-noticias-y-comunicados","tag-anti-fascismo","tag-grecia","tag-guerra-social","tag-insurreccionalismo","tag-sabotaje"],"_links":{"self":[{"href":"https:\/\/vozcomoarma.noblogs.org\/index.php?rest_route=\/wp\/v2\/posts\/9080","targetHints":{"allow":["GET"]}}],"collection":[{"href":"https:\/\/vozcomoarma.noblogs.org\/index.php?rest_route=\/wp\/v2\/posts"}],"about":[{"href":"https:\/\/vozcomoarma.noblogs.org\/index.php?rest_route=\/wp\/v2\/types\/post"}],"author":[{"embeddable":true,"href":"https:\/\/vozcomoarma.noblogs.org\/index.php?rest_route=\/wp\/v2\/users\/7045"}],"replies":[{"embeddable":true,"href":"https:\/\/vozcomoarma.noblogs.org\/index.php?rest_route=%2Fwp%2Fv2%2Fcomments&post=9080"}],"version-history":[{"count":1,"href":"https:\/\/vozcomoarma.noblogs.org\/index.php?rest_route=\/wp\/v2\/posts\/9080\/revisions"}],"predecessor-version":[{"id":9082,"href":"https:\/\/vozcomoarma.noblogs.org\/index.php?rest_route=\/wp\/v2\/posts\/9080\/revisions\/9082"}],"wp:attachment":[{"href":"https:\/\/vozcomoarma.noblogs.org\/index.php?rest_route=%2Fwp%2Fv2%2Fmedia&parent=9080"}],"wp:term":[{"taxonomy":"category","embeddable":true,"href":"https:\/\/vozcomoarma.noblogs.org\/index.php?rest_route=%2Fwp%2Fv2%2Fcategories&post=9080"},{"taxonomy":"post_tag","embeddable":true,"href":"https:\/\/vozcomoarma.noblogs.org\/index.php?rest_route=%2Fwp%2Fv2%2Ftags&post=9080"}],"curies":[{"name":"wp","href":"https:\/\/api.w.org\/{rel}","templated":true}]}}