{"id":9126,"date":"2015-10-27T13:14:20","date_gmt":"2015-10-27T12:14:20","guid":{"rendered":"http:\/\/vozcomoarma.noblogs.org\/?p=9126"},"modified":"2015-10-28T16:49:39","modified_gmt":"2015-10-28T15:49:39","slug":"urgente-concentracion-hoy-a-las-2000-en-la-plaza-tirso-de-molina-madrid-en-solidaridad-con-lxs-companerxs-monica-y-francisco","status":"publish","type":"post","link":"https:\/\/vozcomoarma.noblogs.org\/?p=9126","title":{"rendered":"\u00a1Urgente! Concentraci\u00f3n HOY a las 20:00 en la Plaza Tirso de Molina (Madrid) en solidaridad con lxs compa\u00f1erxs M\u00f3nica y Francisco"},"content":{"rendered":"<p style=\"text-align: justify\">Recibo en el correo y difundo el siguiente llamado urgente a concentrarse esta tarde a las 20:00 en la Plaza de Tirso de Molina, en el centro de Madrid, para mostrar la solidaridad y el apoyo que lxs compa\u00f1erxs M\u00f3nica y Francisco necesitan en estos momentos en los que se decidir\u00e1 su suerte entre hoy y ma\u00f1ana:<\/p>\n<p style=\"text-align: justify\">&#8212;&#8212;&#8212;&#8212;&#8212;&#8212;&#8212;&#8212;&#8212;&#8212;&#8212;&#8211;<\/p>\n<p style=\"text-align: justify\"><em>CONCENTRACI\u00d3N A LAS 20H EN TIRSO DE MOLINA. <\/em><br \/>\n<em>Se pide difusi\u00f3n. <\/em><\/p>\n<p style=\"text-align: justify\"><em>Tras la vista que ha tenido lugar esta ma\u00f1ana en la Audiencia Nacional sobre la situaci\u00f3n de los compa\u00f1eros M\u00f3nica y Francisco, sabemos que se resolver\u00e1 y que tendr\u00e1n una respuesta entre el d\u00eda de hoy y ma\u00f1ana. <\/em><\/p>\n<p style=\"text-align: justify\"><em>No sabemos cu\u00e1l es su decisi\u00f3n, por ello sea cual sea el final de la misma, hemos cre\u00eddo necesario solidarizarnos con los compa\u00f1eros. <\/em><\/p>\n<p style=\"text-align: justify\"><em>Desde las 9h de la ma\u00f1ana nos hemos concentrado en las puertas de la Audiencia Nacional para mostrar nuestro apoyo y hacerles saber que no est\u00e1n solos y hacemos otro llamamiento a la solidaridad concentr\u00e1ndonos esta tarde a las 20h en la PLAZA DE TIRSO DE MOLINA como forma de visibilizar el conflicto existente con los compa\u00f1eros M\u00f3nica y Francisco as\u00ed como contra los anarquistas y aquellos que luchan contra el Estado. <\/em><\/p>\n<p style=\"text-align: justify\"><em>De igual forma animamos a las otras ciudades del Estado y de fuera del mismo a convocar actos, movilizaciones, acciones o cualquier otra forma de difusi\u00f3n como forma de presi\u00f3n y muestra de apoyo. <\/em><\/p>\n<p style=\"text-align: justify\"><em>Porque siempre habr\u00e1 presos en las c\u00e1rceles y represi\u00f3n&#8230; <\/em><\/p>\n<p style=\"text-align: justify\"><em>&#8230; LA LUCHA ES EL \u00daNICO CAMINO <\/em><\/p>\n<p style=\"text-align: justify\"><em>MUERTE AL ESTADO Y VIVA LA ANARQU\u00cdA<\/em><\/p>\n","protected":false},"excerpt":{"rendered":"<p>Recibo en el correo y difundo el siguiente llamado urgente a concentrarse esta tarde a las 20:00 en la Plaza de Tirso de Molina, en el centro de Madrid, para mostrar la solidaridad y el apoyo que lxs compa\u00f1erxs M\u00f3nica &hellip; <a href=\"https:\/\/vozcomoarma.noblogs.org\/?p=9126\">Sigue leyendo <span class=\"meta-nav\">&rarr;<\/span><\/a><\/p>\n","protected":false},"author":7045,"featured_media":0,"comment_status":"closed","ping_status":"open","sticky":false,"template":"","format":"standard","meta":{"footnotes":""},"categories":[132,59,61,9],"tags":[16,67,42,24,19,11],"class_list":["post-9126","post","type-post","status-publish","format-standard","hentry","category-acusadxs-comando-mateo-morral","category-convocatorias","category-noticias","category-noticias-y-comunicados","tag-guerra-social","tag-madrid","tag-movimientos-sociales","tag-reflexion","tag-represion","tag-solidaridad"],"_links":{"self":[{"href":"https:\/\/vozcomoarma.noblogs.org\/index.php?rest_route=\/wp\/v2\/posts\/9126","targetHints":{"allow":["GET"]}}],"collection":[{"href":"https:\/\/vozcomoarma.noblogs.org\/index.php?rest_route=\/wp\/v2\/posts"}],"about":[{"href":"https:\/\/vozcomoarma.noblogs.org\/index.php?rest_route=\/wp\/v2\/types\/post"}],"author":[{"embeddable":true,"href":"https:\/\/vozcomoarma.noblogs.org\/index.php?rest_route=\/wp\/v2\/users\/7045"}],"replies":[{"embeddable":true,"href":"https:\/\/vozcomoarma.noblogs.org\/index.php?rest_route=%2Fwp%2Fv2%2Fcomments&post=9126"}],"version-history":[{"count":3,"href":"https:\/\/vozcomoarma.noblogs.org\/index.php?rest_route=\/wp\/v2\/posts\/9126\/revisions"}],"predecessor-version":[{"id":9133,"href":"https:\/\/vozcomoarma.noblogs.org\/index.php?rest_route=\/wp\/v2\/posts\/9126\/revisions\/9133"}],"wp:attachment":[{"href":"https:\/\/vozcomoarma.noblogs.org\/index.php?rest_route=%2Fwp%2Fv2%2Fmedia&parent=9126"}],"wp:term":[{"taxonomy":"category","embeddable":true,"href":"https:\/\/vozcomoarma.noblogs.org\/index.php?rest_route=%2Fwp%2Fv2%2Fcategories&post=9126"},{"taxonomy":"post_tag","embeddable":true,"href":"https:\/\/vozcomoarma.noblogs.org\/index.php?rest_route=%2Fwp%2Fv2%2Ftags&post=9126"}],"curies":[{"name":"wp","href":"https:\/\/api.w.org\/{rel}","templated":true}]}}