{"id":9193,"date":"2015-10-30T19:26:41","date_gmt":"2015-10-30T18:26:41","guid":{"rendered":"http:\/\/vozcomoarma.noblogs.org\/?p=9193"},"modified":"2015-10-30T19:34:57","modified_gmt":"2015-10-30T18:34:57","slug":"de-la-rabia-como-algo-compartido-comunicado-de-algunas-individualidades-anarquistas-pontevedresas-sobre-la-represion-de-estos-dias-contra-el-anarquismo-y-de-la-operacion-de-hoy-contra-el-ind","status":"publish","type":"post","link":"https:\/\/vozcomoarma.noblogs.org\/?p=9193","title":{"rendered":"\u00abDe la rabia como algo compartido\u00bb &#8211; Comunicado de \u00abAlgunas individualidades anarquistas pontevedresas\u00bb sobre la represi\u00f3n de estos d\u00edas contra el anarquismo y de la operaci\u00f3n de hoy contra el independentismo galego"},"content":{"rendered":"<p style=\"text-align: justify\" align=\"JUSTIFY\">Recibo en el correo electr\u00f3nico y difundo el siguiente comunicado solidario, firmado por <i>\u00abAlgunas individualidades anarquistas pontevedresas&#8230;\u00bb\u00a0<\/i>y que pretende transmitir su apoyo a las anarquistas detenidas anteayer en las ciudades catalanas de Barcelona y Manresa, y tambi\u00e9n a las 9 personas detenidas hoy por su implicaci\u00f3n en luchas y colectivos\u00a0de la izquierda independentista galega, bajo acusaciones de supuesto enaltecimiento del terrorismo por simplemente haber mostrado\u00a0tambi\u00e9n su solidaridad con otrxs militantes independentistas encarceladxs anteriormente.<\/p>\n<p style=\"text-align: justify\" align=\"JUSTIFY\">\u00a1Abajo los muros de las prisiones!<br \/>\n\u00a1Arriba lxs que luchan!<\/p>\n<p style=\"text-align: justify\" align=\"JUSTIFY\">&#8212;&#8212;&#8212;&#8212;&#8212;&#8212;&#8212;&#8212;&#8212;&#8212;&#8212;&#8211;<\/p>\n<p style=\"text-align: justify\" align=\"JUSTIFY\"><strong><em>De la rabia como algo compartido&#8230;<\/em><\/strong><\/p>\n<p style=\"text-align: justify\" align=\"JUSTIFY\"><em>Las miserias de este Estado de democracia fascista cuando de lo que se trata es de silenciar voces discordantes son un secreto a voces. Todas hemos visto cu\u00e1l es la verdad escondida tras sus discursos de democracia de sal\u00f3n y urna, cuando hablan de \u00abpaz\u00bb mientras env\u00edan tropas a masacrar poblaciones en Oriente Medio bajo el escaparate medi\u00e1tico de mentira antiterrorista; cuando hablan de \u00abviolencia\u00bb para referirse a cualquiera que cuestione su mundo desde unos planteamientos que vayan m\u00e1s all\u00e1 de los estrechos y limitados caminos dispuestos por sus leyes, mientras sus perros de presa maltratan, arrestan, esposan y se llevan para Madrid a nuestras compa\u00f1eras, amigas, vecinas, familiares, y dejan tras de s\u00ed escombreras de impotencia, miedo y l\u00e1grimas, el aut\u00e9ntico paisaje que hay tras su miserable decorado de luces de ne\u00f3n, mercanc\u00edas circulando y titulares de prensa que hablan de una seguridad, una calma y una moralidad que se encuentran reservadas a aquellxs que tienen m\u00e1s, y que para lxs dem\u00e1s no esconde nada m\u00e1s que una guerra cotidiana. La guerra entre el mundo del Capital y el mundo de la Libertad. La guerra de la miseria, la desesperaci\u00f3n y la esclavitud modernas, contra los sue\u00f1os que buscan ser cumplidos y no pierden m\u00e1s tiempo.<\/em><\/p>\n<p style=\"text-align: justify\" align=\"JUSTIFY\"><em>Hace s\u00f3lo dos d\u00edas, en Catalu\u00f1a, los Mossos d&#8217; Esquadra llevaban a cabo otro operativo represor y fascista en contra de nuestras compa\u00f1eras anarquistas en las ciudades de Barcelona y Manresa. Centros sociales y ateneos, espacios donde el \u00fanico \u00abterrorismo\u00bb que se practica es el de intentar extender una conciencia basada en la solidaridad, la ayuda mutua y el respeto hacia las dem\u00e1s formas de vida, fueron asaltados a primeras horas del amanecer, junto a varias viviendas particulares. 9 compa\u00f1eras fueron detenidas, bajo absurdas acusaciones sin fundamento ni prueba alguna, entre las cuales se cuentan las de pertenencia a una presunta \u00aborganizaci\u00f3n terrorista\u00bb. Estas personas son culpables de mantener vivos sus lazos con compa\u00f1eras y compa\u00f1eros que se encuentran presas\/os desde hace a\u00f1os, de no dejar solxs a quienes fueron v\u00edctimas de la represi\u00f3n indiscriminada, escribiendo cartas, haciendo visitas, difundiendo en la calle su situaci\u00f3n. Nada m\u00e1s. 9 compa\u00f1eras que ahora tambi\u00e9n sentimos que faltan, incluso en la distancia. Estas 9 personas hoy, 30 de octubre de 2015, fueron puestas a disposici\u00f3n judicial en la Audiencia Nacional, quedando dos de ellas en \u00ablibertad\u00bb con diferentes medidas restrictivas (retirada de pasaporte y obligaci\u00f3n de comparecer peri\u00f3dicamente), cinco\u00a0de ellas con posibilidad de \u00ablibertad\u00bb bajo fianza de 5000 \u20ac, otra con fianza de 4000 \u20ac, y otra persona, abogado laboralista, enviado a prisi\u00f3n preventiva.<\/em><\/p>\n<p style=\"text-align: justify\" align=\"JUSTIFY\"><em>El mismo d\u00eda en que estas 9 personas eran detenidas, a dos compa\u00f1eras, M\u00f3nica y Francisco, la Audiencia Nacional les prorrogaba la prisi\u00f3n preventiva durante dos a\u00f1os m\u00e1s, con lo que cabe la posiblidad probable de que pasen hasta 4 a\u00f1os en la c\u00e1rcel sin juicio ninguno. Esta es la democracia, la que sin pruebas, ni cargos firmes, mantiene encerradas a dos personas 4 a\u00f1os de su vida, a merced de las torturas y los malos tratos, tan tristemente c\u00e9lebres y habituales en las c\u00e1rceles espa\u00f1olas (no en vano el Estado espa\u00f1ol acumula innumerables denuncias de organismos internacionales en ese aspecto).<\/em><\/p>\n<p style=\"text-align: justify\" align=\"JUSTIFY\"><em>M\u00f3nica y Francisco ya fueron v\u00edctimas en Chile de un burdo montaje judicial y policial auspiciado por las mentiras de los periodistas, del que lograron salir indemnes, despu\u00e9s de que las mentiras del poder quedasen al descubierto. Una vez fueron a vivir a Barcelona, fueron encarceladxs de nuevo, nuevamente acusadxs de unos atentados de los cuales no hay pruebas que los relacionen con ellxs.<\/em><\/p>\n<p style=\"text-align: justify\" align=\"JUSTIFY\"><em>Recientemente, en las prisiones espa\u00f1olas mor\u00edan dos presxs. Una de esas personas, Roy \u00c1lvarez Barrio, mor\u00eda en la prisi\u00f3n de A Lama, por causas aun desconocidas, mientras que la otra persona, Galaxia Hern\u00e1ndez Salguero, mor\u00eda en Villabona, Asturias. Les ponemos nombre porque lo tienen, porque para nosotrxs son algo m\u00e1s que estad\u00edsticas, iniciales o cifras en censos. Porque para nosotrxs, cada muerte importa porque cada muerte DUELE. Y hablamos esta vez de la muerte de dos personas, dos personas que pierden la vida tras los muros, sin una segunda oportunidad, sin la menor consideraci\u00f3n ni respuesta de la administraci\u00f3n. Dos.<\/em><\/p>\n<p style=\"text-align: justify\" align=\"JUSTIFY\"><em>Ahora, la Audiencia Nacional vuelve a atacar, esta vez a los entornos del independentismo militante galego, con el resultado de 9 personas detenidas, algunas de esas personas amigas, conocidas, compa\u00f1eras, con las que hemos compartido movilizaciones, pegadas de carteles, risas, asambleas, debates. Y nuevamente, crecen la rabia,, la impotencia y esas sensaciones tan desagradables como familiares para quienes vivimos con la espada de D\u00e1mocles de la represi\u00f3n pendiendo sobre nuestras cabezas, y no nos resignamos a abandonar esos sue\u00f1os tan hermosos de un mundo en libertad, solidaridad, y sin amos ni esclavas.<\/em><\/p>\n<p style=\"text-align: justify\" align=\"JUSTIFY\"><em>M\u00e1s all\u00e1 de las muchas diferencias pol\u00edticas que puedan caracterizarnos y existir entre nosotrxs, queremos solidarizarnos no s\u00f3lo con nuestrxs compas anarquistas, sino tambi\u00e9n con lxs 9 independentistas detenidxs hoy. Nuestra solidaridad se encuentra con todas aquellas personas represaliadas por luchar, m\u00e1s all\u00e1 de fronteras, distancias, lenguas y pensamiento. Porque nuestra solidaridad no es negociable, ni acepta los l\u00edmites impuestos por el Capital y por sus Estados-Franquicia.<\/em><\/p>\n<p style=\"text-align: justify\" align=\"JUSTIFY\"><em>Que se extiendan las movilizaciones y las respuestas como cada cual considere oportuno. Y que la represi\u00f3n no quede en el silencio ni en el olvido.<\/em><\/p>\n<p style=\"text-align: justify\" align=\"JUSTIFY\"><em>Cada golpe nos hace m\u00e1s fuertes.<\/em><\/p>\n<p style=\"text-align: justify\" align=\"JUSTIFY\"><em>\u00a1El Estado es el \u00fanico terrorista!<\/em><\/p>\n<p style=\"text-align: justify\" align=\"JUSTIFY\"><strong><em>Algunas individualidades anarquistas pontevedresas&#8230;<\/em><\/strong><\/p>\n<p style=\"text-align: justify\" align=\"JUSTIFY\"><a href=\"https:\/\/vozcomoarma.noblogs.org\/files\/2015\/10\/2015-06-foto0018-760x470.jpg\"><img loading=\"lazy\" decoding=\"async\" class=\"aligncenter wp-image-9194 size-full\" src=\"https:\/\/vozcomoarma.noblogs.org\/files\/2015\/10\/2015-06-foto0018-760x470.jpg\" alt=\"2015-06-foto0018-760x470\" width=\"760\" height=\"470\" srcset=\"https:\/\/vozcomoarma.noblogs.org\/files\/2015\/10\/2015-06-foto0018-760x470.jpg 760w, https:\/\/vozcomoarma.noblogs.org\/files\/2015\/10\/2015-06-foto0018-760x470-300x186.jpg 300w\" sizes=\"auto, (max-width: 760px) 100vw, 760px\" \/><\/a><\/p>\n","protected":false},"excerpt":{"rendered":"<p>Recibo en el correo electr\u00f3nico y difundo el siguiente comunicado solidario, firmado por \u00abAlgunas individualidades anarquistas pontevedresas&#8230;\u00bb\u00a0y que pretende transmitir su apoyo a las anarquistas detenidas anteayer en las ciudades catalanas de Barcelona y Manresa, y tambi\u00e9n a las 9 &hellip; <a href=\"https:\/\/vozcomoarma.noblogs.org\/?p=9193\">Sigue leyendo <span class=\"meta-nav\">&rarr;<\/span><\/a><\/p>\n","protected":false},"author":7045,"featured_media":0,"comment_status":"closed","ping_status":"open","sticky":false,"template":"","format":"standard","meta":{"footnotes":""},"categories":[61,9,7],"tags":[35,107,17,48,18,16,42,24,19,11,71],"class_list":["post-9193","post","type-post","status-publish","format-standard","hentry","category-noticias","category-noticias-y-comunicados","category-presxs","tag-asesinato-de-estado","tag-barcelona","tag-carcel","tag-cataluna","tag-galicia","tag-guerra-social","tag-movimientos-sociales","tag-reflexion","tag-represion","tag-solidaridad","tag-tortura"],"_links":{"self":[{"href":"https:\/\/vozcomoarma.noblogs.org\/index.php?rest_route=\/wp\/v2\/posts\/9193","targetHints":{"allow":["GET"]}}],"collection":[{"href":"https:\/\/vozcomoarma.noblogs.org\/index.php?rest_route=\/wp\/v2\/posts"}],"about":[{"href":"https:\/\/vozcomoarma.noblogs.org\/index.php?rest_route=\/wp\/v2\/types\/post"}],"author":[{"embeddable":true,"href":"https:\/\/vozcomoarma.noblogs.org\/index.php?rest_route=\/wp\/v2\/users\/7045"}],"replies":[{"embeddable":true,"href":"https:\/\/vozcomoarma.noblogs.org\/index.php?rest_route=%2Fwp%2Fv2%2Fcomments&post=9193"}],"version-history":[{"count":4,"href":"https:\/\/vozcomoarma.noblogs.org\/index.php?rest_route=\/wp\/v2\/posts\/9193\/revisions"}],"predecessor-version":[{"id":9198,"href":"https:\/\/vozcomoarma.noblogs.org\/index.php?rest_route=\/wp\/v2\/posts\/9193\/revisions\/9198"}],"wp:attachment":[{"href":"https:\/\/vozcomoarma.noblogs.org\/index.php?rest_route=%2Fwp%2Fv2%2Fmedia&parent=9193"}],"wp:term":[{"taxonomy":"category","embeddable":true,"href":"https:\/\/vozcomoarma.noblogs.org\/index.php?rest_route=%2Fwp%2Fv2%2Fcategories&post=9193"},{"taxonomy":"post_tag","embeddable":true,"href":"https:\/\/vozcomoarma.noblogs.org\/index.php?rest_route=%2Fwp%2Fv2%2Ftags&post=9193"}],"curies":[{"name":"wp","href":"https:\/\/api.w.org\/{rel}","templated":true}]}}