{"id":9230,"date":"2015-11-04T23:54:24","date_gmt":"2015-11-04T22:54:24","guid":{"rendered":"http:\/\/vozcomoarma.noblogs.org\/?p=9230"},"modified":"2015-11-05T00:03:34","modified_gmt":"2015-11-04T23:03:34","slug":"chile-maderos-hallan-y-desactivan-un-artefacto-explosivo-colocado-en-la-entrada-de-la-12a-comisaria-de-san-miguel","status":"publish","type":"post","link":"https:\/\/vozcomoarma.noblogs.org\/?p=9230","title":{"rendered":"Chile &#8211; Maderos hallan y desactivan un artefacto explosivo colocado en la entrada de la 12\u00aa Comisar\u00eda de San Miguel + Reivindicaci\u00f3n"},"content":{"rendered":"<p style=\"text-align: justify\">Lxs compas de <a href=\"https:\/\/noticiasdelaguerrasocial.wordpress.com\">Noticias de la Guerra Social (Chile)<\/a> enviaron al correo electr\u00f3nico una noticia acerca de un explosivo que fue encontrado por los maderos en la 12\u00aa Comisar\u00eda de San Miguel. La bomba, que no lleg\u00f3 a explotar, estar\u00eda compuesta de un extintor relleno de p\u00f3lvora negra, y habr\u00eda sido dejado en el interior de un bolso abandonado por alguna persona desconocida en torno a las 2:00 de la madrugada del pasado 29 de octubre. Los maderos, tras encontrar y desactivar el artefacto, estar\u00edan analiz\u00e1ndolo junto a las grabaciones de las c\u00e1maras de CCTV del recinto, con la intenci\u00f3n de dar con la persona responsable del acto, el cual fue posteriormente reivindicado.<\/p>\n<p style=\"text-align: justify\">Sigue a continuaci\u00f3n la noticia. Quiero aclarar para evitar posibles descontextualizaciones accidentales o malintencionadas, que lo que se a\u00f1ade NO es una reivindicaci\u00f3n, ni puede ser tomada como tal, ni ser atribu\u00edda responsabilidad alguna a lxs compas de Noticias de la Guerra Social o a este blog o a otros que difundan la noticia; el escrito que sigue cumple una estricta labor informativa:<\/p>\n<p style=\"text-align: justify\">&#8212;&#8212;&#8212;&#8212;&#8212;&#8212;&#8212;&#8212;&#8212;&#8212;&#8212;&#8212;<\/p>\n<p style=\"text-align: justify\"><em>Durante la madrugada del 29 de Octubre del 2015 an\u00f3nimas manos consiguen colocar un artefacto explosivo en la 12\u00b0 Comisar\u00eda de San Miguel. El artefacto estar\u00eda compuesto por un extintor relleno con p\u00f3lvora negra y habr\u00eda sido colocado cerca de las 02:00 AM.<\/em><\/p>\n<p style=\"text-align: justify\"><em>El artefacto fue puesto en las cercan\u00edas de las intersecciones de Gran Avenida con \u00c1lvarez Toledo, cerca de la corte de apelaciones de San Miguel y de la Fiscal\u00eda Sur, precisamente en el port\u00f3n del recinto policial. <\/em><\/p>\n<p style=\"text-align: justify\"><em>Bastardos que se encontraban de guardia en la comisaria, se percataron de un bolso sospechoso en el per\u00edmetro policial, activando todo el protocolo de seguridad.<\/em><\/p>\n<p style=\"text-align: justify\"><em>Al lugar acudi\u00f3 el GOPE quien consigui\u00f3 retirar el artefacto sin hacerlo detonar, para luego llev\u00e1rselo hasta sus dependencias en Cerrillos para analizarlo. Finalmente Renato Avellao, bastardo Coronel de aquella p\u00fatrida instituci\u00f3n se\u00f1alo: \u00abhay c\u00e1maras de seguridad en todo el entorno del cuartel y se est\u00e1 periciando estas im\u00e1genes para detectar qu\u00e9 persona dej\u00f3 el bolso con este extintor al costado de la unidad. Fue en horas de la madrugada\u00bb.<\/em><\/p>\n<p style=\"text-align: justify\"><a href=\"https:\/\/vozcomoarma.noblogs.org\/files\/2015\/11\/01comisariasanmiguel.jpg\"><img loading=\"lazy\" decoding=\"async\" class=\"wp-image-9231 size-full aligncenter\" src=\"https:\/\/vozcomoarma.noblogs.org\/files\/2015\/11\/01comisariasanmiguel.jpg\" alt=\"01comisariasanmiguel\" width=\"557\" height=\"393\" srcset=\"https:\/\/vozcomoarma.noblogs.org\/files\/2015\/11\/01comisariasanmiguel.jpg 557w, https:\/\/vozcomoarma.noblogs.org\/files\/2015\/11\/01comisariasanmiguel-300x212.jpg 300w\" sizes=\"auto, (max-width: 557px) 100vw, 557px\" \/><\/a> <a href=\"https:\/\/vozcomoarma.noblogs.org\/files\/2015\/11\/02comisariasanmiguel.jpg\"><img loading=\"lazy\" decoding=\"async\" class=\"wp-image-9232 size-full aligncenter\" src=\"https:\/\/vozcomoarma.noblogs.org\/files\/2015\/11\/02comisariasanmiguel.jpg\" alt=\"02comisariasanmiguel\" width=\"530\" height=\"392\" srcset=\"https:\/\/vozcomoarma.noblogs.org\/files\/2015\/11\/02comisariasanmiguel.jpg 530w, https:\/\/vozcomoarma.noblogs.org\/files\/2015\/11\/02comisariasanmiguel-300x222.jpg 300w\" sizes=\"auto, (max-width: 530px) 100vw, 530px\" \/><\/a> <a href=\"https:\/\/vozcomoarma.noblogs.org\/files\/2015\/11\/03comisariasanmiguel.jpg\"><img loading=\"lazy\" decoding=\"async\" class=\"wp-image-9233 size-full aligncenter\" src=\"https:\/\/vozcomoarma.noblogs.org\/files\/2015\/11\/03comisariasanmiguel.jpg\" alt=\"03comisariasanmiguel\" width=\"555\" height=\"393\" srcset=\"https:\/\/vozcomoarma.noblogs.org\/files\/2015\/11\/03comisariasanmiguel.jpg 555w, https:\/\/vozcomoarma.noblogs.org\/files\/2015\/11\/03comisariasanmiguel-300x212.jpg 300w\" sizes=\"auto, (max-width: 555px) 100vw, 555px\" \/><\/a> <a href=\"https:\/\/vozcomoarma.noblogs.org\/files\/2015\/11\/04comisariasanmiguel.jpg\"><img loading=\"lazy\" decoding=\"async\" class=\"aligncenter wp-image-9234 size-full\" src=\"https:\/\/vozcomoarma.noblogs.org\/files\/2015\/11\/04comisariasanmiguel.jpg\" alt=\"04comisariasanmiguel\" width=\"589\" height=\"393\" srcset=\"https:\/\/vozcomoarma.noblogs.org\/files\/2015\/11\/04comisariasanmiguel.jpg 589w, https:\/\/vozcomoarma.noblogs.org\/files\/2015\/11\/04comisariasanmiguel-300x200.jpg 300w\" sizes=\"auto, (max-width: 589px) 100vw, 589px\" \/><\/a><\/p>\n<p style=\"text-align: justify\">&#8212;&#8212;&#8212;&#8212;&#8212;&#8212;&#8212;&#8212;&#8212;&#8212;&#8212;&#8212;<\/p>\n<p style=\"text-align: justify\">&#8211; ACTUALIZACI\u00d3N &#8211;<\/p>\n<p style=\"text-align: justify\">Tras publicar la noticia recibida de parte de lxs compas de <a href=\"https:\/\/noticiasdelaguerrasocial.wordpress.com\">Noticias de la Guerra Social<\/a>, recojo ahora por otro lado de <a href=\"http:\/\/es.contrainfo.espiv.net\/2015\/11\/04\/chile-adjudicacion-de-ataque-frustrado-a-comisaria-de-san-miguel\/\">Contra Info<\/a>\u00a0la reivindicaci\u00f3n formal del ataque frustrado, por parte del grupo \u00abConspiraci\u00f3n Internacional por la Venganza (CIV) &#8211; C\u00e9lula Deflagrante Gerasimos Tsakalos\u00bb:<\/p>\n<p style=\"text-align: justify\">&#8212;&#8212;&#8212;&#8212;&#8212;&#8212;&#8212;&#8212;&#8212;&#8212;&#8212;&#8212;-<\/p>\n<p style=\"text-align: justify\"><strong><em>\u201cSabemos que nunca se hace de noche all\u00ed, dentro de las prisiones. Ah\u00ed los recuerdos se escarchan, y uno se olvida de c\u00f3mo se ve el cielo sin rejas y alambre de p\u00faas. Si la muerte tiene su propio color, debe ser el pintado en sus c\u00e1rceles. Porque el reino de la muerte lenta se encuentra en el interior, y uno lo puede sentir cada d\u00eda\u201d.<\/em><\/strong><\/p>\n<p style=\"text-align: justify\"><em>Cuando unx af\u00edn cae en las garras del poder, no podemos quedarnos perplejos y observar pasivamente c\u00f3mo las rejas se imponen en contra de su voluntad. No hace falta nombrar el circo por parte del aparato medi\u00e1tico, siempre esclavo del orden burgu\u00e9s -al igual que lxs putrefactxs ciudadanxs polic\u00edas-, aunque de \u00e9l no esperemos nada, el odio surge cada vez que vemos a nuestrxs compa\u00f1erxs flageladxs en el fest\u00edn que monta la prensa y la polic\u00eda, celebrando la captura de un nuevo \u201ctrofeo\u201d.<\/em><\/p>\n<p style=\"text-align: justify\"><em>Si bien la solidaridad resulta siempre importante -en todos los aspectos-, no podemos quedar conformes con muchas de las acciones que se levantan en apoyo a nuestrxs afines, aunque son siempre necesarias. Creemos que una parte importante de reconocerse como un revolucionarix, es estar dispuesto -como lo est\u00e1n ellxs- a atacar al aparato estatal y al capital. De esta forma, creemos que la solidaridad debe trascender a las palabras, forjarse en ataque y as\u00ed transformarse en acci\u00f3n constante en contra del orden. Porque, el reconocimiento de la afinidad va acompa\u00f1ado de complicidades y vivencias, que crean un lazo inquebrantable entre an\u00f3nimxs.<\/em><\/p>\n<p style=\"text-align: justify\"><em>Por todo lo anterior mencionado, es que el d\u00eda jueves 29 de Octubre a las 02:00 de la madrugada aproximadamente, nos movimos cautelosamente por las calles de la comuna de San Miguel. Armadxs con una bomba, compuesta por un extintor de 6 kilogramos relleno con m\u00e1s de 3 kilos de p\u00f3lvora negra, alrededor de 100 clavos de 4 pulgadas y 50 clavos de 1 pulgada en el interior para que funcionaran como esquirlas, una botella de 1 litro de \u00e1cido sulf\u00farico y dos botellas de un litro con bencina, todo esto activado mediante un mando a distancia, consistente en un tel\u00e9fono celular conectado a una ampolleta de 2,5 volt modificada como detonador. Todo esto para atacar a lxs bastardxs de la 12\u00ba comisaria, ubicada en las calles \u00c1lvarez de Toledo con Gran Avenida. Luego de posicionar nuestro vengativo regalo en el port\u00f3n trasero de la comisaria, al lado de la caseta de \u00e9l\/la in\u00fatil vigilante, nos retiramos sin problemas del lugar. Ya estando lejos y segurxs, realizamos la llamada que debi\u00f3 haber activado la bomba. Lamentablemente para nosotrxs y por suerte para lxs miserables, algo dentro del circuito el\u00e9ctrico fall\u00f3. Nuestras intenciones eran y son claras, causar el mayor da\u00f1o posible a la guarida de verde y blanco -y toda puta autoridad que se nos presente en nuestras vidas-, calcul\u00e1bamos que la explosi\u00f3n ser\u00eda capaz de derribar el port\u00f3n y ojal\u00e1 causar la muerte de alg\u00fan\/a polic\u00eda, acompa\u00f1ado con el mayor sufrimiento de sus familias, en lo posible que opten por suicidarse.<\/em><\/p>\n<p style=\"text-align: justify\"><em>Saludamos al asumido prisionero de guerra Ignacio Mu\u00f1oz, quien fue secuestrado el 01 de Agosto del presente a\u00f1o portando un extintor de un kilo relleno con p\u00f3lvora m\u00e1s propaganda por lxs acusadxs del atentado a la PDI y quien hoy se encuentra en la c\u00e1rcel cumpliendo una prisi\u00f3n preventiva de 5 meses.<\/em><\/p>\n<p style=\"text-align: justify\"><em>Si ayer fallamos, ma\u00f1ana y siempre seguiremos atacando.<\/em><\/p>\n<p style=\"text-align: justify\"><em>\u00a1POR LA LIBERTAD DE TODXS LXS PRESXS DEL MUNDO!<\/em><br \/>\n<em>VOLVEREMOS\u2026<\/em><\/p>\n<p style=\"text-align: justify\"><strong><em>.-Conspiraci\u00f3n Internacional por la Venganza\/C\u00e9lula deflagrante Gerasimos Tsakalos.<\/em><\/strong><\/p>\n<p style=\"text-align: justify\"><em>PD: En la foto, los cables no salen conectados, por mayor seguridad para nosotrxs.<\/em><\/p>\n<p style=\"text-align: justify\"><a href=\"https:\/\/vozcomoarma.noblogs.org\/files\/2015\/11\/artefactoSan-Miguel-1024x712.jpg\"><img loading=\"lazy\" decoding=\"async\" class=\"aligncenter wp-image-9239 \" src=\"https:\/\/vozcomoarma.noblogs.org\/files\/2015\/11\/artefactoSan-Miguel-1024x712.jpg\" alt=\"artefactoSan-Miguel-1024x712\" width=\"434\" height=\"302\" srcset=\"https:\/\/vozcomoarma.noblogs.org\/files\/2015\/11\/artefactoSan-Miguel-1024x712.jpg 1024w, https:\/\/vozcomoarma.noblogs.org\/files\/2015\/11\/artefactoSan-Miguel-1024x712-300x209.jpg 300w\" sizes=\"auto, (max-width: 434px) 100vw, 434px\" \/><\/a><\/p>\n","protected":false},"excerpt":{"rendered":"<p>Lxs compas de Noticias de la Guerra Social (Chile) enviaron al correo electr\u00f3nico una noticia acerca de un explosivo que fue encontrado por los maderos en la 12\u00aa Comisar\u00eda de San Miguel. La bomba, que no lleg\u00f3 a explotar, estar\u00eda &hellip; <a href=\"https:\/\/vozcomoarma.noblogs.org\/?p=9230\">Sigue leyendo <span class=\"meta-nav\">&rarr;<\/span><\/a><\/p>\n","protected":false},"author":7045,"featured_media":0,"comment_status":"closed","ping_status":"open","sticky":false,"template":"","format":"standard","meta":{"footnotes":""},"categories":[58,61,9],"tags":[78,16,24,19],"class_list":["post-9230","post","type-post","status-publish","format-standard","hentry","category-acciones","category-noticias","category-noticias-y-comunicados","tag-chile","tag-guerra-social","tag-reflexion","tag-represion"],"_links":{"self":[{"href":"https:\/\/vozcomoarma.noblogs.org\/index.php?rest_route=\/wp\/v2\/posts\/9230","targetHints":{"allow":["GET"]}}],"collection":[{"href":"https:\/\/vozcomoarma.noblogs.org\/index.php?rest_route=\/wp\/v2\/posts"}],"about":[{"href":"https:\/\/vozcomoarma.noblogs.org\/index.php?rest_route=\/wp\/v2\/types\/post"}],"author":[{"embeddable":true,"href":"https:\/\/vozcomoarma.noblogs.org\/index.php?rest_route=\/wp\/v2\/users\/7045"}],"replies":[{"embeddable":true,"href":"https:\/\/vozcomoarma.noblogs.org\/index.php?rest_route=%2Fwp%2Fv2%2Fcomments&post=9230"}],"version-history":[{"count":3,"href":"https:\/\/vozcomoarma.noblogs.org\/index.php?rest_route=\/wp\/v2\/posts\/9230\/revisions"}],"predecessor-version":[{"id":9240,"href":"https:\/\/vozcomoarma.noblogs.org\/index.php?rest_route=\/wp\/v2\/posts\/9230\/revisions\/9240"}],"wp:attachment":[{"href":"https:\/\/vozcomoarma.noblogs.org\/index.php?rest_route=%2Fwp%2Fv2%2Fmedia&parent=9230"}],"wp:term":[{"taxonomy":"category","embeddable":true,"href":"https:\/\/vozcomoarma.noblogs.org\/index.php?rest_route=%2Fwp%2Fv2%2Fcategories&post=9230"},{"taxonomy":"post_tag","embeddable":true,"href":"https:\/\/vozcomoarma.noblogs.org\/index.php?rest_route=%2Fwp%2Fv2%2Ftags&post=9230"}],"curies":[{"name":"wp","href":"https:\/\/api.w.org\/{rel}","templated":true}]}}