{"id":9333,"date":"2015-11-11T03:21:31","date_gmt":"2015-11-11T02:21:31","guid":{"rendered":"http:\/\/vozcomoarma.noblogs.org\/?p=9333"},"modified":"2015-11-11T03:22:38","modified_gmt":"2015-11-11T02:22:38","slug":"9333","status":"publish","type":"post","link":"https:\/\/vozcomoarma.noblogs.org\/?p=9333","title":{"rendered":"S\u00e1bado 14 de noviembre en Vigo, curso de activismo orientado al desarrollo de las acciones que se realizar\u00e1n en las movilizaciones de Par\u00eds en la cumbre de la ONU sobre el cambio clim\u00e1tico en Par\u00eds (COP-21)"},"content":{"rendered":"<p style=\"text-align: justify\">El pr\u00f3ximo s\u00e1bado en el Espazo Ecolectivo de Vigo, el colectivo Ecoar ofrece unas jornadas de preparaci\u00f3n en activismo de cara a las acciones programadas para las movilizaciones globales contra la vig\u00e9simoprimera cumbre de la Conferencia de las Partes, una reuni\u00f3n de la ONU sobre el cambio clim\u00e1tico que se realizar\u00e1 en Par\u00eds entre finales de este mes y comienzos del siguiente.<\/p>\n<p style=\"text-align: justify\">Al margen de la clase de respuesta que cada unx de nosotrxs piense\u00a0que se debe dar a una situaci\u00f3n como esta, de si estamos o no de acuerdo con seg\u00fan qu\u00e9 proclamas, y de si entendemos la acci\u00f3n directa en una cumbre de jefxs de Estado de una forma o de otra, esta convocatoria puede resultar muy interesante para aprender a desenvolvernos y a preservar nuestra integridad y seguridad en un contexto donde la represi\u00f3n har\u00e1 todo lo posible por neutralizar cualquier asomo de resistencia o protesta que ponga en evidencia el miserable escaparate de lxs poderosxs, que entre excusas, tratados y parches, pretenden seguir ahog\u00e1ndonos en la agon\u00eda, mientras este buque de necios se hunde en las g\u00e9lidas aguas de la dominaci\u00f3n y la destrucci\u00f3n ambiental:<\/p>\n<p>&#8212;&#8212;&#8212;&#8212;&#8212;&#8212;&#8212;&#8212;&#8212;&#8212;&#8212;&#8212;-<\/p>\n<p style=\"text-align: justify\"><em>Curso de activismo orientado de cara al desarrollo de las acciones que se realizar\u00e1n en las movilizaciones de Par\u00eds en la cumbre de la ONU sobre el cambio clim\u00e1tico (COP-21):<\/em><\/p>\n<p style=\"text-align: justify\"><em><strong>S\u00c1BADO, 14 NOVIEMBRE 2015<\/strong><\/em><br \/>\n<span id=\"more-10793\"><\/span><\/p>\n<p style=\"text-align: justify\"><em><strong>BLOQUE 1 \u201cActivismo y acci\u00f3n directa\u201d<\/strong> (Ma\u00f1ana)<\/em><\/p>\n<p style=\"text-align: justify\"><em>10:00 \u2013 10:20: Introducci\u00f3n: \u00bfQue es el COP-21?<\/em><br \/>\n<em>10:20- 11: Explicaci\u00f3n conceptual: Acci\u00f3n Directa.<\/em><br \/>\n<em>11:00 \u2013 13:30: Actividades de preparaci\u00f3n de acci\u00f3n directa (Pr\u00e1ctico).<\/em><\/p>\n<p style=\"text-align: justify\"><em><strong>BLOQUE 2 \u201cAcci\u00f3n en Par\u00eds, Del 4 al 12 de diciembre\u201d<\/strong> (Tarde)<\/em><\/p>\n<p style=\"text-align: justify\"><em>16:30 &#8211; 18:\u00a0<\/em><em>Actividades de preparaci\u00f3n de acci\u00f3n directa (Pr\u00e1ctico).<br \/>\n<\/em><em>18:00 -19:30: Seguridad y salud en la acci\u00f3n.<\/em><\/p>\n<p style=\"text-align: justify\"><em>Lugar: <strong>Ecolectivo<\/strong>, Cami\u00f1o do Monte da Serra, 38, Vigo<\/em><br \/>\n<em>Inscripci\u00f3n: Gratu\u00edta<\/em><br \/>\n<em>Contacto: ecoar@<span class=\"skimlinks-unlinked\">ecoarglobal.org<\/span><\/em><br \/>\n<em>Web: <a href=\"http:\/\/clima21.ecoarglobal.org\/\">http:\/\/clima21.ecoarglobal.org\/<\/a><\/em><br \/>\n<em><a href=\"http:\/\/ecoarglobal.org\/\">http:\/\/ecoarglobal.org\/<\/a><\/em><\/p>\n<p style=\"text-align: justify\"><em>\u00abSI NO HACEMOS NADA, NADIE LO HAR\u00c1 EN NUESTRO LUGAR\u00bb<br \/>\n<\/em><em>DEMOCRACIA\u00a0FRENTE A\u00a0\u201cLOS MERCADOS\u201d<\/em><br \/>\n<em>MOVILIZAR + CONVERGER + CONSTRU\u00cdR<\/em><br \/>\n<em>PIENSA \u2013 ACT\u00daA \u2013 ORGAN\u00cdZATE<\/em><\/p>\n<p style=\"text-align: justify\"><a href=\"https:\/\/vozcomoarma.noblogs.org\/files\/2015\/11\/clima.jpg\"><img loading=\"lazy\" decoding=\"async\" class=\"aligncenter wp-image-9334 size-full\" src=\"https:\/\/vozcomoarma.noblogs.org\/files\/2015\/11\/clima.jpg\" alt=\"clima\" width=\"960\" height=\"355\" srcset=\"https:\/\/vozcomoarma.noblogs.org\/files\/2015\/11\/clima.jpg 960w, https:\/\/vozcomoarma.noblogs.org\/files\/2015\/11\/clima-300x111.jpg 300w\" sizes=\"auto, (max-width: 960px) 100vw, 960px\" \/><\/a><\/p>\n","protected":false},"excerpt":{"rendered":"<p>El pr\u00f3ximo s\u00e1bado en el Espazo Ecolectivo de Vigo, el colectivo Ecoar ofrece unas jornadas de preparaci\u00f3n en activismo de cara a las acciones programadas para las movilizaciones globales contra la vig\u00e9simoprimera cumbre de la Conferencia de las Partes, una &hellip; <a href=\"https:\/\/vozcomoarma.noblogs.org\/?p=9333\">Sigue leyendo <span class=\"meta-nav\">&rarr;<\/span><\/a><\/p>\n","protected":false},"author":7045,"featured_media":0,"comment_status":"closed","ping_status":"open","sticky":false,"template":"","format":"standard","meta":{"footnotes":""},"categories":[59,61,9],"tags":[47,18,16,42],"class_list":["post-9333","post","type-post","status-publish","format-standard","hentry","category-convocatorias","category-noticias","category-noticias-y-comunicados","tag-anti-desarrollismo","tag-galicia","tag-guerra-social","tag-movimientos-sociales"],"_links":{"self":[{"href":"https:\/\/vozcomoarma.noblogs.org\/index.php?rest_route=\/wp\/v2\/posts\/9333","targetHints":{"allow":["GET"]}}],"collection":[{"href":"https:\/\/vozcomoarma.noblogs.org\/index.php?rest_route=\/wp\/v2\/posts"}],"about":[{"href":"https:\/\/vozcomoarma.noblogs.org\/index.php?rest_route=\/wp\/v2\/types\/post"}],"author":[{"embeddable":true,"href":"https:\/\/vozcomoarma.noblogs.org\/index.php?rest_route=\/wp\/v2\/users\/7045"}],"replies":[{"embeddable":true,"href":"https:\/\/vozcomoarma.noblogs.org\/index.php?rest_route=%2Fwp%2Fv2%2Fcomments&post=9333"}],"version-history":[{"count":2,"href":"https:\/\/vozcomoarma.noblogs.org\/index.php?rest_route=\/wp\/v2\/posts\/9333\/revisions"}],"predecessor-version":[{"id":9336,"href":"https:\/\/vozcomoarma.noblogs.org\/index.php?rest_route=\/wp\/v2\/posts\/9333\/revisions\/9336"}],"wp:attachment":[{"href":"https:\/\/vozcomoarma.noblogs.org\/index.php?rest_route=%2Fwp%2Fv2%2Fmedia&parent=9333"}],"wp:term":[{"taxonomy":"category","embeddable":true,"href":"https:\/\/vozcomoarma.noblogs.org\/index.php?rest_route=%2Fwp%2Fv2%2Fcategories&post=9333"},{"taxonomy":"post_tag","embeddable":true,"href":"https:\/\/vozcomoarma.noblogs.org\/index.php?rest_route=%2Fwp%2Fv2%2Ftags&post=9333"}],"curies":[{"name":"wp","href":"https:\/\/api.w.org\/{rel}","templated":true}]}}