{"id":9337,"date":"2015-11-11T17:13:04","date_gmt":"2015-11-11T16:13:04","guid":{"rendered":"http:\/\/vozcomoarma.noblogs.org\/?p=9337"},"modified":"2015-11-11T17:13:04","modified_gmt":"2015-11-11T16:13:04","slug":"acto-homenaje-a-galin-en-el-csoa-escarnio-e-maldizer-compostela","status":"publish","type":"post","link":"https:\/\/vozcomoarma.noblogs.org\/?p=9337","title":{"rendered":"Acto homenaje a Galin en el CSOA Esc\u00e1rnio e Maldizer (Compostela)"},"content":{"rendered":"<p style=\"text-align: justify\">Recojo de <a href=\"https:\/\/csoaescarnioemaldizer.wordpress.com\/onde-estamos\/\">Abordaxe!<\/a> esta convocatoria para un acto en homenaje a Gal\u00edn en el <a href=\"https:\/\/csoaescarnioemaldizer.wordpress.com\/onde-estamos\/\">Centro Social Okupado Autogestionado Esc\u00e1rnio e Maldizer<\/a> (C\/ Algalia de Arriba n\u00ba 11, Santiago de Compostela) el pr\u00f3ximo s\u00e1bado 14 de noviembre a las 20:00 de la tarde. A continuaci\u00f3n, sigue la presentaci\u00f3n del evento que se llevar\u00e1 a cabo, acompa\u00f1ada del cartel:<\/p>\n<p style=\"text-align: justify\">&#8212;&#8212;&#8212;&#8212;&#8212;&#8212;&#8212;&#8211;<\/p>\n<p style=\"text-align: justify\"><em><strong>Acto homenaje a <\/strong><strong>GALIN<\/strong><strong>, m\u00e1s conocido como: Su Alteza Seren\u00edsima el Pr\u00edncipe Gal\u00edn de Galicia, Marqu\u00e9s de Curuxeiras y Se\u00f1or del Ferrol Viejo,\u00a0<\/strong>ferrolano y galego universal, activista social, anarquista, fil\u00f3sofo, cantante, bi\u00f3logo, poeta, marino mercante, m\u00fasico, empresario, agitador y m\u00edtico personaje surrealista y underground, rom\u00e1ntico y p\u00edcaro nacido en Ferrol, part\u00edcipe del mayo del 68 en Par\u00eds y del activismo pol\u00edtico y la bohemia compostelana de los a\u00f1os setenta, y presente junto a su gran amigo y mentor, Agust\u00edn Garc\u00eda Calvo, en las acciones del 15-M.<\/em><\/p>\n<p style=\"text-align: justify\"><a href=\"https:\/\/vozcomoarma.noblogs.org\/files\/2015\/11\/cartel-galin-a3.jpg\"><img loading=\"lazy\" decoding=\"async\" class=\"aligncenter wp-image-9338 \" src=\"https:\/\/vozcomoarma.noblogs.org\/files\/2015\/11\/cartel-galin-a3.jpg\" alt=\"cartel-galin-a3\" width=\"364\" height=\"513\" \/><\/a><\/p>\n","protected":false},"excerpt":{"rendered":"<p>Recojo de Abordaxe! esta convocatoria para un acto en homenaje a Gal\u00edn en el Centro Social Okupado Autogestionado Esc\u00e1rnio e Maldizer (C\/ Algalia de Arriba n\u00ba 11, Santiago de Compostela) el pr\u00f3ximo s\u00e1bado 14 de noviembre a las 20:00 de &hellip; <a href=\"https:\/\/vozcomoarma.noblogs.org\/?p=9337\">Sigue leyendo <span class=\"meta-nav\">&rarr;<\/span><\/a><\/p>\n","protected":false},"author":7045,"featured_media":0,"comment_status":"closed","ping_status":"open","sticky":false,"template":"","format":"standard","meta":{"footnotes":""},"categories":[59,61,9],"tags":[18,42,24],"class_list":["post-9337","post","type-post","status-publish","format-standard","hentry","category-convocatorias","category-noticias","category-noticias-y-comunicados","tag-galicia","tag-movimientos-sociales","tag-reflexion"],"_links":{"self":[{"href":"https:\/\/vozcomoarma.noblogs.org\/index.php?rest_route=\/wp\/v2\/posts\/9337","targetHints":{"allow":["GET"]}}],"collection":[{"href":"https:\/\/vozcomoarma.noblogs.org\/index.php?rest_route=\/wp\/v2\/posts"}],"about":[{"href":"https:\/\/vozcomoarma.noblogs.org\/index.php?rest_route=\/wp\/v2\/types\/post"}],"author":[{"embeddable":true,"href":"https:\/\/vozcomoarma.noblogs.org\/index.php?rest_route=\/wp\/v2\/users\/7045"}],"replies":[{"embeddable":true,"href":"https:\/\/vozcomoarma.noblogs.org\/index.php?rest_route=%2Fwp%2Fv2%2Fcomments&post=9337"}],"version-history":[{"count":1,"href":"https:\/\/vozcomoarma.noblogs.org\/index.php?rest_route=\/wp\/v2\/posts\/9337\/revisions"}],"predecessor-version":[{"id":9339,"href":"https:\/\/vozcomoarma.noblogs.org\/index.php?rest_route=\/wp\/v2\/posts\/9337\/revisions\/9339"}],"wp:attachment":[{"href":"https:\/\/vozcomoarma.noblogs.org\/index.php?rest_route=%2Fwp%2Fv2%2Fmedia&parent=9337"}],"wp:term":[{"taxonomy":"category","embeddable":true,"href":"https:\/\/vozcomoarma.noblogs.org\/index.php?rest_route=%2Fwp%2Fv2%2Fcategories&post=9337"},{"taxonomy":"post_tag","embeddable":true,"href":"https:\/\/vozcomoarma.noblogs.org\/index.php?rest_route=%2Fwp%2Fv2%2Ftags&post=9337"}],"curies":[{"name":"wp","href":"https:\/\/api.w.org\/{rel}","templated":true}]}}